{"id":262081,"date":"2025-11-29T13:09:08","date_gmt":"2025-11-29T13:09:08","guid":{"rendered":"https:\/\/www.europesays.com\/es\/262081\/"},"modified":"2025-11-29T13:09:08","modified_gmt":"2025-11-29T13:09:08","slug":"las-raices-rusas-que-inspiraron-a-george-lucas-para-crear-al-maestro-yoda-cine-y-tv","status":"publish","type":"post","link":"https:\/\/www.europesays.com\/es\/262081\/","title":{"rendered":"Las ra\u00edces rusas que inspiraron a George Lucas para crear al maestro Yoda | Cine y TV"},"content":{"rendered":"<p>En 1975, Akira Kurosawa estrenaba Dersu Uzala, una pel\u00edcula singular en su filmograf\u00eda, la \u00fanica rodada fuera de Jap\u00f3n, en formato de 70 mm y en idioma ruso. Basada en las memorias del explorador Vladimir Arseniev, la cinta narra la amistad entre un capit\u00e1n del ej\u00e9rcito zarista y un cazador n\u00f3mada de la taiga siberiana, Dersu, cuya sabidur\u00eda y conexi\u00f3n con la naturaleza marcaron profundamente al director japon\u00e9s.<\/p>\n<p>El film, producido por los estudios Mosfilm, supuso el renacer art\u00edstico de Kurosawa tras una etapa oscura en la que incluso intent\u00f3 suicidarse. La historia, impregnada de humanismo, muestra a Dersu como un hombre humilde, intuitivo y filos\u00f3fico, capaz de leer las huellas en la nieve y de ense\u00f1ar a respetar la naturaleza como si fuera un ser vivo. \u00abEl fuego es gente fuerte\u00bb, dice en una de las escenas, revelando una cosmovisi\u00f3n que trasciende culturas.<\/p>\n<p>La pel\u00edcula fue un \u00e9xito internacional, gan\u00f3 el \u00d3scar a la mejor pel\u00edcula extranjera y consolid\u00f3 la admiraci\u00f3n de cineastas de todo el mundo. Entre ellos, George Lucas, quien ha confesado en varias ocasiones que el personaje de Dersu inspir\u00f3 la personalidad de Yoda, el maestro Jedi de Star Wars. Como Dersu, Yoda es peque\u00f1o, aparentemente fr\u00e1gil, pero dotado de una sabidur\u00eda ancestral y una visi\u00f3n espiritual que gu\u00eda a los h\u00e9roes en su camino.<\/p>\n<p>La influencia no es casual, Lucas era un gran admirador de Kurosawa y ya hab\u00eda tomado referencias del cine japon\u00e9s para construir la estructura narrativa de su saga gal\u00e1ctica. En Yoda resuenan las ense\u00f1anzas del cazador siberiano: la humildad frente a la naturaleza, la fuerza interior por encima del poder f\u00edsico y la idea de que la verdadera grandeza reside en la armon\u00eda con el mundo.<\/p>\n<p>Cincuenta a\u00f1os despu\u00e9s, Dersu Uzala sigue siendo una obra maestra que no solo salv\u00f3 la carrera de Kurosawa, sino que dej\u00f3 una huella inesperada en la cultura pop. Sin aquel cazador de la taiga, quiz\u00e1 nunca habr\u00edamos escuchado a Yoda decir: \u00abHazlo o no lo hagas, pero no lo intentes\u00bb.<\/p>\n","protected":false},"excerpt":{"rendered":"En 1975, Akira Kurosawa estrenaba Dersu Uzala, una pel\u00edcula singular en su filmograf\u00eda, la \u00fanica rodada fuera de&hellip;\n","protected":false},"author":2,"featured_media":262082,"comment_status":"","ping_status":"","sticky":false,"template":"","format":"standard","meta":{"footnotes":""},"categories":[169],"tags":[177,146,147,25,24,176,175,23],"class_list":{"0":"post-262081","1":"post","2":"type-post","3":"status-publish","4":"format-standard","5":"has-post-thumbnail","7":"category-cine","8":"tag-cine","9":"tag-entertainment","10":"tag-entretenimiento","11":"tag-es","12":"tag-espana","13":"tag-film","14":"tag-movies","15":"tag-spain"},"share_on_mastodon":{"url":"","error":""},"_links":{"self":[{"href":"https:\/\/www.europesays.com\/es\/wp-json\/wp\/v2\/posts\/262081","targetHints":{"allow":["GET"]}}],"collection":[{"href":"https:\/\/www.europesays.com\/es\/wp-json\/wp\/v2\/posts"}],"about":[{"href":"https:\/\/www.europesays.com\/es\/wp-json\/wp\/v2\/types\/post"}],"author":[{"embeddable":true,"href":"https:\/\/www.europesays.com\/es\/wp-json\/wp\/v2\/users\/2"}],"replies":[{"embeddable":true,"href":"https:\/\/www.europesays.com\/es\/wp-json\/wp\/v2\/comments?post=262081"}],"version-history":[{"count":0,"href":"https:\/\/www.europesays.com\/es\/wp-json\/wp\/v2\/posts\/262081\/revisions"}],"wp:featuredmedia":[{"embeddable":true,"href":"https:\/\/www.europesays.com\/es\/wp-json\/wp\/v2\/media\/262082"}],"wp:attachment":[{"href":"https:\/\/www.europesays.com\/es\/wp-json\/wp\/v2\/media?parent=262081"}],"wp:term":[{"taxonomy":"category","embeddable":true,"href":"https:\/\/www.europesays.com\/es\/wp-json\/wp\/v2\/categories?post=262081"},{"taxonomy":"post_tag","embeddable":true,"href":"https:\/\/www.europesays.com\/es\/wp-json\/wp\/v2\/tags?post=262081"}],"curies":[{"name":"wp","href":"https:\/\/api.w.org\/{rel}","templated":true}]}}