{"id":262084,"date":"2025-11-29T13:11:08","date_gmt":"2025-11-29T13:11:08","guid":{"rendered":"https:\/\/www.europesays.com\/es\/262084\/"},"modified":"2025-11-29T13:11:08","modified_gmt":"2025-11-29T13:11:08","slug":"madrid-destinara-864-millones-de-euros-a-vacunas-contra-neumococo-y-zoster","status":"publish","type":"post","link":"https:\/\/www.europesays.com\/es\/262084\/","title":{"rendered":"Madrid destinar\u00e1 86,4 millones de euros a vacunas contra neumococo y z\u00f3ster"},"content":{"rendered":"<p>\n                                                 La presidente de la Comunidad de Madrid, Isabel D\u00edaz Ayuso.                                            <\/p>\n<p>                                            El Consejo de Gobierno de la Comunidad de Madrid ha aprobado <strong>la adquisici\u00f3n de 790.000 dosis<\/strong> de vacunas para reforzar la protecci\u00f3n frente al <strong>herpes z\u00f3ster<\/strong> y las patolog\u00edas causadas por el <strong>neumococo. <\/strong>Una actuaci\u00f3n que cuenta con una inversi\u00f3n total de 86,4 millones de euros para los a\u00f1os 2026 y 2027.<\/p>\n<p>Del total, 80 millones de euros se destinar\u00e1n a la compra de<strong> 640.000 viales<\/strong> para hacer frente al <a href=\"https:\/\/www.redaccionmedica.com\/recursos-salud\/diccionario-enfermedades\/herpes-zoster\" title=\"Herpes z\u00f3ster\" rel=\"nofollow noopener\" target=\"_blank\">herpes z\u00f3ster,<\/a> indicadas para mayores de entre 65 y 80 a\u00f1os y para determinados grupos de riesgo. Este f\u00e1rmaco preventivo, incorporado al Calendario de Vacunaci\u00f3n para toda la vida desde 2022, previene una enfermedad cuya incidencia aumenta a partir de los 50 a\u00f1os y que <strong>puede derivar en complicaciones graves<\/strong>, como la neuralgia posherp\u00e9tica.<br \/>&#13;\n<\/p>\n<p>&#13;<br \/>\n\t<br \/>&#13;<br \/>\n\tRefuerzo de la la lucha contra el neumococo<br \/>\n<br \/>\nAsimismo, el segundo contrato aprobado por el Consejo de Gobierno permitir\u00e1 a la sanidad p\u00fablica madrile\u00f1a disponer el a\u00f1o pr\u00f3ximo de <strong>150.000 dosis de vacuna neumoc\u00f3cica <\/strong>conjugada quincevalente. Para ello, el Gobierno auton\u00f3mico programar\u00e1 un importe de 6,4 millones de euros.<\/p>\n<p>Con este suministro se aspira a <strong>cubrir al cien por cien de los menores<\/strong> para quienes est\u00e1 indicada esta inoculaci\u00f3n, especialmente los ni\u00f1os de un a\u00f1o, que reciben pautas a los dos, cuatro y 11 meses, y aquellos de hasta 18 a\u00f1os que no tengan\u00a0completado el calendario vacunal. Y es que este grupo de la poblaci\u00f3n se encuentra entre los m\u00e1s afectados por las afecciones derivadas del neumococo.\u00a0<\/p>\n<p>La inmunizaci\u00f3n frente a esta bacteria es la forma m\u00e1s efectiva de <strong>prevenir un elevado n\u00famero de patolog\u00edas<\/strong>\u00a0y sus posibles complicaciones y ha\u00a0conseguido disminuir de manera significativa <a href=\"https:\/\/www.redaccionmedica.com\/secciones\/ministerio-sanidad\/la-aemps-da-un-gran-impulso-a-nuevas-pautas-de-prescripcion-de-antibioticos-4678\" title=\"La Aemps da un gran impulso a nuevas pautas de prescripci\u00f3n de antibi\u00f3ticos\" rel=\"nofollow noopener\" target=\"_blank\">la resistencia a los antibi\u00f3ticos<\/a> que se utilizan cuando hay que tratar determinadas enfermedades.                                        <\/p>\n<p>\n                                            Las informaciones publicadas en Redacci\u00f3n M\u00e9dica contienen afirmaciones, datos y declaraciones procedentes de instituciones oficiales y profesionales sanitarios. No obstante, ante cualquier duda relacionada con su salud, consulte con su especialista sanitario correspondiente.\n                                        <\/p>\n","protected":false},"excerpt":{"rendered":"La presidente de la Comunidad de Madrid, Isabel D\u00edaz Ayuso. El Consejo de Gobierno de la Comunidad de&hellip;\n","protected":false},"author":2,"featured_media":262085,"comment_status":"","ping_status":"","sticky":false,"template":"","format":"standard","meta":{"footnotes":""},"categories":[92],"tags":[25,24,165,166,23],"class_list":{"0":"post-262084","1":"post","2":"type-post","3":"status-publish","4":"format-standard","5":"has-post-thumbnail","7":"category-salud","8":"tag-es","9":"tag-espana","10":"tag-health","11":"tag-salud","12":"tag-spain"},"share_on_mastodon":{"url":"https:\/\/pubeurope.com\/@es\/115633159152013944","error":""},"_links":{"self":[{"href":"https:\/\/www.europesays.com\/es\/wp-json\/wp\/v2\/posts\/262084","targetHints":{"allow":["GET"]}}],"collection":[{"href":"https:\/\/www.europesays.com\/es\/wp-json\/wp\/v2\/posts"}],"about":[{"href":"https:\/\/www.europesays.com\/es\/wp-json\/wp\/v2\/types\/post"}],"author":[{"embeddable":true,"href":"https:\/\/www.europesays.com\/es\/wp-json\/wp\/v2\/users\/2"}],"replies":[{"embeddable":true,"href":"https:\/\/www.europesays.com\/es\/wp-json\/wp\/v2\/comments?post=262084"}],"version-history":[{"count":0,"href":"https:\/\/www.europesays.com\/es\/wp-json\/wp\/v2\/posts\/262084\/revisions"}],"wp:featuredmedia":[{"embeddable":true,"href":"https:\/\/www.europesays.com\/es\/wp-json\/wp\/v2\/media\/262085"}],"wp:attachment":[{"href":"https:\/\/www.europesays.com\/es\/wp-json\/wp\/v2\/media?parent=262084"}],"wp:term":[{"taxonomy":"category","embeddable":true,"href":"https:\/\/www.europesays.com\/es\/wp-json\/wp\/v2\/categories?post=262084"},{"taxonomy":"post_tag","embeddable":true,"href":"https:\/\/www.europesays.com\/es\/wp-json\/wp\/v2\/tags?post=262084"}],"curies":[{"name":"wp","href":"https:\/\/api.w.org\/{rel}","templated":true}]}}