{"id":262086,"date":"2025-11-29T13:12:13","date_gmt":"2025-11-29T13:12:13","guid":{"rendered":"https:\/\/www.europesays.com\/es\/262086\/"},"modified":"2025-11-29T13:12:13","modified_gmt":"2025-11-29T13:12:13","slug":"la-tiara-cartier-y-sus-secretos-al-descubierto","status":"publish","type":"post","link":"https:\/\/www.europesays.com\/es\/262086\/","title":{"rendered":"la tiara Cartier y sus secretos, al descubierto"},"content":{"rendered":"\n<p> <strong>Do\u00f1a Letizi<\/strong>a volvi\u00f3 a deslumbrar la noche de este mi\u00e9rcoles con <strong>la tiara Cartier <\/strong>durante la cena de gala ofrecida en honor al presidente de Alemania, Frank-Walter Steinmeier, y su esposa, Elke B\u00fcdenbender. Para el banquete de Estado en el Palacio Real, <a href=\"https:\/\/www.vanitatis.elconfidencial.com\/casas-reales\/2025-11-26\/letizia-reina-tiara-cartier-elegante-vestudo-negro_4255530\/\" target=\"_self\" rel=\"nofollow noopener\">la Reina recuper\u00f3 tras siete a\u00f1os esta joya<\/a>, una de las m\u00e1s emblem\u00e1ticas de la Corona espa\u00f1ola. Tras esta aparici\u00f3n han salido a la luz dos importantes detalles: <strong>el primero es que la tiara ha sido restaurada, y el segundo, y m\u00e1s importante, es que se ha desvelado el origen real de esta pieza. <\/strong> <\/p>\n<p> De ambas pesquisas se ha encargado David Rato, experto en joyer\u00eda y responsable de la cuenta de Instagram &#8216;Spanish Royals Jewels&#8217;. Seg\u00fan cuenta a Vanitatis, <strong>\u00abla tiara ha pasado claramente por un taller<\/strong>: se aprecia m\u00e1s limpia y luminosa. La base de terciopelo ha sido sustituida por otra m\u00e1s acorde al tono de cabello de la Reina. Adem\u00e1s, da la impresi\u00f3n de que la estructura ha sido ajustada, quiz\u00e1s afinando la curvatura o modificando ligeramente el soporte interno, para que se adapte mejor a su cabeza y caiga de forma m\u00e1s natural\u00bb, <\/p>\n<p>               La tiara Cartier en 2018 con su anterior base. (Gtres)             <\/p>\n<p> Rato a\u00f1ade: \u201cTras estos ajustes, <strong>solo podemos esperar que la tiara vuelva a los salones de Palacio con m\u00e1s frecuencia<\/strong>. Ser\u00eda maravilloso que recuperara tambi\u00e9n la versatilidad original, aquella que permit\u00eda sustituir las ocho perlas centrales por piedras de color, abriendo un abanico de combinaciones sorprendente\u201d. <\/p>\n<p> La historia de la tiara Cartier es un rompecabezas fascinante que empez\u00f3 con <strong>dos diademas muy distintas pertenecientes a Victoria Eugen<\/strong>ia. Durante a\u00f1os se desconoc\u00eda exactamente c\u00f3mo hab\u00eda nacido la pieza, hasta que David Rato ha aclarado el proceso esta misma semana: la actual tiara procede de <strong>la uni\u00f3n de dos joyas que la reina rEna ecibi\u00f3 como regalos de boda en 1906.<\/strong> <\/p>\n<p>               La tiara Cartier con la nueva base. (Limited Pictures)             <\/p>\n<p> <strong>Una de ellas, apodada \u201cla de Barcelona\u201d, fue obra del taller Masriera.<\/strong> Era un ejemplo del modernismo catal\u00e1n: diamantes, perlas, esmaltes y un dise\u00f1o cargado de referencias her\u00e1ldicas que le entreg\u00f3 un grupo de nobles catalanes. <strong>La otra era una pieza de inspiraci\u00f3n Luis XVI,<\/strong> mucho m\u00e1s cl\u00e1sica: un entramado de lazos, hojas y ramas realizado en diamantes y coronado por ocho perlas, elaborada por Ansorena a partir de joyas heredadas de la reina Mar\u00eda Cristina. <\/p>\n<p> En un inventario escrito de pu\u00f1o y letra por Victoria Eugenia en 1909 ambas aparecen claramente descritas. All\u00ed anot\u00f3 una frase reveladora, <strong>\u201ctwo made into one\u201d, que dejaba constancia de la intenci\u00f3n de fundirlas en una \u00fanica creaci\u00f3n. <\/strong>Esa nueva tiara tom\u00f3 forma en la d\u00e9cada de 1920, cuando la reina envi\u00f3 las dos piezas a Cartier para que dise\u00f1aran algo totalmente distinto. <\/p>\n<p>               La diadema Masriera. (Cortes\u00eda)             <\/p>\n<p> <strong>Cartier ide\u00f3 entonces una tiara de aire eduardiano formada por seis motivos en forma de rama,<\/strong> cada uno con una gran perla central, rematados por una s\u00e9ptima perla en la parte superior. Adem\u00e1s de su elegancia, la casa francesa introdujo una caracter\u00edstica hoy muy apreciada: la posibilidad de sustituir las perlas centrales por piedras de color. <\/p>\n<p> A comienzos de los a\u00f1os treinta, la tiara fue modificada por primera vez.<strong> Se elimin\u00f3 la perla superior y se a\u00f1adieron dos volutas adicionales a los lados, lo que equilibr\u00f3 la silueta y facilit\u00f3 la sujeci\u00f3n en la cabeza. <\/strong>No tardar\u00eda en llegar el cambio m\u00e1s impactante: <strong>la sustituci\u00f3n de todas las perlas por esmeraldas<\/strong>. De este modo, la joya pas\u00f3 a integrarse en el c\u00e9lebre conjunto de esmeraldas que Victoria Eugenia hab\u00eda heredado de su madrina, la emperatriz Eugenia de Francia. <\/p>\n<blockquote class=\"instagram-media\" data-instgrm-captioned=\"\" data-instgrm-permalink=\"https:\/\/www.instagram.com\/p\/DRksKDpjYCK\/?utm_source=ig_embed&amp;utm_campaign=loading\" data-instgrm-version=\"14\" style=\" background:#FFF; border:0; border-radius:3px; box-shadow:0 0 1px 0 rgba(0,0,0,0.5),0 1px 10px 0 rgba(0,0,0,0.15); margin: 1px; max-width:540px; min-width:326px; padding:0; width:99.375%; width:-webkit-calc(100% - 2px); width:calc(100% - 2px);\"\/>\n<p> La reina conserv\u00f3 aquel aderezo de esmeraldas durante la mayor parte de su exilio, aunque en 1961 se vio obligada a vender tres piezas del conjunto en una subasta en Ginebra. Para entonces, las esmeraldas de la tiara ya hab\u00edan sido reemplazadas de nuevo por perlas, recuperando su identidad m\u00e1s cl\u00e1sica. <strong>Tras la muerte de Victoria Eugenia en 1969, la diadema pas\u00f3 a manos de su hija menor, la infanta Mar\u00eda Cristina<\/strong>. Sin intenci\u00f3n de quedarse con una joya de ese calibre, decidi\u00f3, antes de subastarla, ofrec\u00e9rsela a su sobrino, el pr\u00edncipe Juan Carlos. \u00c9l acept\u00f3, garantizando que la pieza regresara al joyero real. <\/p>\n<p>               Victoria Eugenia con la tiara Cartier con esmeraldas. (Cortes\u00eda)             <\/p>\n<p> La reina Sof\u00eda la estren\u00f3 en 1987 durante un viaje oficial a Tailandia y Nepal y, desde entonces, la convirti\u00f3 en una de las tiaras m\u00e1s emblem\u00e1ticas de su etapa como consorte. En 2018, fue do\u00f1a Letizia quien la recuper\u00f3 para una cena de gala en honor del presidente de Portugal. <strong>Tras la reciente puesta a punto y los retoques realizados, todo indica que volver\u00e1 a convertirse en una de sus opciones favoritas para las grandes ocasiones.<\/strong> <\/p>\n<p> <strong>Do\u00f1a Letizi<\/strong>a volvi\u00f3 a deslumbrar la noche de este mi\u00e9rcoles con <strong>la tiara Cartier <\/strong>durante la cena de gala ofrecida en honor al presidente de Alemania, Frank-Walter Steinmeier, y su esposa, Elke B\u00fcdenbender. Para el banquete de Estado en el Palacio Real, <a href=\"https:\/\/www.vanitatis.elconfidencial.com\/casas-reales\/2025-11-26\/letizia-reina-tiara-cartier-elegante-vestudo-negro_4255530\/\" target=\"_self\" rel=\"nofollow noopener\">la Reina recuper\u00f3 tras siete a\u00f1os esta joya<\/a>, una de las m\u00e1s emblem\u00e1ticas de la Corona espa\u00f1ola. Tras esta aparici\u00f3n han salido a la luz dos importantes detalles: <strong>el primero es que la tiara ha sido restaurada, y el segundo, y m\u00e1s importante, es que se ha desvelado el origen real de esta pieza. <\/strong> <\/p>\n<p>              <script async src=\"\/\/www.instagram.com\/embed.js\"><\/script><\/p>\n","protected":false},"excerpt":{"rendered":"Do\u00f1a Letizia volvi\u00f3 a deslumbrar la noche de este mi\u00e9rcoles con la tiara Cartier durante la cena de&hellip;\n","protected":false},"author":2,"featured_media":262087,"comment_status":"","ping_status":"","sticky":false,"template":"","format":"standard","meta":{"footnotes":""},"categories":[91],"tags":[146,147,25,24,23],"class_list":{"0":"post-262086","1":"post","2":"type-post","3":"status-publish","4":"format-standard","5":"has-post-thumbnail","7":"category-entretenimiento","8":"tag-entertainment","9":"tag-entretenimiento","10":"tag-es","11":"tag-espana","12":"tag-spain"},"share_on_mastodon":{"url":"https:\/\/pubeurope.com\/@es\/115633163140206594","error":""},"_links":{"self":[{"href":"https:\/\/www.europesays.com\/es\/wp-json\/wp\/v2\/posts\/262086","targetHints":{"allow":["GET"]}}],"collection":[{"href":"https:\/\/www.europesays.com\/es\/wp-json\/wp\/v2\/posts"}],"about":[{"href":"https:\/\/www.europesays.com\/es\/wp-json\/wp\/v2\/types\/post"}],"author":[{"embeddable":true,"href":"https:\/\/www.europesays.com\/es\/wp-json\/wp\/v2\/users\/2"}],"replies":[{"embeddable":true,"href":"https:\/\/www.europesays.com\/es\/wp-json\/wp\/v2\/comments?post=262086"}],"version-history":[{"count":0,"href":"https:\/\/www.europesays.com\/es\/wp-json\/wp\/v2\/posts\/262086\/revisions"}],"wp:featuredmedia":[{"embeddable":true,"href":"https:\/\/www.europesays.com\/es\/wp-json\/wp\/v2\/media\/262087"}],"wp:attachment":[{"href":"https:\/\/www.europesays.com\/es\/wp-json\/wp\/v2\/media?parent=262086"}],"wp:term":[{"taxonomy":"category","embeddable":true,"href":"https:\/\/www.europesays.com\/es\/wp-json\/wp\/v2\/categories?post=262086"},{"taxonomy":"post_tag","embeddable":true,"href":"https:\/\/www.europesays.com\/es\/wp-json\/wp\/v2\/tags?post=262086"}],"curies":[{"name":"wp","href":"https:\/\/api.w.org\/{rel}","templated":true}]}}