{"id":262088,"date":"2025-11-29T13:13:11","date_gmt":"2025-11-29T13:13:11","guid":{"rendered":"https:\/\/www.europesays.com\/es\/262088\/"},"modified":"2025-11-29T13:13:11","modified_gmt":"2025-11-29T13:13:11","slug":"entrada-al-segmento-premium-con-snapdragon-8-elite-y-sound-by-bose","status":"publish","type":"post","link":"https:\/\/www.europesays.com\/es\/262088\/","title":{"rendered":"Entrada al segmento premium con Snapdragon 8 Elite y Sound by Bose"},"content":{"rendered":"<p class=\"ft-text\"><strong>Poco<\/strong> ha dado el salto definitivo al segmento premium con el lanzamiento oficial de sus <strong>F8 Ultra y F8 Pro<\/strong>, con los que despliega innovaciones de vanguardia en rendimiento, fotograf\u00eda m\u00f3vil, sonido y autonom\u00eda.<\/p>\n<p class=\"ft-text\">El <strong>F8 Ultra<\/strong> se estrena con una arquitectura de doble chipset que combina el nuevo Snapdragon 8 Elite Gen 5 y el VisionBoost D8 mejorado. Esto desbloquea experiencias de alto vuelo tanto en gaming como en uso intensivo, alcanzando puntuaciones r\u00e9cord en pruebas de rendimiento y permitiendo juegos a 120 FPS, superresoluci\u00f3n de hasta 1.5K y HDR en t\u00edtulos tan exigentes como Call of Duty Mobile o Honkai Star Rail. La optimizaci\u00f3n WildBoost regula la carga inteligente de CPU y GPU, reduciendo el consumo y la emisi\u00f3n de calor, mientras que el sistema IceLoop 3D de doble canal y capa mantiene la temperatura bajo control incluso en largas sesiones de juego o grabaci\u00f3n.<\/p>\n<p>Innovaci\u00f3n ac\u00fastica: Sound by Bose<\/p>\n<p class=\"ft-text\">En cuanto a la experiencia auditiva, F8 Series incorpora la tecnolog\u00eda Sound by Bose y un sistema premium de triple altavoz con arquitectura de canal 2.1. El resultado: graves profundos, sonido cristalino y voces definidas en cualquier contenido, con perfiles de audio personalizados \u201cDynamic\u201d y \u201cBalanced\u201d para adaptar la experiencia a las preferencias del usuario. Esta alianza, seg\u00fan Poco y Bose, \u201credefine lo posible en sonido m\u00f3vil\u201d y convierte el smartphone en una aut\u00e9ntica consola de juegos y altavoz principal.<\/p>\n<p>Pantalla HyperRGB y fotograf\u00eda profesional<\/p>\n<p class=\"ft-text\">La firma inaugura su pantalla HyperRGB, con estructura completa de subp\u00edxeles y consumo un 19.5% menor que la generaci\u00f3n anterior. El material luminiscente M10 y el soporte de atenuaci\u00f3n DC aportan eficiencia y comodidad visual. La c\u00e1mara principal del F8 Ultra monta un sensor Light Fusion 950 de 50 MP con OIS, gran rango din\u00e1mico y sensibilidad elevada a la luz, acompa\u00f1ada por un teleobjetivo perisc\u00f3pico 5x y ultra gran angular, permitiendo capturas n\u00edtidas desde paisajes hasta detalles lejanos e incluyendo un modo Super Moon para la luna. La c\u00e1mara frontal inteligente de 32MP cambia a gran angular autom\u00e1ticamente para selfies grupales. Los nuevos filtros de pel\u00edcula positiva y negativa a\u00f1aden valaor a la toma, y la grabaci\u00f3n din\u00e1mica ultra clara en 1440P con EIS y HDR suavizan tanto v\u00eddeo como fotograf\u00eda nocturna.<\/p>\n<p>Autonom\u00eda y carga r\u00e1pida<\/p>\n<p class=\"ft-text\">La bater\u00eda de 6500mAh del F8 Ultra lidera en capacidad dentro de la gama. Se acompa\u00f1a de carga HyperCharge de 100W (38 minutos a carga completa) y carga inal\u00e1mbrica de 50W, con gesti\u00f3n inteligente de temperatura y velocidad. El F8 Pro, pensado para el rendimiento diario, incorpora una bater\u00eda de 6210mAh y el mismo sistema de carga r\u00e1pida, para m\u00e1s de 16 horas de uso continuo y ciclo completo de carga en 37 minutos. Para ambos modelos, la refrigeraci\u00f3n l\u00edquida IceLoop es clave para la estabilidad bajo cargas intensas.<\/p>\n<p>Dise\u00f1o y conectividad <\/p>\n<p class=\"ft-text\">El F8 Ultra combina chasis de esquinas redondeadas, aleaci\u00f3n de aluminio, biseles ultra estrechos y acabados premium como Denim Blue nanotecnol\u00f3gico y Black en fibra de vidrio. El modelo es resistente al polvo y agua IP68 y protegido por Shield Glass. El F8 Pro innova con un dise\u00f1o de vidrio fresado y acabado brillo-mate, cuerpo ligero y pantalla dorada de 6,59 pulgadas. Ambos integran conectividad eSIM, Xiaomi HyperOS 3, experiencias de IA potenciadas por Gemini Live de Google, y el sistema Xiaomi Astral Communication para mantener llamadas incluso sin red, as\u00ed como paquetes de beneficios premium que incluyen pruebas gratuitas de Spotify, YouTube Premium y Google One.<\/p>\n<p>Precios y disponibilidad<\/p>\n<p class=\"ft-text\">Poco F8 Ultra llega en versiones de 12\/256GB (829,99 \u20ac) y 16\/512GB (899,99 \u20ac), mientras que F8 Pro ofrece 12\/256GB (649,99 \u20ac) y 12\/512GB (699,99 \u20ac), con precios promocionales desde 549,99 \u20ac y 419,99 \u20ac respectivamente y <a class=\"ft-link ft-link--decoration\" href=\"https:\/\/www.mi.com\/es\/event\/poco-f8-firstsale\/\" rel=\"nofollow noopener\" target=\"_blank\">descuentos especiales hasta el 9 de diciembre<\/a>.<\/p>\n","protected":false},"excerpt":{"rendered":"Poco ha dado el salto definitivo al segmento premium con el lanzamiento oficial de sus F8 Ultra y&hellip;\n","protected":false},"author":2,"featured_media":262089,"comment_status":"","ping_status":"","sticky":false,"template":"","format":"standard","meta":{"footnotes":""},"categories":[81],"tags":[119,123,124,1639,25,24,65368,2629,13368,659,117,121,122,156,23,118,120,2766],"class_list":{"0":"post-262088","1":"post","2":"type-post","3":"status-publish","4":"format-standard","5":"has-post-thumbnail","7":"category-ciencia-y-tecnologia","8":"tag-ciencia","9":"tag-ciencia-y-tecnologia","10":"tag-cienciaytecnologia","11":"tag-digital","12":"tag-es","13":"tag-espana","14":"tag-f8","15":"tag-lanza","16":"tag-moviles","17":"tag-poco","18":"tag-science","19":"tag-science-and-technology","20":"tag-scienceandtechnology","21":"tag-serie","22":"tag-spain","23":"tag-technology","24":"tag-tecnologia","25":"tag-xiaomi"},"share_on_mastodon":{"url":"https:\/\/pubeurope.com\/@es\/115633168478106856","error":""},"_links":{"self":[{"href":"https:\/\/www.europesays.com\/es\/wp-json\/wp\/v2\/posts\/262088","targetHints":{"allow":["GET"]}}],"collection":[{"href":"https:\/\/www.europesays.com\/es\/wp-json\/wp\/v2\/posts"}],"about":[{"href":"https:\/\/www.europesays.com\/es\/wp-json\/wp\/v2\/types\/post"}],"author":[{"embeddable":true,"href":"https:\/\/www.europesays.com\/es\/wp-json\/wp\/v2\/users\/2"}],"replies":[{"embeddable":true,"href":"https:\/\/www.europesays.com\/es\/wp-json\/wp\/v2\/comments?post=262088"}],"version-history":[{"count":0,"href":"https:\/\/www.europesays.com\/es\/wp-json\/wp\/v2\/posts\/262088\/revisions"}],"wp:featuredmedia":[{"embeddable":true,"href":"https:\/\/www.europesays.com\/es\/wp-json\/wp\/v2\/media\/262089"}],"wp:attachment":[{"href":"https:\/\/www.europesays.com\/es\/wp-json\/wp\/v2\/media?parent=262088"}],"wp:term":[{"taxonomy":"category","embeddable":true,"href":"https:\/\/www.europesays.com\/es\/wp-json\/wp\/v2\/categories?post=262088"},{"taxonomy":"post_tag","embeddable":true,"href":"https:\/\/www.europesays.com\/es\/wp-json\/wp\/v2\/tags?post=262088"}],"curies":[{"name":"wp","href":"https:\/\/api.w.org\/{rel}","templated":true}]}}