{"id":262092,"date":"2025-11-29T13:15:11","date_gmt":"2025-11-29T13:15:11","guid":{"rendered":"https:\/\/www.europesays.com\/es\/262092\/"},"modified":"2025-11-29T13:15:11","modified_gmt":"2025-11-29T13:15:11","slug":"protestas-masivas-contra-la-reunion-fundacional-de-las-juventudes-de-afd-en-alemania","status":"publish","type":"post","link":"https:\/\/www.europesays.com\/es\/262092\/","title":{"rendered":"Protestas masivas contra la reuni\u00f3n fundacional de las juventudes de AfD en Alemania"},"content":{"rendered":"<p>\n         Publicado<br \/>\n            29\/11\/2025 &#8211; 11:57 CET\n            <\/p>\n<p>Durante las primeras <strong>protestas contra la fundaci\u00f3n de la nueva organizaci\u00f3n juvenil AfD<\/strong>, los manifestantes establecieron varios bloqueos en los alrededores de Giessen. Seg\u00fan la Polic\u00eda, se bloquearon \u00abmasivamente\u00bb v\u00edas de tr\u00e1fico en autopistas y carreteras federales y estatales. En la propia ciudad, un autob\u00fas bloque\u00f3 una rotonda. <strong>La Polic\u00eda habla de una \u00absituaci\u00f3n activa\u00bb con numerosas localizaciones<\/strong>.<\/p>\n<p>Mientras tanto, la alianza de campa\u00f1a \u00abResistir\u00bb inform\u00f3 de bloqueos en 16 puntos. Seg\u00fan la Polic\u00eda, en un punto <strong>lanzaron piedras a los agentes<\/strong>. Adem\u00e1s, un grupo m\u00e1s numeroso intent\u00f3 romper una barrera en la subestaci\u00f3n. Unas 300 personas marcharon por la Marburger Stra\u00dfe en direcci\u00f3n al Anlagenring con bengalas.<\/p>\n<p>Numerosas organizaciones implicadas<\/p>\n<p>La Polic\u00eda ya hab\u00eda anunciado por la ma\u00f1ana que los primeros <a href=\"https:\/\/es.euronews.com\/tag\/manifestacion\" rel=\"nofollow noopener\" target=\"_blank\">grupos de manifestantes <\/a>hab\u00edan llegado a Giessen. Se esperaba la llegada de un mayor n\u00famero de autobuses; la noche y la madrugada hab\u00edan permanecido en calma. No obstante, la Polic\u00eda amenaz\u00f3 ocasionalmente con <strong>utilizar ca\u00f1ones de agua para disolver los bloqueos<\/strong>.<\/p>\n<p><strong>Varias organizaciones locales participaron en las protestas<\/strong>. Varios cientos de personas marcharon por las calles del suroeste de la ciudad.<\/p>\n<p>Entre las pancartas visibles se encontraban las de &#8216;Omas gegen Rechts&#8217;, &#8216;Sea-Watch&#8217;, el Sindicato de Estudiantes Socialistas y el sindicato GEW. Tambi\u00e9n se exhibieron banderas palestinas. Algunos de los manifestantes se mezclaron tambi\u00e9n con personas que llevaban m\u00e1scaras.<\/p>\n<p>Suraj Mailitafi, portavoz de la alianza Resist, declar\u00f3: \u00abNo permitiremos que la pr\u00f3xima generaci\u00f3n de fascistas violentos se organice en Hessenhallen. En estos minutos, decenas de miles de personas de Giessen y de toda Alemania se interponen en su camino\u00bb.<\/p>\n<p>Tambi\u00e9n se encontraba en el lugar la diputada del Bundestag Janine Wissler (Die Linke), que hab\u00eda viajado al acto como observadora parlamentaria. La <a href=\"https:\/\/es.euronews.com\/tag\/afd\" rel=\"nofollow noopener\" target=\"_blank\">AfD <\/a>\u00abno es un partido normal\u00bb, dijo la exdiputada del Parlamento estatal. Lament\u00f3 que no se permitieran manifestaciones directamente delante de los pabellones de la feria. Hasta ahora no hab\u00eda observado ning\u00fan acto de violencia.<\/p>\n<p>\u00abB\u00e1sicamente, tengo muy claro que aqu\u00ed <strong>nos manifestamos de forma pac\u00edfica<\/strong> pero resuelta, y los bloqueos de sentadas est\u00e1n completamente bien\u00bb. Entre los manifestantes, algunos artistas repartieron caramelos el s\u00e1bado.<\/p>\n<p>Llegan los primeros congresistas<\/p>\n<p>Tambi\u00e9n han llegado a Giessen los primeros participantes en el congreso fundacional de la AfD. Fueron conducidos a las salas de exposiciones en veh\u00edculos policiales y entraron en el edificio por una entrada lateral. &#8216;Reporter HR&#8217; contaron alrededor de 200 llegadas.<\/p>\n<p>Se espera un total de <strong>unos 1.000 participantes en la reuni\u00f3n fundacional<\/strong>. Est\u00e1 previsto que pronuncien discursos los presidentes de la AfD, Alice Weidel y Tino Chrupalla, as\u00ed como el fundador del partido, Alexander Gauland.<\/p>\n<p>Los delegados deben decidir sobre el llamado estatuto de las juventudes, que regula la autoimagen del partido, su conexi\u00f3n con el partido, las estructuras internas y el futuro nombre de la organizaci\u00f3n. Tambi\u00e9n figura en el orden del d\u00eda la elecci\u00f3n de la junta ejecutiva. El logotipo de la nueva organizaci\u00f3n juvenil no se votar\u00e1 hasta m\u00e1s adelante.<\/p>\n<p>Se esperan unos 50.000 manifestantes<\/p>\n<p>Se espera que <strong>unas 50.000 personas participen en las protestas contra la AfD<\/strong> en Giessen a lo largo del d\u00eda. Se han registrado unas 30 manifestaciones, concentraciones y vigilias. Entre los organizadores se encuentran la Confederaci\u00f3n Alemana de Sindicatos, Die Linke, Attac, Jusos y Omas gegen Rechts. La Polic\u00eda estar\u00e1 presente con hasta 6.000 agentes de toda Alemania.<\/p>\n<p>Uno de los objetivos de los manifestantes es impedir la llegada de los cerca de 1.000 miembros del partido e invitados que se esperan y bloquear el acceso a las salas de exposiciones de Giessen. La alianza &#8216;Resistir&#8217; ha anunciado que bloquear\u00e1 el paso al pabell\u00f3n \u00abcodo con codo\u00bb. Este fin de semana se espera una de las mayores movilizaciones antifascistas de Alemania.<\/p>\n","protected":false},"excerpt":{"rendered":"Publicado 29\/11\/2025 &#8211; 11:57 CET Durante las primeras protestas contra la fundaci\u00f3n de la nueva organizaci\u00f3n juvenil AfD,&hellip;\n","protected":false},"author":2,"featured_media":262093,"comment_status":"","ping_status":"","sticky":false,"template":"","format":"standard","meta":{"footnotes":""},"categories":[42],"tags":[38834,65369,17,18,13,14,11,61,62,63,64,19,20,5087,9,10,15,16,2315,12,21,22,65,66,67],"class_list":{"0":"post-262092","1":"post","2":"type-post","3":"status-publish","4":"format-standard","5":"has-post-thumbnail","7":"category-internacional","8":"tag-afd","9":"tag-alternativa-para-alemania","10":"tag-breaking-news","11":"tag-breakingnews","12":"tag-featured-news","13":"tag-featurednews","14":"tag-headlines","15":"tag-internacional","16":"tag-international","17":"tag-international-news","18":"tag-internationalnews","19":"tag-latest-news","20":"tag-latestnews","21":"tag-manifestacion","22":"tag-news","23":"tag-noticias","24":"tag-noticias-destacadas","25":"tag-noticiasdestacadas","26":"tag-protestas","27":"tag-titulares","28":"tag-ultimas-noticias","29":"tag-ultimasnoticias","30":"tag-world","31":"tag-world-news","32":"tag-worldnews"},"share_on_mastodon":{"url":"","error":""},"_links":{"self":[{"href":"https:\/\/www.europesays.com\/es\/wp-json\/wp\/v2\/posts\/262092","targetHints":{"allow":["GET"]}}],"collection":[{"href":"https:\/\/www.europesays.com\/es\/wp-json\/wp\/v2\/posts"}],"about":[{"href":"https:\/\/www.europesays.com\/es\/wp-json\/wp\/v2\/types\/post"}],"author":[{"embeddable":true,"href":"https:\/\/www.europesays.com\/es\/wp-json\/wp\/v2\/users\/2"}],"replies":[{"embeddable":true,"href":"https:\/\/www.europesays.com\/es\/wp-json\/wp\/v2\/comments?post=262092"}],"version-history":[{"count":0,"href":"https:\/\/www.europesays.com\/es\/wp-json\/wp\/v2\/posts\/262092\/revisions"}],"wp:featuredmedia":[{"embeddable":true,"href":"https:\/\/www.europesays.com\/es\/wp-json\/wp\/v2\/media\/262093"}],"wp:attachment":[{"href":"https:\/\/www.europesays.com\/es\/wp-json\/wp\/v2\/media?parent=262092"}],"wp:term":[{"taxonomy":"category","embeddable":true,"href":"https:\/\/www.europesays.com\/es\/wp-json\/wp\/v2\/categories?post=262092"},{"taxonomy":"post_tag","embeddable":true,"href":"https:\/\/www.europesays.com\/es\/wp-json\/wp\/v2\/tags?post=262092"}],"curies":[{"name":"wp","href":"https:\/\/api.w.org\/{rel}","templated":true}]}}