{"id":262094,"date":"2025-11-29T13:16:11","date_gmt":"2025-11-29T13:16:11","guid":{"rendered":"https:\/\/www.europesays.com\/es\/262094\/"},"modified":"2025-11-29T13:16:11","modified_gmt":"2025-11-29T13:16:11","slug":"no-debe-pedir-ayuda-a-los-empresarios-sino-perdon","status":"publish","type":"post","link":"https:\/\/www.europesays.com\/es\/262094\/","title":{"rendered":"\u00abNo debe pedir ayuda a los empresarios, sino perd\u00f3n\u00bb"},"content":{"rendered":"<p style=\"\">El secretario general de Junts, <strong>Jordi Turull<\/strong>, ha contestado este s\u00e1bado al l\u00edder del Partido Popular, Alberto N\u00fa\u00f1ez Feij\u00f3o, que ayer <a href=\"https:\/\/www.abc.es\/espana\/cataluna\/feijoo-pide-ayuda-empresarios-catalanes-junts-erc-20251128135329-nt.html\" target=\"_self\" data-voc-vtm-id=\"in-text-traffic\" title=\"pidi\u00f3 la ayuda del empresariado\" data-mrf-link=\"www.abc.es\" rel=\"nofollow noopener\">pidi\u00f3 la ayuda del empresariado<\/a> catal\u00e1n por conseguir los votos de la formaci\u00f3n de Puigdemont e impulsar as\u00ed una moci\u00f3n de censura  &#8230; contra el actual presidente del Gobierno, Pedro S\u00e1nchez. \u00ab<strong>No debe pedir ayuda a los empresarios, sino perd\u00f3n<\/strong>, por haber invitado a tantos de ellos a a marcharse de Catalu\u00f1a y no haber pedido que vuelvan\u00bb.<\/p>\n<p class=\"voc-p\" style=\"\">As\u00ed lo ha indicado Turull durante su intervenci\u00f3n en el Consell Nacional de su partido, al afear que el presidente del PP tuviese ayer la \u00abosad\u00eda\u00bb de acudir  a un acto en el Foment del Treball para pedir ayuda a los empresarios catalanes y conseguir los votos de Junts para expulsar a los socialistas del Ejecutivo. En la misma l\u00ednea, el secretario general del partido ha reclamado que <strong>Feij\u00f3o se disculpe con los catalanes<\/strong> por su \u00abmoci\u00f3n de censura preventiva a [Xavier] Trias pactando con [Jaume] Collboni y hacer que los socialistas manden en Barcelona\u00bb, y por \u00abtodo el boicot\u00bb que est\u00e1 haciendo a que el catal\u00e1n \u00abpueda ser una lengua oficial en Europa\u00bb.<\/p>\n<p class=\"voc-p\" style=\"\">Tambi\u00e9n le ha instado a pedir \u00abperd\u00f3n\u00bb a los catalanes por \u00abtodo lo que hicieron desde las cloacas del Estado para matar civil y pol\u00edticamente a tantos l\u00edderes catalanes\u00bb. \u00abPor tanto, que no pida ayuda a los empresarios, sino que les pida perd\u00f3n tambi\u00e9n por su maltrato sist\u00e9mico a\u00f1o tras a\u00f1os mientras han tenido responsabilidad de Gobierno\u00bb, ha a\u00f1adido. <\/p>\n<p class=\"voc-p\" style=\"\">Al mismo tiempo, record\u00f3 que hace ya m\u00e1s de un mes que la militancia de Junts aval\u00f3 de manera \u00abclara y contundente\u00bb la decisi\u00f3n de la direcci\u00f3n nacional del partido de, \u00abdespu\u00e9s de diversos avisos al PSOE\u00bb, dar por \u00abfinalizado\u00bb el acuerdo de Bruselas, ya que los socialistas no se lo tomaron de manera \u00abseria\u00bb. En este sentido, ha precisado que tras esta decisi\u00f3n tomada por Junts, Espa\u00f1a cuenta con un Gobierno \u00absin mayor\u00eda\u00bb parlamentaria, con \u00ababsoluta fragilidad\u00bb y \u00ababsolutamente enfangado con temas judiciales\u00bb, unos temas que cuentan \u00abcon muchas dosis de &#8216;lawfare&#8217;, de ese &#8216;lawfare&#8217; que negaban cuando nos lo aplicaban a los independentistas\u00bb.<\/p>\n<p class=\"voc-p\" style=\"\">Durante su intervenci\u00f3n tambi\u00e9n ha valorado el dictamen del abogado general del Tribunal de Justicia de la Uni\u00f3n Europea (TJUE) que avala la ley de Amnist\u00eda. Para Junts es \u00abun peque\u00f1o paso procesal jur\u00eddico\u00bb, pero \u00abun gran paso\u00bb para el posible <strong>retorno de Carles Puigdemont<\/strong>. Su vuelta, ha indicado, marcar\u00e1 \u00abun antes y un despu\u00e9s en el tablero pol\u00edtico actual\u00bb y ejercer\u00e1 \u00abmucha influencia sobre todas aquellas expectativas que algunos ya ponen para intentar acabar de hundirnos\u00bb. Adem\u00e1s, ha aprovechado para hablar de las encuestas, como la \u00faltima del &#8216;CIS catal\u00e1n&#8217;, que pronistica que su partido y <a href=\"https:\/\/www.abc.es\/espana\/cataluna\/alianca-dispara-empataria-junts-parlament-diputados-20251124111943-nt.html\" target=\"_self\" data-voc-vtm-id=\"in-text-traffic\" title=\"Alian\u00e7a Catalana empatar\u00edan en 20 esca\u00f1os\" data-mrf-link=\"www.abc.es\" rel=\"nofollow noopener\">Alian\u00e7a Catalana empatar\u00edan en 20 esca\u00f1os<\/a>.<\/p>\n<p class=\"voc-p\" style=\"\">Sobre la formaci\u00f3n que lidera S\u00edlvia Orriols, Turull ha criticado la aparici\u00f3n de un \u00abnuevo actor pol\u00edtico que crece a partir del populismo m\u00e1s descarnado, alimentado el miedo y el perjuicio\u00bb y que ofrece \u00absoluciones f\u00e1ciles a problemas profundos y proyectos de sombras donde tendr\u00eda que aportar luz\u00bb. <\/p>\n","protected":false},"excerpt":{"rendered":"El secretario general de Junts, Jordi Turull, ha contestado este s\u00e1bado al l\u00edder del Partido Popular, Alberto N\u00fa\u00f1ez&hellip;\n","protected":false},"author":2,"featured_media":262095,"comment_status":"","ping_status":"","sticky":false,"template":"","format":"standard","meta":{"footnotes":""},"categories":[8],"tags":[3229,17,18,3374,17505,25,24,13,14,9860,11,5216,19,20,1351,9,10,15,16,5821,34888,13920,23,12,21,22],"class_list":{"0":"post-262094","1":"post","2":"type-post","3":"status-publish","4":"format-standard","5":"has-post-thumbnail","7":"category-espana","8":"tag-ayuda","9":"tag-breaking-news","10":"tag-breakingnews","11":"tag-censura","12":"tag-empresarios","13":"tag-es","14":"tag-espana","15":"tag-featured-news","16":"tag-featurednews","17":"tag-feijoo","18":"tag-headlines","19":"tag-junts","20":"tag-latest-news","21":"tag-latestnews","22":"tag-mocion","23":"tag-news","24":"tag-noticias","25":"tag-noticias-destacadas","26":"tag-noticiasdestacadas","27":"tag-perdon","28":"tag-pida","29":"tag-replica","30":"tag-spain","31":"tag-titulares","32":"tag-ultimas-noticias","33":"tag-ultimasnoticias"},"share_on_mastodon":{"url":"https:\/\/pubeurope.com\/@es\/115633178875684651","error":""},"_links":{"self":[{"href":"https:\/\/www.europesays.com\/es\/wp-json\/wp\/v2\/posts\/262094","targetHints":{"allow":["GET"]}}],"collection":[{"href":"https:\/\/www.europesays.com\/es\/wp-json\/wp\/v2\/posts"}],"about":[{"href":"https:\/\/www.europesays.com\/es\/wp-json\/wp\/v2\/types\/post"}],"author":[{"embeddable":true,"href":"https:\/\/www.europesays.com\/es\/wp-json\/wp\/v2\/users\/2"}],"replies":[{"embeddable":true,"href":"https:\/\/www.europesays.com\/es\/wp-json\/wp\/v2\/comments?post=262094"}],"version-history":[{"count":0,"href":"https:\/\/www.europesays.com\/es\/wp-json\/wp\/v2\/posts\/262094\/revisions"}],"wp:featuredmedia":[{"embeddable":true,"href":"https:\/\/www.europesays.com\/es\/wp-json\/wp\/v2\/media\/262095"}],"wp:attachment":[{"href":"https:\/\/www.europesays.com\/es\/wp-json\/wp\/v2\/media?parent=262094"}],"wp:term":[{"taxonomy":"category","embeddable":true,"href":"https:\/\/www.europesays.com\/es\/wp-json\/wp\/v2\/categories?post=262094"},{"taxonomy":"post_tag","embeddable":true,"href":"https:\/\/www.europesays.com\/es\/wp-json\/wp\/v2\/tags?post=262094"}],"curies":[{"name":"wp","href":"https:\/\/api.w.org\/{rel}","templated":true}]}}