{"id":2621,"date":"2025-07-25T16:39:08","date_gmt":"2025-07-25T16:39:08","guid":{"rendered":"https:\/\/www.europesays.com\/es\/2621\/"},"modified":"2025-07-25T16:39:08","modified_gmt":"2025-07-25T16:39:08","slug":"juana-rivas-entrega-a-su-hijo-menor-por-orden-judicial-al-padre-a-pesar-del-rechazo-del-nino","status":"publish","type":"post","link":"https:\/\/www.europesays.com\/es\/2621\/","title":{"rendered":"Juana Rivas entrega a su hijo menor por orden judicial al padre a pesar del rechazo del ni\u00f1o"},"content":{"rendered":"<p>  Por&amp;nbsp<a href=\"https:\/\/es.euronews.com\/perfiles\/3232\" rel=\"nofollow noopener\" target=\"_blank\">Cristian Caraballo<\/a>&amp;nbsp&amp;&amp;nbsp<b>Euronews en espa\u00f1ol<\/b><\/p>\n<p>\n                    Publicado                 25\/07\/2025 &#8211; 17:22 CEST<br \/>\n                \u2022Ultima actualizaci\u00f3n<br \/>\n                                     18:17\n                                        <\/p>\n<p>            <img decoding=\"async\" class=\"c-ad__placeholder__logo\" src=\"https:\/\/static.euronews.com\/website\/images\/logos\/logo-euronews-grey-6-180x22.svg\" width=\"180\" height=\"22\" alt=\"\" loading=\"lazy\"\/><br \/>\n            PUBLICIDAD<\/p>\n<p>Este viernes, <a href=\"https:\/\/es.euronews.com\/2025\/07\/11\/italia-y-espana-ordenan-a-juana-rivas-entregar-a-su-hijo-menor-al-padre\" rel=\"nofollow noopener\" target=\"_blank\"><strong>Juana Rivas<\/strong><\/a> entreg\u00f3 finalmente a su hijo menor a su padre, Francesco Arcuri, cumpliendo una orden judicial que hab\u00eda sido ratificada d\u00edas antes. La entrega se produjo en los <strong>juzgados de Granada<\/strong> bajo un dispositivo especial para proteger la privacidad y el bienestar emocional del menor.<\/p>\n<p>El proceso ha estado marcado por una fuerte carga emocional y tensi\u00f3n medi\u00e1tica, especialmente tras el <a href=\"https:\/\/es.euronews.com\/2025\/07\/22\/juana-rivas-entrega-a-su-hijo-menor-tras-el-rechazo-del-constitucional-a-su-ultimo-recurso\" rel=\"nofollow noopener\" target=\"_blank\">intento fallido de entrega del martes anterior<\/a>, cuando <strong>el ni\u00f1o se neg\u00f3 a irse con su padre<\/strong>. Los informes psicol\u00f3gicos advirtieron de los posibles impactos emocionales que podr\u00eda tener el traslado, y tanto el equipo legal de Rivas como varios sectores pol\u00edticos pidieron mayor protecci\u00f3n. El Constitucional inadmiti\u00f3 el recurso de Rivas y confirm\u00f3 la validez de la decisi\u00f3n judicial, respaldando el procedimiento acordado entre los sistemas judiciales espa\u00f1ol e italiano.<\/p>\n<p>Paralelamente, el <strong>hermano mayor del menor<\/strong>, Gabriel Arcuri, envi\u00f3 una carta p\u00fablica en la que denuncia presiones psicol\u00f3gicas sobre su hermano y pide que se suspenda la entrega, argumentando que la seguridad y el bienestar del ni\u00f1o est\u00e1n en riesgo.<\/p>\n<p>Por otra parte, el caso est\u00e1 marcado tambi\u00e9n por un proceso judicial paralelo en Italia, donde <strong>Francesco Arcuri<\/strong> enfrenta un juicio por presuntos malos tratos hacia sus hijos, previsto para septiembre. Estas denuncias complican a\u00fan m\u00e1s la situaci\u00f3n, que sigue <strong>bajo escrutinio tanto en Espa\u00f1a como en Italia<\/strong>, mientras las autoridades y defensores de los derechos de la infancia insisten en la necesidad de proteger la voz y los intereses del menor durante todo el procedimiento.<\/p>\n<p>El caso ha generado una <strong>amplia repercusi\u00f3n medi\u00e1tica y pol\u00edtica en Espa\u00f1a<\/strong>, con diversas organizaciones sociales y pol\u00edticas expresando su preocupaci\u00f3n por el bienestar del menor y la aplicaci\u00f3n de la justicia en casos de violencia de g\u00e9nero. Adem\u00e1s, se ha se\u00f1alado la necesidad de revisar los protocolos judiciales en casos de custodia internacional, para garantizar que se priorice el inter\u00e9s superior del menor y se eviten situaciones de vulnerabilidad emocional. Mientras tanto, <strong>Rivas sigue enfrentando cargos por sustracci\u00f3n de menores<\/strong>, despu\u00e9s de que ocultase a sus hijos en 2017 para evitar entreg\u00e1rselos al padre, y su equipo legal contin\u00faa recurriendo en instancias superiores.<\/p>\n<p>Por otro lado, se ha destacado <strong>la importancia de una cooperaci\u00f3n efectiva<\/strong> entre los sistemas judiciales de diferentes pa\u00edses, en este caso entre Espa\u00f1a e Italia, para resolver disputas de custodia de manera justa y equitativa.<\/p>\n","protected":false},"excerpt":{"rendered":"Por&amp;nbspCristian Caraballo&amp;nbsp&amp;&amp;nbspEuronews en espa\u00f1ol Publicado 25\/07\/2025 &#8211; 17:22 CEST \u2022Ultima actualizaci\u00f3n 18:17 PUBLICIDAD Este viernes, Juana Rivas entreg\u00f3&hellip;\n","protected":false},"author":2,"featured_media":2622,"comment_status":"","ping_status":"","sticky":false,"template":"","format":"standard","meta":{"footnotes":""},"categories":[8],"tags":[17,18,25,24,13,14,11,628,2158,19,20,9,10,15,16,23,12,21,22,432],"class_list":{"0":"post-2621","1":"post","2":"type-post","3":"status-publish","4":"format-standard","5":"has-post-thumbnail","7":"category-espana","8":"tag-breaking-news","9":"tag-breakingnews","10":"tag-es","11":"tag-espana","12":"tag-featured-news","13":"tag-featurednews","14":"tag-headlines","15":"tag-italia","16":"tag-justicia","17":"tag-latest-news","18":"tag-latestnews","19":"tag-news","20":"tag-noticias","21":"tag-noticias-destacadas","22":"tag-noticiasdestacadas","23":"tag-spain","24":"tag-titulares","25":"tag-ultimas-noticias","26":"tag-ultimasnoticias","27":"tag-violencia"},"share_on_mastodon":{"url":"","error":""},"_links":{"self":[{"href":"https:\/\/www.europesays.com\/es\/wp-json\/wp\/v2\/posts\/2621","targetHints":{"allow":["GET"]}}],"collection":[{"href":"https:\/\/www.europesays.com\/es\/wp-json\/wp\/v2\/posts"}],"about":[{"href":"https:\/\/www.europesays.com\/es\/wp-json\/wp\/v2\/types\/post"}],"author":[{"embeddable":true,"href":"https:\/\/www.europesays.com\/es\/wp-json\/wp\/v2\/users\/2"}],"replies":[{"embeddable":true,"href":"https:\/\/www.europesays.com\/es\/wp-json\/wp\/v2\/comments?post=2621"}],"version-history":[{"count":0,"href":"https:\/\/www.europesays.com\/es\/wp-json\/wp\/v2\/posts\/2621\/revisions"}],"wp:featuredmedia":[{"embeddable":true,"href":"https:\/\/www.europesays.com\/es\/wp-json\/wp\/v2\/media\/2622"}],"wp:attachment":[{"href":"https:\/\/www.europesays.com\/es\/wp-json\/wp\/v2\/media?parent=2621"}],"wp:term":[{"taxonomy":"category","embeddable":true,"href":"https:\/\/www.europesays.com\/es\/wp-json\/wp\/v2\/categories?post=2621"},{"taxonomy":"post_tag","embeddable":true,"href":"https:\/\/www.europesays.com\/es\/wp-json\/wp\/v2\/tags?post=2621"}],"curies":[{"name":"wp","href":"https:\/\/api.w.org\/{rel}","templated":true}]}}