{"id":262100,"date":"2025-11-29T13:25:13","date_gmt":"2025-11-29T13:25:13","guid":{"rendered":"https:\/\/www.europesays.com\/es\/262100\/"},"modified":"2025-11-29T13:25:13","modified_gmt":"2025-11-29T13:25:13","slug":"que-tiene-y-cuando-volvera-a-jugar","status":"publish","type":"post","link":"https:\/\/www.europesays.com\/es\/262100\/","title":{"rendered":"qu\u00e9 tiene y cu\u00e1ndo volvera a jugar"},"content":{"rendered":"<p>Tras las pruebas realizadas al t\u00e9rmino del duelo ante Dinamarca, la ausencia de Jaime Fern\u00e1ndez ante Georgia queda confirmada.<\/p>\n<p>Jaime Fern\u00e1ndez causar\u00e1 baja en el partido que la Selecci\u00f3n Espa\u00f1ola disputar\u00e1 el domingo 30 de noviembre ante Georgia. El jugador sinti\u00f3 unas molestias durante la disputa del encuentro del jueves ante Dinamarca en Farum. De manera preventiva, se opt\u00f3 por que no participara m\u00e1s durante el mismo.<\/p>\n<p>Tras las pruebas preliminares realizadas a la finalizaci\u00f3n del partido, se decidi\u00f3 someter al jugador a una resonancia a la llegada del equipo a Tenerife. \u00c9sta ha mostrado que tiene una lesi\u00f3n muscular en el muslo derecho.<\/p>\n<p>Los rivales de Espa\u00f1a en este\u00a0<a href=\"https:\/\/www.fiba.basketball\/en\/events\/fiba-basketball-world-cup-2027-european-qualifiers\/standings\" rel=\"nofollow noopener\" target=\"_blank\">Grupo A<\/a>\u00a0son\u00a0<strong>Ucrania, Georgia y Dinamarca<\/strong>,\u00a0clasific\u00e1ndose los primeros 3 equipos del grupos para la siguiente fase. Cabe resaltar que lo importante en esta primera fase no ser\u00e1 solo lograr el pase, sino hacerlo con el m\u00e1ximo n\u00famero de triundos, ya que los resultados computar\u00e1n tambi\u00e9n de cara a la segunda ronda. Una raz\u00f3n m\u00e1s por la que el duelo de este domingo a las 19:45, jugando el conjunto de Chus Mateo como local, es de gran importancia.<\/p>\n<p>Foto: FEB<\/p>\n<p>\t\t\t\t\t\t<a href=\"https:\/\/www.gigantes.com\/tienda\/hemeroteca\/especial-40-aniversario-gigantes-del-basket-no-1-562-noviembre-2025\/\" target=\"_blank\" rel=\"noopener nofollow\"><br \/>\n\t\t\t\t\t\t\t<img decoding=\"async\" src=\"https:\/\/www.europesays.com\/es\/wp-content\/uploads\/2025\/11\/cropped-40.jpg\" alt=\"cropped-40.jpg\"\/><br \/>\n\t\t\t\t\t\t<\/a><\/p>\n<p class=\"magazine-meta\">\n\t\t\t\t\t\t\t\t\t\t\t\t\t\t\t\t\t1562<br \/>\n\t\t\t\t\t\t\t\t\t\t\t\t\t\t\t\t\t\t\t\t\t\t\t\t\t |<br \/>\n\t\t\t\t\t\t\t\t\t\t\t\t\t\t\t\t\t\t\t\t\t\t\t\t\tNoviembre 2025\n\t\t\t\t\t\t\t\t\t\t\t\t\t\t\t<\/p>\n<p class=\"magazine-description\">Testigos del baloncesto. Cumplimos 40 a\u00f1os. Una edici\u00f3n diferente, llena de curiosidades, opiniones, gui\u00f1os, historia y cari\u00f1o. Cuatro d\u00e9cadas fusionando basket y papel.<\/p>\n<p>\t\t\t\t\t<a href=\"https:\/\/www.gigantes.com\/tienda\/hemeroteca\/especial-40-aniversario-gigantes-del-basket-no-1-562-noviembre-2025\/\" class=\"btn-primary\" target=\"_blank\" rel=\"noopener nofollow\">Comprar<\/a><\/p>\n","protected":false},"excerpt":{"rendered":"Tras las pruebas realizadas al t\u00e9rmino del duelo ante Dinamarca, la ausencia de Jaime Fern\u00e1ndez ante Georgia queda&hellip;\n","protected":false},"author":2,"featured_media":262101,"comment_status":"","ping_status":"","sticky":false,"template":"","format":"standard","meta":{"footnotes":""},"categories":[269],"tags":[299,298,168,25,24,23,167],"class_list":{"0":"post-262100","1":"post","2":"type-post","3":"status-publish","4":"format-standard","5":"has-post-thumbnail","7":"category-baloncesto","8":"tag-baloncesto","9":"tag-basketball","10":"tag-deportes","11":"tag-es","12":"tag-espana","13":"tag-spain","14":"tag-sports"},"share_on_mastodon":{"url":"https:\/\/pubeurope.com\/@es\/115633214539071633","error":""},"_links":{"self":[{"href":"https:\/\/www.europesays.com\/es\/wp-json\/wp\/v2\/posts\/262100","targetHints":{"allow":["GET"]}}],"collection":[{"href":"https:\/\/www.europesays.com\/es\/wp-json\/wp\/v2\/posts"}],"about":[{"href":"https:\/\/www.europesays.com\/es\/wp-json\/wp\/v2\/types\/post"}],"author":[{"embeddable":true,"href":"https:\/\/www.europesays.com\/es\/wp-json\/wp\/v2\/users\/2"}],"replies":[{"embeddable":true,"href":"https:\/\/www.europesays.com\/es\/wp-json\/wp\/v2\/comments?post=262100"}],"version-history":[{"count":0,"href":"https:\/\/www.europesays.com\/es\/wp-json\/wp\/v2\/posts\/262100\/revisions"}],"wp:featuredmedia":[{"embeddable":true,"href":"https:\/\/www.europesays.com\/es\/wp-json\/wp\/v2\/media\/262101"}],"wp:attachment":[{"href":"https:\/\/www.europesays.com\/es\/wp-json\/wp\/v2\/media?parent=262100"}],"wp:term":[{"taxonomy":"category","embeddable":true,"href":"https:\/\/www.europesays.com\/es\/wp-json\/wp\/v2\/categories?post=262100"},{"taxonomy":"post_tag","embeddable":true,"href":"https:\/\/www.europesays.com\/es\/wp-json\/wp\/v2\/tags?post=262100"}],"curies":[{"name":"wp","href":"https:\/\/api.w.org\/{rel}","templated":true}]}}