{"id":262110,"date":"2025-11-29T13:32:34","date_gmt":"2025-11-29T13:32:34","guid":{"rendered":"https:\/\/www.europesays.com\/es\/262110\/"},"modified":"2025-11-29T13:32:34","modified_gmt":"2025-11-29T13:32:34","slug":"estoy-devastado-por-todo-lo-que-esta-ocurriendo-en-el-mundo-ahora-mismo-eso-es-lo-minimo-que-puede-decir","status":"publish","type":"post","link":"https:\/\/www.europesays.com\/es\/262110\/","title":{"rendered":"Estoy devastado por todo lo que est\u00e1 ocurriendo en el mundo ahora mismo, eso es lo m\u00ednimo que puede decir"},"content":{"rendered":"<p data-journey-content=\"true\" data-node-id=\"3\" class=\"css-6wxqfj emevuu60\">Rami Malek es uno de los actores m\u00e1s misteriosos, \u00fanicos y fascinantes de Hollywood. Con rasgos herencia de sus antepasados egipcios y una juventud concentrada en barrios de inmigraci\u00f3n latina, el californiano nos parece brit\u00e1nico desde que se inmortalizar\u00e1 como Freddie Mercury en su oscarizada interpretaci\u00f3n en <a href=\"https:\/\/www.esquire.com\/es\/actualidad\/cine\/a24399670\/bohemian-rhapsody-pelicula-queen-hechos-reales\/\" data-vars-ga-outbound-link=\"https:\/\/www.esquire.com\/es\/actualidad\/cine\/a24399670\/bohemian-rhapsody-pelicula-queen-hechos-reales\/\" data-vars-ga-ux-element=\"Hyperlink\" data-vars-ga-call-to-action=\"Bohemian Rhapsody\" data-node-id=\"3.1.0\" class=\"body-link css-1kzkd1m emevuu60\" rel=\"nofollow noopener\" target=\"_blank\">Bohemian Rhapsody<\/a>. Ahora, el actor de Mr. Robot se mete en la piel de Douglas Kelly, una figura hist\u00f3rica tan olvidada como atrayente. Hablamos nada m\u00e1s y nada menos que del psic\u00f3logo encargado de la salud mental de los altos mandos nazis en el juicio de Nuremberg. Sus ordenes eran sencillas, que no se suicidaran tal y como lo hab\u00eda hecho Hitler. Su descubrimiento, que los nazis no eran menos seres humanos que cualquier otro en dichas circunstancias, fue tan terrible que la historia lo enterr\u00f3 hasta ahora. Nuremberg est\u00e1 dirigida por James Vanderbilt, a Malek le acompa\u00f1an grandes nombres como Richard E. Grant, Michael Shannon, John Slattery, Leo Woodall y un inolvidable Russell Crowe, y llega a los cines espa\u00f1oles este 28 de noviembre.<\/p>\n<p data-journey-content=\"true\" data-node-id=\"6\" class=\"css-6wxqfj emevuu60\">Ahora que se cumplen 80 a\u00f1os de los juicios m\u00e1s importantes del mundo, y que el mal y el bien, el lado bueno de la historia, est\u00e1 cada vez m\u00e1s en cuesti\u00f3n, no se nos ocurre mejor momento para sacar a la luz esta historia. Todo a trav\u00e9s de un actor comprometido, que busca la complejidad en cada papel, el riesgo, el compromiso, la exclusi\u00f3n. Un actor siempre dado a roles oscuros que, sin embargo, luce encanto, conquista, carisma. Con ganas de dejar salir m\u00e1s ese lado luminoso entre tanto papel oscuro, pero sin olvidar que ha venido aqu\u00ed a contarnos cosas importantes, Rami Malek habla con Esquire del horror del Holocausto, del estado actual del mundo y, s\u00ed, tambi\u00e9n de su futuro como gal\u00e1n de comedias rom\u00e1nticas.<br data-node-id=\"6.1\"\/><\/p>\n<p data-journey-content=\"true\" data-node-id=\"8\" class=\"css-6wxqfj emevuu60\"><strong data-node-id=\"8.0\">\u00bfQu\u00e9 fue lo que m\u00e1s te fascin\u00f3 de su historia y de su papel en los juicios de N\u00faremberg?<br data-node-id=\"8.0.1\"\/><\/strong>Es una buena pregunta. La gente oye \u201cN\u00faremberg\u201d y cree saberlo todo, pero la pel\u00edcula les sorprende por lo mucho que desconoc\u00edan. Me pas\u00f3 con el libro: lo le\u00ed, persegu\u00ed al personaje y a la historia e hice llamadas para lograr el papel. Una persona en Gran Breta\u00f1a me dijo que era un \u201cperro que no suelta el hueso\u201d: cuando quiero algo, voy a por ello. En un momento dado el papel se me escap\u00f3: estaba rodando The Amateur, lleg\u00f3 la huelga del SAG y la producci\u00f3n quiso seguir con financiaci\u00f3n independiente fuera del sindicato. Me devast\u00f3. Llamaba para pedirles: \u201c\u00bfPod\u00e9is esperar?\u201d. Intent\u00e9 seguir adelante, pero no lo solt\u00e9 porque sab\u00eda lo importante que era. Descubr\u00ed un personaje extraordinariamente complejo: ambicioso y carism\u00e1tico. Suelo hacer papeles serios, y aqu\u00ed pod\u00eda mostrar un lado que muchos me piden ver, m\u00e1s de m\u00ed mismo en un personaje. Hay algo de m\u00ed en Douglas: muy curioso, quiz\u00e1 intuitivo; me fascina investigar a otros seres humanos. \u00bfQui\u00e9n es m\u00e1s fascinante que 21 nazis en las celdas de N\u00faremberg? Era una oportunidad para entrar en un momento donde chocan historia y moral. Es el 80\u00ba aniversario de N\u00faremberg, estaban fijando un precedente moral. Me atraen las historias de \u00e9poca que nos ayudan a entender d\u00f3nde estamos desde mis d\u00edas con The Pacific (2010); sent\u00ed la responsabilidad de honrar un momento que molde\u00f3 el mundo a trav\u00e9s de un personaje distinto a todo lo que hab\u00eda hecho: desarmante, muy encantador, adem\u00e1s de mago aficionado. Tambi\u00e9n me atrajo la relaci\u00f3n \u00fanica con quien era el segundo al mando tras Hitler, y c\u00f3mo ser\u00edan esos momentos frente a alguien con la fuerza y el m\u00e9todo \u00fanicos de trabajar de Russell (Crowe). Luego lleg\u00f3 lo de Michael (Shannon). Sab\u00eda que, cuando reuni\u00e9ramos a \u201cunos cuantos hombres buenos\u201d (hay muchas referencias a Algunos hombres buenos -Rob Reiner, 1992-) funcionar\u00eda. Al leer el guion, muy \u201cSorkin\u201d, lo devor\u00e9. Era justo la oportunidad: todo lo que busco en una pel\u00edcula.<\/p>\n<p><img draggable=\"true\" alt=\"rami malek\" title=\"rami malek\" loading=\"lazy\" width=\"3433\" height=\"4369\" decoding=\"async\" data-nimg=\"1\" style=\"color:transparent;width:100%;height:auto;\"   src=\"https:\/\/www.europesays.com\/es\/wp-content\/uploads\/2025\/11\/rami-malek-juankr-034-6924483ecc839.jpg\" class=\"css-0 e1g79fud0\"\/><\/p>\n<p>Juankr<\/p>\n<p data-journey-content=\"true\" data-node-id=\"13\" class=\"css-6wxqfj emevuu60\"><strong data-node-id=\"13.0\">Entonces, \u00bflos trucos de magia eran algo real en Kelly? Pens\u00e9 que era una licencia creativa.<br data-node-id=\"13.0.1\"\/><\/strong>S\u00ed, totalmente real. Era mago aficionado y creo que ten\u00eda un sentido del espect\u00e1culo y ganas de demostrarse. Quer\u00eda escribir un libro. Esa ambici\u00f3n le llevaba a entrar en un mundo donde intentar responder qu\u00e9 es el mal, c\u00f3mo existe y si est\u00e1 en nuestro ADN. Me fascinaba de \u00e9l no solo esa b\u00fasqueda, sino que pudiera beneficiarse de ella. Tambi\u00e9n quer\u00eda atenci\u00f3n: no te haces mago sin ese deseo. Algunos dir\u00edan lo mismo de los actores pero no ser\u00e9 yo qui\u00e9n lo haga&#8230; O s\u00ed, supongo.<\/p>\n<blockquote data-theme-key=\"pullquote\" class=\"css-1eiql25 e1pe3zr91\">\n<blockquote class=\"css-xw57yn e1pe3zr90\"><p> (Sobre Russell Crowe) \u00abDesde el primer d\u00eda me dej\u00f3 alucinado, inspirado: llevaba a\u00f1os trabajando el personaje; parec\u00eda infundido en su cuerpo. Pero pod\u00eda entrar y salir: entre tomas era un gran narrador, un aut\u00e9ntico raconteur, y eso marc\u00f3 el tono\u00bb<\/p><\/blockquote>\n<\/blockquote>\n<p data-journey-content=\"true\" data-node-id=\"16\" class=\"css-6wxqfj emevuu60\"><strong data-node-id=\"16.0\">Russell Crowe  interpreta a un Goering verdaderamente fascinante. \u00bfCrees que lo hizo demasiado bien? Porque, como a Kelly, a m\u00ed como que me cae bien su Goering en la pel\u00edcula.<br data-node-id=\"16.0.1\"\/><\/strong>Eso es lo que Douglas cuenta en el libro: llega a la ra\u00edz de lo humano y dice que no somos tan distintos. Eso es una perspectiva aterradora porque, a la gente que vea la pel\u00edcula, el n\u00famero 2 de Hitler les va a parecer encantador. James Vanderbilt, el director, quer\u00eda a alguien as\u00ed: que te generara conflicto y te atrajera, como le ocurr\u00eda a un Douglas que act\u00faa de recipiente para que el p\u00fablico tambi\u00e9n diseccione el mal a su manera. Necesitas eso para sentir lo que le ocurre al protagonista, estar confundido por la atracci\u00f3n que crea ese ser humano. Douglas permite al p\u00fablico ver el mundo y diseccionar el mal a trav\u00e9s de su propio prisma. Pocos actores podr\u00edan sostener eso. Desde el primer d\u00eda me dej\u00f3 alucinado, inspirado: llevaba a\u00f1os trabajando el personaje; parec\u00eda infundido en su cuerpo. Pero pod\u00eda entrar y salir: entre tomas era un gran narrador, un aut\u00e9ntico raconteur, y eso marc\u00f3 el tono. Dijo de m\u00ed (gran cumplido) que era \u201cencantador sin esfuerzo\u201d; yo dir\u00eda lo mismo de \u00e9l. Tiene el don de la labia, como dir\u00edan los ingleses. Goering deb\u00eda ser encantador e inteligente; al dejar la medicaci\u00f3n estaba a\u00fan m\u00e1s agudo (antes de ser encarcelado estaba fuertemente medicado). En ese cautiverio tambi\u00e9n deb\u00eda congraciarse con sus captores. Pienso en un cap\u00edtulo del libro de Ronald Kessler The Terrorist Watch: Inside the Desesperate Race to Stop the Next Attack. Saddam forja un v\u00ednculo con su investigador del FBI, George Piro, hablando, por ejemplo, de las galletas libanesas que le hac\u00eda su madre. Es dif\u00edcil no conectar con alguien cuando te muestra su humanidad pese a que haya hecho cosas brutales. Como audiencia, nos toca preguntarnos si le creemos por lo encantador y convincente que puede ser, o no.<\/p>\n<p><img draggable=\"true\" alt=\"russell crowe en nuremberg\" title=\"russell crowe en nuremberg\" loading=\"lazy\" width=\"8640\" height=\"5760\" decoding=\"async\" data-nimg=\"1\" style=\"color:transparent;width:100%;height:auto;\"   src=\"https:\/\/www.europesays.com\/es\/wp-content\/uploads\/2025\/11\/3-692447e8f22d9.jpeg\" class=\"css-0 e1g79fud0\"\/><\/p>\n<p>DeAPlaneta<\/p>\n<p data-journey-content=\"true\" data-node-id=\"19\" class=\"css-6wxqfj emevuu60\"><strong data-node-id=\"19.0\">Kelly concluye que los nazis eran gente corriente y que algo as\u00ed podr\u00eda volver a ocurrir incluso en Estados Unidos. \u00bfEst\u00e1s de acuerdo?<br data-node-id=\"19.0.1\"\/><\/strong>N\u00faremberg condensa muchas preguntas monumentales. Es la culminaci\u00f3n de los grandes dilemas que tenemos en torno a estos temas. \u00bfD\u00f3nde y cu\u00e1ndo puede ocurrir? \u00bfVolver\u00e1 a suceder? \u00bfEst\u00e1 sucediendo ya? Cuando la historia est\u00e1 mir\u00e1ndote, \u00bfapartas la mirada o act\u00faas? Me atraen las historias que me obligan a enfrentar eso \u00bfqu\u00e9 necesitamos hacer para asegurarnos de que algo as\u00ed no vuelva a ocurrir?<\/p>\n<blockquote data-theme-key=\"pullquote\" class=\"css-1eiql25 e1pe3zr91\">\n<blockquote class=\"css-xw57yn e1pe3zr90\"><p>\u00abNo tengo la respuesta sobre lo que podemos o debemos hacer, pero el silencio es complicidad. Tengo el privilegio de poder hablar a trav\u00e9s del arte y hacer que eso resuene a mi manera, soy muy selectivo, y elijo historias de gente en los m\u00e1rgenes, despose\u00edda o alienada, y sobre la destrucci\u00f3n que nace de esa alienaci\u00f3n\u00bb<\/p><\/blockquote>\n<\/blockquote>\n<p data-journey-content=\"true\" data-node-id=\"22\" class=\"css-6wxqfj emevuu60\"><strong data-node-id=\"22.0\">\u00bfY qu\u00e9 es eso que hay que hacer?<br data-node-id=\"22.0.1\"\/><\/strong>No quiero politizar demasiado esto pero, en el estreno del AFI (TCL Chinese Theatre) en Los \u00c1ngeles, al preguntar el p\u00fablico se o\u00eda \u201cest\u00e1 pasando, est\u00e1 pasando\u201d. No tengo la respuesta sobre lo que podemos o debemos hacer, pero el silencio es complicidad. Tengo el privilegio de poder hablar a trav\u00e9s del arte y hacer que eso resuene a mi manera, soy muy selectivo, y elijo historias de gente en los m\u00e1rgenes, despose\u00edda o alienada, y sobre la destrucci\u00f3n que nace de esa alienaci\u00f3n. Supongo que soy afortunado de poder llegar a la gente de esta manera que otros no pueden usar. Pero veo a gente alzar la voz en todo el mundo de una manera galvanizadora a veces, algo que puede resultar frustrante a otros. La conversaci\u00f3n se ha intensificado y ha alcanzado niveles muy elevados, incluso agresivos, pero espero que salga algo bueno de ello. Estoy devastado por todo lo que est\u00e1 ocurriendo en el mundo ahora mismo, eso es lo m\u00ednimo que puede decir.<\/p>\n<p data-journey-content=\"true\" data-node-id=\"24\" class=\"css-6wxqfj emevuu60\"><strong data-node-id=\"24.0\">En la pel\u00edcula, y en los juicios de N\u00faremberg reales, las im\u00e1genes de la liberaci\u00f3n de los campos fueron clave para poner al mundo en contra del nazismo. Hoy, con las conspiraciones de internet, las Fake News y la IA, esas im\u00e1genes ya no har\u00edan esa funci\u00f3n. \u00bfLa IA es peligrosa para condenar hechos reales?<br data-node-id=\"24.0.1\"\/><\/strong>Creo que el detalle m\u00e1s fascinante de eso es que fue la primera vez que se usaron grabaciones en una sala de juicios. Es decir, siempre hay forma de descubrir qu\u00e9 es real cuando queremos. \u00bfsabes lo que les pasa a tus ojos cuando quieres perder el foco cuando est\u00e1s mirando algo? Es muy f\u00e1cil hacerlo. Pero cuando quieres mirar fijamente la dura verdad de nuevo, puedes hacerlo f\u00e1cilmente. Creo que hacer eso es nuestra responsabilidad como seres humanos.<\/p>\n<blockquote data-theme-key=\"pullquote\" class=\"css-1eiql25 e1pe3zr91\">\n<blockquote class=\"css-xw57yn e1pe3zr90\"><p>\u00abSoy muy curioso y gravito hacia la cultura en la que crec\u00ed (la inmigrante) y hacia quienes tienen desaf\u00edos que superar. Me fascina que no caigan en el autodesprecio. Eso me inspira. Encuentran una forma de perseverar y superarlo, y eso es la quintaesencia de lo inspirador para m\u00ed\u00bb<\/p><\/blockquote>\n<\/blockquote>\n<p><img draggable=\"true\" alt=\"rami malek leo woodall en nuremberg\" title=\"Rami Malek leo woodall en Nuremberg\" loading=\"lazy\" width=\"8640\" height=\"5760\" decoding=\"async\" data-nimg=\"1\" style=\"color:transparent;width:100%;height:auto;\"   src=\"https:\/\/www.europesays.com\/es\/wp-content\/uploads\/2025\/11\/16-692447ea12e5c.jpeg\" class=\"css-0 e1g79fud0\"\/><\/p>\n<p>DeAPlaneta<\/p>\n<p data-journey-content=\"true\" data-node-id=\"28\" class=\"css-6wxqfj emevuu60\"><strong data-node-id=\"28.0\">Howard Triest (Leo Woodall), un h\u00e9roe para los estadounidenses era, sin embargo, un inmigrante reci\u00e9n llegado \u00bfC\u00f3mo tratamos esa contradicci\u00f3n con lo que est\u00e1 pasando ahora en Estados Unidos?<br data-node-id=\"28.0.1\"\/><\/strong>Obama tiene un gran documental sobre el trabajo de la gente, se llama Working: What We Do All Day. Retira capas y se centra en la gente y su vida laboral, ofreciendo una mirada de primera mano a trabajadores (a menudo de clase obrera) que luchan. Vi mucha identidad inmigrante ah\u00ed; me reson\u00f3. Soy muy curioso y gravito hacia la cultura en la que crec\u00ed (la inmigrante) y hacia quienes tienen desaf\u00edos que superar. Me fascina que no caigan en el autodesprecio. Eso me inspira. Encuentran una forma de perseverar y superarlo, y eso es la quintaesencia de lo inspirador para m\u00ed. Cuando veo que eso se les cuestiona, miro a esa comunidad y siempre pienso: Sabes qu\u00e9\u2026 lo superar\u00e1n, no importa c\u00f3mo.<br data-node-id=\"28.4\"\/><\/p>\n<p data-journey-content=\"true\" data-node-id=\"30\" class=\"css-6wxqfj emevuu60\"><strong data-node-id=\"30.0\">Dices que gravitas hacia cierto tipo de personaje digamos, oscuro. \u00bfNo te gustar\u00eda interpretar al protagonista de una comedia rom\u00e1ntica?<br data-node-id=\"30.0.1\"\/><\/strong>S\u00ed, estaba deseando decir esto en una entrevista, te doy la primicia. Muchos dicen que hago uno de mis mejores trabajos aqu\u00ed y quiz\u00e1 es porque no hab\u00edan visto este lado. Me gustar\u00eda mostrarlo porque se me encasilla como un actor muy serio, lo cual tambi\u00e9n puede existir en una rom-com. Estoy abierto al proyecto adecuado, con el director adecuado, el momento justo y con una pareja con la que crear qu\u00edmica. Tengo algunos nombres en mente y voy a ponerlo en el mundo ya; si tienes sugerencias, empecemos la conversaci\u00f3n.<\/p>\n<p><img draggable=\"true\" alt=\"rami malek en nuremberg\" title=\"Rami Malek en Nuremberg\" loading=\"lazy\" width=\"8640\" height=\"5760\" decoding=\"async\" data-nimg=\"1\" style=\"color:transparent;width:100%;height:auto;\"   src=\"https:\/\/www.europesays.com\/es\/wp-content\/uploads\/2025\/11\/7-692447e94e570.jpeg\" class=\"css-0 e1g79fud0\"\/><\/p>\n<p>DeAPlaneta<\/p>\n","protected":false},"excerpt":{"rendered":"Rami Malek es uno de los actores m\u00e1s misteriosos, \u00fanicos y fascinantes de Hollywood. Con rasgos herencia de&hellip;\n","protected":false},"author":2,"featured_media":262111,"comment_status":"","ping_status":"","sticky":false,"template":"","format":"standard","meta":{"footnotes":""},"categories":[169],"tags":[177,253,146,147,25,24,176,175,12719,23],"class_list":{"0":"post-262110","1":"post","2":"type-post","3":"status-publish","4":"format-standard","5":"has-post-thumbnail","7":"category-cine","8":"tag-cine","9":"tag-discover","10":"tag-entertainment","11":"tag-entretenimiento","12":"tag-es","13":"tag-espana","14":"tag-film","15":"tag-movies","16":"tag-print","17":"tag-spain"},"share_on_mastodon":{"url":"https:\/\/pubeurope.com\/@es\/115633242182209743","error":""},"_links":{"self":[{"href":"https:\/\/www.europesays.com\/es\/wp-json\/wp\/v2\/posts\/262110","targetHints":{"allow":["GET"]}}],"collection":[{"href":"https:\/\/www.europesays.com\/es\/wp-json\/wp\/v2\/posts"}],"about":[{"href":"https:\/\/www.europesays.com\/es\/wp-json\/wp\/v2\/types\/post"}],"author":[{"embeddable":true,"href":"https:\/\/www.europesays.com\/es\/wp-json\/wp\/v2\/users\/2"}],"replies":[{"embeddable":true,"href":"https:\/\/www.europesays.com\/es\/wp-json\/wp\/v2\/comments?post=262110"}],"version-history":[{"count":0,"href":"https:\/\/www.europesays.com\/es\/wp-json\/wp\/v2\/posts\/262110\/revisions"}],"wp:featuredmedia":[{"embeddable":true,"href":"https:\/\/www.europesays.com\/es\/wp-json\/wp\/v2\/media\/262111"}],"wp:attachment":[{"href":"https:\/\/www.europesays.com\/es\/wp-json\/wp\/v2\/media?parent=262110"}],"wp:term":[{"taxonomy":"category","embeddable":true,"href":"https:\/\/www.europesays.com\/es\/wp-json\/wp\/v2\/categories?post=262110"},{"taxonomy":"post_tag","embeddable":true,"href":"https:\/\/www.europesays.com\/es\/wp-json\/wp\/v2\/tags?post=262110"}],"curies":[{"name":"wp","href":"https:\/\/api.w.org\/{rel}","templated":true}]}}