{"id":262120,"date":"2025-11-29T13:37:17","date_gmt":"2025-11-29T13:37:17","guid":{"rendered":"https:\/\/www.europesays.com\/es\/262120\/"},"modified":"2025-11-29T13:37:17","modified_gmt":"2025-11-29T13:37:17","slug":"zara-presenta-en-barcelona-su-tienda-mas-lujosa-dentro-de-su-plan-de-transformacion","status":"publish","type":"post","link":"https:\/\/www.europesays.com\/es\/262120\/","title":{"rendered":"Zara presenta en Barcelona su tienda m\u00e1s lujosa dentro de su plan de transformaci\u00f3n"},"content":{"rendered":"<p data-gtm-element-container=\"modulo-texto-link\" class=\"paragraph\">Zara est\u00e1 inmersa en un <a href=\"https:\/\/www.lavanguardia.com\/dinero\/20250316\/10482285\/zara-ensaya-nueva-tienda-futuro.html\" rel=\"nofollow noopener\" target=\"_blank\">proceso de reposicionamiento <\/a>que ha dado un fuerte aceler\u00f3n en el \u00faltimo a\u00f1o. Uno de los ejemplos m\u00e1s recientes de esta transformaci\u00f3n es la tienda de la avenida Diagonal de Barcelona, un espacio comercial que Inditex ha renovado al completo bajo la direcci\u00f3n del arquitecto belga\u00a0Vincent Van Duysen. Tanto el dise\u00f1ador como la presidenta del gigante textil, Marta Ortega, han asistido a la reapertura del establecimiento este jueves.<\/p>\n<p data-gtm-element-container=\"modulo-texto-link\" class=\"paragraph\">Y es que no se trata de una tienda m\u00e1s dentro del extenso parque comercial de Zara, con 1.759 centros en todo el mundo a cierre del \u00faltimo ejercicio. Representa una de sus propuestas m\u00e1s lujosas y la primera entre todos su mercados pensada por Van Duysen, englobada en el plan estrat\u00e9gico de la compa\u00f1\u00eda para elevar la calidad de la ense\u00f1a, que tan buenos resultados le est\u00e1 reportando.<\/p>\n<p>                <img loading=\"lazy\" decoding=\"async\" data-full-src=\"https:\/\/www.lavanguardia.com\/uploads\/2025\/11\/27\/69287374ad883.jpeg\" alt=\"Nueva tienda de Zara en la Diagonal de Barcelona\" width=\"449\" height=\"599\" src=\"https:\/\/www.europesays.com\/es\/wp-content\/uploads\/2025\/11\/69287374ad883.jpeg\" class=\"lazy\"\/><\/p>\n<p class=\"caption-title \">Nueva tienda de Zara en la Diagonal de Barcelona<\/p>\n<p data-gtm-element-container=\"modulo-texto-link\" class=\"paragraph\">El comercio no tiene nada que ver con la imagen tradicional de Zara. A medio camino entre un museo y un hogar, expone los productos m\u00e1s premium de la marca, un segmento que en los \u00faltimos a\u00f1os ha ganado protagonismo gracias a colecciones de mayor valor y precio para distanciarse de los competidores.<\/p>\n<p data-gtm-element-container=\"modulo-texto-link\" class=\"paragraph\">La de la Diagonal de Barcelona, pues, se incluye en esta nueva generaci\u00f3n de tiendas de alta gama que el grupo fundado por Amancio Ortega est\u00e1 impulsando. Cada una de ellas, adaptada a las particularidades de la ciudad donde se ubica y de los consumidores a los que se dirige. La del centro de la capital catalana, en la frontera con la zona alta de la ciudad, difiere por completo de la de un centro comercial de las afueras. Lo mismo ocurre con la que Inditex ha abierto en Nanjing (China), con un nivel de digitalizaci\u00f3n pionero. O de la que han instalado en un edificio de Frank Gehry en Londres.<\/p>\n<p data-gtm-element-container=\"modulo-texto-link\" class=\"paragraph\">De eta manera, Zara contin\u00faa tomando distancia de sus competidores, tanto en propuesta como en resultados econ\u00f3micos. La firma (junto a Zara Home) aporta el 72% de los ingresos de su grupo matriz, con un total de 27.778 millones de euros en el 2024 y un porcentaje similar de beneficios (5.407 millones).\u00a0<\/p>\n<p>                <img loading=\"lazy\" decoding=\"async\" data-full-src=\"https:\/\/www.lavanguardia.com\/uploads\/2025\/11\/27\/6928739b839b1.jpeg\" alt=\"Nueva tienda de Zara en la Diagonal de Barcelona\" width=\"449\" height=\"337\" src=\"https:\/\/www.europesays.com\/es\/wp-content\/uploads\/2025\/11\/6928739b839b1.jpeg\" class=\"lazy\"\/><\/p>\n<p class=\"caption-title \">Nueva tienda de Zara en la Diagonal de Barcelona<\/p>\n<p data-gtm-element-container=\"modulo-texto-link\" class=\"paragraph\">El resto queda entre\u00a0Bershka,\u00a0Stradivarius,\u00a0Pull&amp;Bear,\u00a0Massimo Dutti,\u00a0Oysho. En conjunto, el grupo Inditex ingres\u00f3 38.632 millones de euros en el 2024, un\u00a07,5% m\u00e1s, y gan\u00f3 5.866 millones de euros.<\/p>\n<p data-gtm-element-container=\"modulo-texto-link\" class=\"paragraph\">Estas cifras han llevado a Inditex a liderar el Global Fashion Index 2025 de la consultora McKinsey, que clasifica a las empresas por sus beneficios econ\u00f3micos (calculados como beneficio neto menos coste de capital, economic profit ). Supera de esta manera al anterior l\u00edder, LVMH (el conglomerado de lujo que agrupa marcas como Louis Vuitton, Dior, Tiffany\u2019s o Marc Jacobs). El informe toma como referencia los resultados del 2024, ya cerrados.<\/p>\n<p>                <img loading=\"lazy\" decoding=\"async\" data-full-src=\"https:\/\/www.lavanguardia.com\/uploads\/2025\/11\/27\/692873cca28b4.jpeg\" alt=\"Nueva tienda de Zara en la Diagonal de Barcelona\" width=\"449\" height=\"337\" src=\"https:\/\/www.europesays.com\/es\/wp-content\/uploads\/2025\/11\/692873cca28b4.jpeg\" class=\"lazy\"\/><\/p>\n<p class=\"caption-title \">Nueva tienda de Zara en la Diagonal de Barcelona<\/p>\n<p data-gtm-element-container=\"modulo-texto-link\" class=\"paragraph\">En cuanto al actual ejercicio, el gigante de la distribuci\u00f3n textil <a href=\"https:\/\/www.lavanguardia.com\/dinero\/20250910\/11045021\/inditex-frena-crecimiento-ventas-suben-1-6-gana-0-8-mas.html\" rel=\"nofollow noopener\" target=\"_blank\">gan\u00f3 2.791 millones de euros en el primer semestre <\/a>(entre el 1 de febrero y el 31 de julio), un incremento de un 0,8%. La facturaci\u00f3n, por su parte, avanz\u00f3 un 1,6%, con 18.357 millones de euros.<\/p>\n","protected":false},"excerpt":{"rendered":"Zara est\u00e1 inmersa en un proceso de reposicionamiento que ha dado un fuerte aceler\u00f3n en el \u00faltimo a\u00f1o.&hellip;\n","protected":false},"author":2,"featured_media":262121,"comment_status":"","ping_status":"","sticky":false,"template":"","format":"standard","meta":{"footnotes":""},"categories":[80],"tags":[82,95,94,25,24,23],"class_list":{"0":"post-262120","1":"post","2":"type-post","3":"status-publish","4":"format-standard","5":"has-post-thumbnail","7":"category-economia","8":"tag-business","9":"tag-economia","10":"tag-economy","11":"tag-es","12":"tag-espana","13":"tag-spain"},"share_on_mastodon":{"url":"https:\/\/pubeurope.com\/@es\/115633261522686061","error":""},"_links":{"self":[{"href":"https:\/\/www.europesays.com\/es\/wp-json\/wp\/v2\/posts\/262120","targetHints":{"allow":["GET"]}}],"collection":[{"href":"https:\/\/www.europesays.com\/es\/wp-json\/wp\/v2\/posts"}],"about":[{"href":"https:\/\/www.europesays.com\/es\/wp-json\/wp\/v2\/types\/post"}],"author":[{"embeddable":true,"href":"https:\/\/www.europesays.com\/es\/wp-json\/wp\/v2\/users\/2"}],"replies":[{"embeddable":true,"href":"https:\/\/www.europesays.com\/es\/wp-json\/wp\/v2\/comments?post=262120"}],"version-history":[{"count":0,"href":"https:\/\/www.europesays.com\/es\/wp-json\/wp\/v2\/posts\/262120\/revisions"}],"wp:featuredmedia":[{"embeddable":true,"href":"https:\/\/www.europesays.com\/es\/wp-json\/wp\/v2\/media\/262121"}],"wp:attachment":[{"href":"https:\/\/www.europesays.com\/es\/wp-json\/wp\/v2\/media?parent=262120"}],"wp:term":[{"taxonomy":"category","embeddable":true,"href":"https:\/\/www.europesays.com\/es\/wp-json\/wp\/v2\/categories?post=262120"},{"taxonomy":"post_tag","embeddable":true,"href":"https:\/\/www.europesays.com\/es\/wp-json\/wp\/v2\/tags?post=262120"}],"curies":[{"name":"wp","href":"https:\/\/api.w.org\/{rel}","templated":true}]}}