{"id":262130,"date":"2025-11-29T13:48:19","date_gmt":"2025-11-29T13:48:19","guid":{"rendered":"https:\/\/www.europesays.com\/es\/262130\/"},"modified":"2025-11-29T13:48:19","modified_gmt":"2025-11-29T13:48:19","slug":"lance-terry-abandona-el-gipuzkoa-basket-tengo-que-tomar-una-decision-que-es-la-mejor-como-jugador-y-como-padre","status":"publish","type":"post","link":"https:\/\/www.europesays.com\/es\/262130\/","title":{"rendered":"Lance Terry abandona el Gipuzkoa Basket: \u00abTengo que tomar una decisi\u00f3n que es la mejor como jugador y como padre\u00bb"},"content":{"rendered":"<p class=\"v-mdl-ath__p v-mdl-ath__p--2\">\nRa\u00fal Melero\n<\/p>\n<p class=\"v-mdl-ath__p v-mdl-ath__p--3\">\nSan Sebasti\u00e1n\n<\/p>\n<p class=\"v-mdl-ath__p v-mdl-ath__p--6\">\nS\u00e1bado, 29 de noviembre 2025, 09:24<\/p>\n<p>| Actualizado 11:11h.<\/p>\n<p class=\"v-p\">Primer gran movimiento en el seno del <a href=\"https:\/\/www.diariovasco.com\/deportes\/gipuzkoa-basket\/\" title=\"www.diariovasco.com\" data-voc-vtm-id=\"in-text-traffic\" data-mrf-link=\"www.diariovasco.com\" rel=\"nofollow noopener\" target=\"_blank\">Inveready Gipuzkoa Basket<\/a>, una vez comenzada la temporada. El escolta estadounidense Lance Terry abandona el equipo por motivos personales y deja San Sebasti\u00e1n, seg\u00fan se desprende del mensaje que el escolta dej\u00f3 anoche en sus redes sociales. En las im\u00e1genes que facilit\u00f3 el club en el entrenamiento no se vio a Terry, quien deja el equipo despu\u00e9s de haber disputado ocho encuentros de liga y el de Copa disputado ante el Palmer.<\/p>\n<p class=\"v-p\">En el comunicado, <a href=\"https:\/\/www.diariovasco.com\/deportes\/gipuzkoa-basket\/lane-terry-escolta-anotador-cierra-plantilla-gipuzkoa-20250724151404-nt.html\" title=\"www.diariovasco.com\" data-voc-vtm-id=\"in-text-traffic\" data-mrf-link=\"www.diariovasco.com\" rel=\"nofollow noopener\" target=\"_blank\">Lance Terry<\/a> agradece \u00aba todo el Inveready Gipuzkoa Basket, sus entrenadores y staff la oportunidad de haber vivido mi primera experiencia a este lado del charco. Estoy agradecido por las nuevas cosas que he podido aprender y el nuevo entorno en el que he estado viviendo. Siempre recordar\u00e9 esta primera experiencia profesional y seguro que aplico cosas en mi futuro. Sin embargo soy un hombre de pocas palabras y que valora la honestidad, la familia y el respeto. Desafortunadamente tengo que tomar una decisi\u00f3n que es la mejor para mi y para mi familia como jugador y como padre, y he de volver a mi casa\u00bb.<\/p>\n<p>Su esposa, embarazada<\/p>\n<p class=\"v-p\">Este peri\u00f3dico ha podido saber que la esposa de Terry, embarazada, ha tenido alg\u00fan problema en su gestaci\u00f3n y eso ha hecho que Terry anteponga a su familia y se vuelve con ella a los Estados nidos. Felizmente parece que los problemas han sido atajados y podr\u00e1 dar a luz sin problemas. <\/p>\n<p class=\"v-p\">Los minutos de Terry en pista bajaron ostensiblemente a mediados de noviembre. Hasta ah\u00ed promediaba casi trece puntos por choque e hizo 23 en el triunfo ante el Cartagena. El escolta de Georgia dej\u00f3 adem\u00e1s varios mates para el recuerdo pero a partir de ah\u00ed llegaron los problemas de su esposa y no ha podido llevar bien el bienestar familiar con el rendimiento en la pista. De hecho tras una derrota, Sergio Garc\u00eda confes\u00f3 que \u00abhemos jugado sin americanos. Uno est\u00e1 lesionado (por McGhie) y otro no estaba preparado an\u00ednimacemente\u00bb, desliz\u00f3 por un Lance Terry afectado por la situaci\u00f3n de su esposa. <\/p>\n<p class=\"v-p\">El comunicado del jugador estadounidense de 23 a\u00f1os termina diciendo que \u00aba todos los seguidores del GBC muchas gracias por haberme acogido y me han dado consuelo a mi y a mi esposa mientras estabamos lejos de casa y estamos muy agardecidos a todos. Me he encontrado con muy buena gente y he tenido la oportinudad de hacer muy buenas relaciones con todos mis compa\u00f1eros de equipo. Quiero agradecer a todo el que ha confiado en mi durante este tiempo y espero que les vaya bien de aqu\u00ed en adelante\u00bb<\/p>\n<p class=\"v-p\">El club se ha puesto ya manos a la obra para intentar incorporar un escolta que supa la baja de Lance Terry. No es un buen momento de mercado aunque varias ligas menores han terminado y se suelen dar casos de encontrar jugadores de talento que han decidido no parar en verano y jugar tanto en Europa como en otras ligas. El siguiente choque de los guipuzcoanos ser\u00e1 de campanillas, el viernes que viene ante el Alicante (20.30 horas) equipo revelaci\u00f3n de la competici\u00f3n que solo ha perdido un partido.<\/p>\n<p>Adi\u00f3s tambi\u00e9n a Rosa<\/p>\n<p class=\"v-p\">El Gipuzkoa Basket ha hecho oficial este s\u00e1bado la marcha Lance Terry y tambi\u00e9n la de Ignacio Rosa. Ambos \u00abdejan de formar parte de nuestra plantilla\u00bb. En ambos casos, la salida de los jugadores se produce de mutuo acuerdo con el club. <\/p>\n<p class=\"v-p\">\u00abEl club quiere agradecer a ambos su trabajo, compromiso y profesionalidad durante su etapa en Gipuzkoa, y les desea el mayor de los \u00e9xitos en sus pr\u00f3ximos retos\u00bb, se\u00f1ala el club de baloncesto guipuzcoano.<\/p>\n<p>Reporta un error<\/p>\n","protected":false},"excerpt":{"rendered":"Ra\u00fal Melero San Sebasti\u00e1n S\u00e1bado, 29 de noviembre 2025, 09:24 | Actualizado 11:11h. Primer gran movimiento en el&hellip;\n","protected":false},"author":2,"featured_media":262131,"comment_status":"","ping_status":"","sticky":false,"template":"","format":"standard","meta":{"footnotes":""},"categories":[269],"tags":[2302,299,298,168,25,24,498,65373,6086,23,167],"class_list":{"0":"post-262130","1":"post","2":"type-post","3":"status-publish","4":"format-standard","5":"has-post-thumbnail","7":"category-baloncesto","8":"tag-abandona","9":"tag-baloncesto","10":"tag-basketball","11":"tag-deportes","12":"tag-es","13":"tag-espana","14":"tag-gipuzkoa-basket","15":"tag-lance-terry","16":"tag-san-sebastian","17":"tag-spain","18":"tag-sports"},"share_on_mastodon":{"url":"https:\/\/pubeurope.com\/@es\/115633304738690000","error":""},"_links":{"self":[{"href":"https:\/\/www.europesays.com\/es\/wp-json\/wp\/v2\/posts\/262130","targetHints":{"allow":["GET"]}}],"collection":[{"href":"https:\/\/www.europesays.com\/es\/wp-json\/wp\/v2\/posts"}],"about":[{"href":"https:\/\/www.europesays.com\/es\/wp-json\/wp\/v2\/types\/post"}],"author":[{"embeddable":true,"href":"https:\/\/www.europesays.com\/es\/wp-json\/wp\/v2\/users\/2"}],"replies":[{"embeddable":true,"href":"https:\/\/www.europesays.com\/es\/wp-json\/wp\/v2\/comments?post=262130"}],"version-history":[{"count":0,"href":"https:\/\/www.europesays.com\/es\/wp-json\/wp\/v2\/posts\/262130\/revisions"}],"wp:featuredmedia":[{"embeddable":true,"href":"https:\/\/www.europesays.com\/es\/wp-json\/wp\/v2\/media\/262131"}],"wp:attachment":[{"href":"https:\/\/www.europesays.com\/es\/wp-json\/wp\/v2\/media?parent=262130"}],"wp:term":[{"taxonomy":"category","embeddable":true,"href":"https:\/\/www.europesays.com\/es\/wp-json\/wp\/v2\/categories?post=262130"},{"taxonomy":"post_tag","embeddable":true,"href":"https:\/\/www.europesays.com\/es\/wp-json\/wp\/v2\/tags?post=262130"}],"curies":[{"name":"wp","href":"https:\/\/api.w.org\/{rel}","templated":true}]}}