{"id":262132,"date":"2025-11-29T13:49:08","date_gmt":"2025-11-29T13:49:08","guid":{"rendered":"https:\/\/www.europesays.com\/es\/262132\/"},"modified":"2025-11-29T13:49:08","modified_gmt":"2025-11-29T13:49:08","slug":"infantino-recibe-una-impactante-nueva-nacionalidad","status":"publish","type":"post","link":"https:\/\/www.europesays.com\/es\/262132\/","title":{"rendered":"Infantino recibe una impactante nueva nacionalidad"},"content":{"rendered":"<p data-gtm-element-container=\"modulo-texto-link\" class=\"paragraph\">El presidente \u00edtalo-suizo de la <strong>FIFA<\/strong>,<strong> Gianni Infantino<\/strong>, recibi\u00f3 la <strong>ciudadan\u00eda libanesa<\/strong> por decreto, seg\u00fan anunci\u00f3 la Asociaci\u00f3n Libanesa de F\u00fatbol (LFA) a AFP el martes. El presidente Joseph Aoun inform\u00f3 personalmente a la FIFA sobre la decisi\u00f3n, seg\u00fan el presidente de la LFA, Hashem Haidar, quien declar\u00f3 que el decreto que otorga la ciudadan\u00eda a Infantino, cuya esposa es libanesa, se emiti\u00f3 por ser una figura p\u00fablica que presta servicios al L\u00edbano.<\/p>\n<p data-gtm-element-container=\"modulo-texto-link\" class=\"paragraph\">Contactado por AFP, un funcionario del gobierno confirm\u00f3 la decisi\u00f3n, hablando bajo condici\u00f3n de anonimato. \u00abEstoy muy orgulloso y muy contento. Soy liban\u00e9s desde hace muchos a\u00f1os, as\u00ed que es bueno que lo formalicemos\u00bb, declar\u00f3 recientemente Gianni Infantino al canal de televisi\u00f3n liban\u00e9s LBCI.<\/p>\n<p data-gtm-element-container=\"modulo-texto-link\" class=\"paragraph\">El m\u00e1ximo responsable del f\u00fatbol mundial, de 55 a\u00f1os, est\u00e1 casado con una libanesa, Leena al-Ashkar, quien anteriormente trabaj\u00f3 para la Federaci\u00f3n Libanesa de F\u00fatbol (LFA).\u00a0Infantino hab\u00eda abogado por la construcci\u00f3n de un estadio de vanguardia en el pa\u00eds, que lleva varios a\u00f1os atravesando una grave crisis econ\u00f3mica. \u00abEstamos estudiando la posibilidad de construir un estadio completamente nuevo (&#8230;) con una capacidad de 20.000 a 30.000 asientos\u00bb, dijo.\u00a0<\/p>\n<p>    Lee tambi\u00e9n<\/p>\n<p data-gtm-element-container=\"modulo-texto-link\" class=\"paragraph\">\u00abEl L\u00edbano necesita un s\u00edmbolo del deporte y el f\u00fatbol que demuestre su compromiso de avanzar en un entorno moderno, especialmente para la juventud del pa\u00eds\u00bb. Seg\u00fan el presidente de la LFA, Gianni Infantino se ha comprometido a cubrir todos los costos de construcci\u00f3n de este nuevo estadio. \u00abNecesitamos adquirir el terreno (para su construcci\u00f3n) y la FIFA se encargar\u00e1 del resto\u00bb, explic\u00f3 Hashem Haidar, quien afirm\u00f3 que el nuevo estadio se construir\u00e1 en Beirut.<\/p>\n","protected":false},"excerpt":{"rendered":"El presidente \u00edtalo-suizo de la FIFA, Gianni Infantino, recibi\u00f3 la ciudadan\u00eda libanesa por decreto, seg\u00fan anunci\u00f3 la Asociaci\u00f3n&hellip;\n","protected":false},"author":2,"featured_media":262133,"comment_status":"","ping_status":"","sticky":false,"template":"","format":"standard","meta":{"footnotes":""},"categories":[268],"tags":[168,25,24,280,282,281,23,167],"class_list":{"0":"post-262132","1":"post","2":"type-post","3":"status-publish","4":"format-standard","5":"has-post-thumbnail","7":"category-futbol","8":"tag-deportes","9":"tag-es","10":"tag-espana","11":"tag-football","12":"tag-futbol","13":"tag-soccer","14":"tag-spain","15":"tag-sports"},"share_on_mastodon":{"url":"https:\/\/pubeurope.com\/@es\/115633308657802888","error":""},"_links":{"self":[{"href":"https:\/\/www.europesays.com\/es\/wp-json\/wp\/v2\/posts\/262132","targetHints":{"allow":["GET"]}}],"collection":[{"href":"https:\/\/www.europesays.com\/es\/wp-json\/wp\/v2\/posts"}],"about":[{"href":"https:\/\/www.europesays.com\/es\/wp-json\/wp\/v2\/types\/post"}],"author":[{"embeddable":true,"href":"https:\/\/www.europesays.com\/es\/wp-json\/wp\/v2\/users\/2"}],"replies":[{"embeddable":true,"href":"https:\/\/www.europesays.com\/es\/wp-json\/wp\/v2\/comments?post=262132"}],"version-history":[{"count":0,"href":"https:\/\/www.europesays.com\/es\/wp-json\/wp\/v2\/posts\/262132\/revisions"}],"wp:featuredmedia":[{"embeddable":true,"href":"https:\/\/www.europesays.com\/es\/wp-json\/wp\/v2\/media\/262133"}],"wp:attachment":[{"href":"https:\/\/www.europesays.com\/es\/wp-json\/wp\/v2\/media?parent=262132"}],"wp:term":[{"taxonomy":"category","embeddable":true,"href":"https:\/\/www.europesays.com\/es\/wp-json\/wp\/v2\/categories?post=262132"},{"taxonomy":"post_tag","embeddable":true,"href":"https:\/\/www.europesays.com\/es\/wp-json\/wp\/v2\/tags?post=262132"}],"curies":[{"name":"wp","href":"https:\/\/api.w.org\/{rel}","templated":true}]}}