{"id":26214,"date":"2025-08-05T01:21:11","date_gmt":"2025-08-05T01:21:11","guid":{"rendered":"https:\/\/www.europesays.com\/es\/26214\/"},"modified":"2025-08-05T01:21:11","modified_gmt":"2025-08-05T01:21:11","slug":"me-ha-tocado-vivir-situaciones-complicadas","status":"publish","type":"post","link":"https:\/\/www.europesays.com\/es\/26214\/","title":{"rendered":"\u00abMe ha tocado vivir situaciones complicadas\u00bb"},"content":{"rendered":"<p><img decoding=\"async\" class=\"voc-author__img\" src=\"https:\/\/www.europesays.com\/es\/wp-content\/uploads\/2025\/07\/autor-3692-foto-3.png\" alt=\"Orgullo de Nervi\u00f3n\"\/><\/p>\n<p class=\"voc-p\" style=\"\"><strong>El Sevilla FC afronta su puesta de largo ante la afici\u00f3n.<\/strong> El conjunto de Mat\u00edas Almeyda se estrena en el Ram\u00f3n S\u00e1nchez-Pizju\u00e1n donde se disputa el siempre emotivo <strong>Trofeo Antonio Puerta, que este a\u00f1o cumple su decimocuarta edici\u00f3n<\/strong>. Sin duda, esta se trata de una de las fechas se\u00f1aladas de cada verano, donde no solo jugadores y afici\u00f3n se vuelves a encontrar, si no que adem\u00e1s es el escenario donde <strong>se conmemora y se honra a una de las figuras hist\u00f3ricas de la historia de la entidad hispalense.<\/strong><\/p>\n<p class=\"voc-p\" style=\"\"><strong>El eterno &#8217;16&#8217;,<\/strong> Antonio Puerta nos dej\u00f3 tristemente el 28 de agosto de 2007, aunque su legado contin\u00faa y su gol ante el Schalke 04<strong> a\u00fan resuena en el barrio de Nervi\u00f3n<\/strong>. Hoy, apenas unos meses antes de cumplir los dieciocho a\u00f1os, su hijo Aitor Puerta ha sido entrevistado por Zona Mixta, para conocer sus impresiones ante tal emocionante y conmemorativa cita: \u00ab<strong>Lo afronto con bastante ilusi\u00f3n<\/strong> por rememorar la figura de mi padre, aunque en el fondo es agridulce. Sin embargo, estoy muy agradecido con el Sevilla por recordar su figura con este partido\u00bb, apuntaba.<\/p>\n<p class=\"voc-p\" style=\"\">Reconoce tambi\u00e9n que ha sido comparado en varias ocasiones, por antiguos compa\u00f1eros de su padre como Kepa Blanco, Diego Capel, o Maresca por su car\u00e1cter: \u00ab<strong>Soy extrovertido y maduro para la edad que tengo\u00bb<\/strong>, comentaba Aitor que sab\u00eda de la madurez de su padre dentro del vestuario. Comentaba tambi\u00e9n la otra cara de llevar el mismo apellido que su padre: \u00ab<strong>Me ha tocado vivir situaciones complicadas<\/strong>. La gente espera que sea igual que \u00e9l jugando al f\u00fatbol, algo que parece que no puede ser\u00bb. <\/p>\n<p class=\"voc-p\" style=\"\">Aitor, que tambi\u00e9n fue canterano del Sevilla FC, estar\u00e1 presente en el partido de este lunes ante el Al-Qadsiah FC, un encuentro siempre cargado de emociones, que consideraba cuando era un ni\u00f1o que: \u00ab<strong>Viv\u00eda el d\u00eda del trofeo con bastante nervios. No lo entend\u00eda,<\/strong> mi papel de bajar al campo junto al presidente mientras la gente me cantaba y me aplaud\u00eda\u00bb. <\/p>\n<p class=\"voc-p\" style=\"\">Por \u00faltimo afirma que su cuarto es lo m\u00e1s parecido a un <strong>museo de Antonio Puerta<\/strong>, con botas, medallas de campe\u00f3n o trofeos entregados a los jugadores de dichos torneo. Adem\u00e1s dentro de su colecci\u00f3n atesora el<strong> bal\u00f3n con el cual su padre anot\u00f3 el gol ante el Schalke 04<\/strong>, que le fue regalado por el abuelo de un amigo:  \u00abEl gol de mi padre cambi\u00f3 la vida a los sevillistas, y siento orgullo porque lo marc\u00f3 mi padre\u00bb, coment\u00f3 en una entrevista anterior.<\/p>\n<p>Reportar un error<\/p>\n","protected":false},"excerpt":{"rendered":"El Sevilla FC afronta su puesta de largo ante la afici\u00f3n. El conjunto de Mat\u00edas Almeyda se estrena&hellip;\n","protected":false},"author":2,"featured_media":26215,"comment_status":"","ping_status":"","sticky":false,"template":"","format":"standard","meta":{"footnotes":""},"categories":[268],"tags":[14527,1575,14348,14529,168,25,24,280,282,14528,39,740,7180,281,23,167,13050,1284],"class_list":{"0":"post-26214","1":"post","2":"type-post","3":"status-publish","4":"format-standard","5":"has-post-thumbnail","7":"category-futbol","8":"tag-aitor","9":"tag-ante","10":"tag-comparaciones","11":"tag-complicadas","12":"tag-deportes","13":"tag-es","14":"tag-espana","15":"tag-football","16":"tag-futbol","17":"tag-futbolisticas","18":"tag-padre","19":"tag-puerta","20":"tag-situaciones","21":"tag-soccer","22":"tag-spain","23":"tag-sports","24":"tag-tocado","25":"tag-vivir"},"share_on_mastodon":{"url":"","error":""},"_links":{"self":[{"href":"https:\/\/www.europesays.com\/es\/wp-json\/wp\/v2\/posts\/26214","targetHints":{"allow":["GET"]}}],"collection":[{"href":"https:\/\/www.europesays.com\/es\/wp-json\/wp\/v2\/posts"}],"about":[{"href":"https:\/\/www.europesays.com\/es\/wp-json\/wp\/v2\/types\/post"}],"author":[{"embeddable":true,"href":"https:\/\/www.europesays.com\/es\/wp-json\/wp\/v2\/users\/2"}],"replies":[{"embeddable":true,"href":"https:\/\/www.europesays.com\/es\/wp-json\/wp\/v2\/comments?post=26214"}],"version-history":[{"count":0,"href":"https:\/\/www.europesays.com\/es\/wp-json\/wp\/v2\/posts\/26214\/revisions"}],"wp:featuredmedia":[{"embeddable":true,"href":"https:\/\/www.europesays.com\/es\/wp-json\/wp\/v2\/media\/26215"}],"wp:attachment":[{"href":"https:\/\/www.europesays.com\/es\/wp-json\/wp\/v2\/media?parent=26214"}],"wp:term":[{"taxonomy":"category","embeddable":true,"href":"https:\/\/www.europesays.com\/es\/wp-json\/wp\/v2\/categories?post=26214"},{"taxonomy":"post_tag","embeddable":true,"href":"https:\/\/www.europesays.com\/es\/wp-json\/wp\/v2\/tags?post=26214"}],"curies":[{"name":"wp","href":"https:\/\/api.w.org\/{rel}","templated":true}]}}