{"id":262142,"date":"2025-11-29T13:57:15","date_gmt":"2025-11-29T13:57:15","guid":{"rendered":"https:\/\/www.europesays.com\/es\/262142\/"},"modified":"2025-11-29T13:57:15","modified_gmt":"2025-11-29T13:57:15","slug":"unas-1-300-personas-tienen-vih-en-la-region-y-el-18-no-lo-sabe","status":"publish","type":"post","link":"https:\/\/www.europesays.com\/es\/262142\/","title":{"rendered":"Unas 1.300 personas tienen VIH en la regi\u00f3n y el 18% no lo sabe"},"content":{"rendered":"<p class=\"v-mdl-ath__p v-mdl-ath__p--6\">\nS\u00e1bado, 29 de noviembre 2025, 01:00<\/p>\n<p class=\"v-p\"> El n\u00famero de personas que viven en Extremadura con el VIH se sit\u00faa entre 1.300 y 1.500, seg\u00fan los datos que se manejan desde el Comit\u00e9 Antisida de la regi\u00f3n (CAEX), si bien se estima que el 18% de los infectados no lo saben y desconocen el estado de su enfermedad. \u00abEso quiere decir que est\u00e1n en la fase inicial de portador asintom\u00e1tico, es decir, lo transmito, no lo s\u00e9 porque no tengo s\u00edntomas. Entonces, es bastante complicado\u00bb, ha se\u00f1alado Pilar C\u00e1ceres, del CAEX, que ha destacado asimismo que, aproximadamente, los nuevos contagios se dan en un porcentaje del 45% entre los j\u00f3venes \u00absobre todo\u00bb, a tenor de lo cual ha detallado que el mayor n\u00famero de nuevas infecciones por VIH se da en la poblaci\u00f3n de 15 a 25 a\u00f1os.<\/p>\n<p class=\"v-p\">Por ello, ha hecho un llamamiento a la prevenci\u00f3n y ha hecho hincapi\u00e9 en el uso de m\u00e9todos de barrera como el preservativo, a la vez que ha destacado que si se mantienen relaciones sexuales de riesgo sin protecci\u00f3n es \u00abimportante\u00bb hacerse la prueba para conocer el estado serol\u00f3gico y si tienen el virus o no. As\u00ed se ha pronunciado en declaraciones a los medios tras participar en el Ayuntamiento de Badajoz en un acto con motivo del D\u00eda Mundial del VIH-Sida, en el que ha le\u00eddo un manifiesto alusivo a esta efem\u00e9ride junto a Nerea G\u00f3mez, de la Asociaci\u00f3n Nueva Vida, y Abel P\u00e9rez, de Fundaci\u00f3n Tri\u00e1ngulo.<\/p>\n<p class=\"v-p\">Han recordado que a lo largo de la historia reciente pocas realidades han marcado tanto como el VIH y el Sida. \u00abEsta epidemia, que comenz\u00f3 envuelta en miedo, silencio y estigmas, ha revelado nuestras vulnerabilidades sociales, pero tambi\u00e9n nuestra capacidad de resiliencia, ciencia, solidaridad y cambio\u00bb, apuntan.<\/p>\n<p class=\"v-p\">Hoy en d\u00eda, en un mundo donde los avances m\u00e9dicos permiten vivir con VIH con calidad y esperanza, a\u00fan persisten \u00abprejuicios que hieren, desigualdades que limitan, sistemas de salud que no alcanzan a todos, y un desconocimiento que sigue costando vidas\u00bb, ante lo que han alzado la voz para recordar que el VIH\/Sida \u00abno es solo una enfermedad: es un reflejo de nuestras desigualdades, de nuestros silencios y de nuestros prejuicios\u00bb.<\/p>\n<p>Reporta un error<\/p>\n","protected":false},"excerpt":{"rendered":"S\u00e1bado, 29 de noviembre 2025, 01:00 El n\u00famero de personas que viven en Extremadura con el VIH se&hellip;\n","protected":false},"author":2,"featured_media":167283,"comment_status":"","ping_status":"","sticky":false,"template":"","format":"standard","meta":{"footnotes":""},"categories":[92],"tags":[65376,25,24,165,3477,6192,8828,166,23,6877],"class_list":{"0":"post-262142","1":"post","2":"type-post","3":"status-publish","4":"format-standard","5":"has-post-thumbnail","7":"category-salud","8":"tag-65376","9":"tag-es","10":"tag-espana","11":"tag-health","12":"tag-personas","13":"tag-region","14":"tag-sabe","15":"tag-salud","16":"tag-spain","17":"tag-vih"},"share_on_mastodon":{"url":"https:\/\/pubeurope.com\/@es\/115633340135645457","error":""},"_links":{"self":[{"href":"https:\/\/www.europesays.com\/es\/wp-json\/wp\/v2\/posts\/262142","targetHints":{"allow":["GET"]}}],"collection":[{"href":"https:\/\/www.europesays.com\/es\/wp-json\/wp\/v2\/posts"}],"about":[{"href":"https:\/\/www.europesays.com\/es\/wp-json\/wp\/v2\/types\/post"}],"author":[{"embeddable":true,"href":"https:\/\/www.europesays.com\/es\/wp-json\/wp\/v2\/users\/2"}],"replies":[{"embeddable":true,"href":"https:\/\/www.europesays.com\/es\/wp-json\/wp\/v2\/comments?post=262142"}],"version-history":[{"count":0,"href":"https:\/\/www.europesays.com\/es\/wp-json\/wp\/v2\/posts\/262142\/revisions"}],"wp:featuredmedia":[{"embeddable":true,"href":"https:\/\/www.europesays.com\/es\/wp-json\/wp\/v2\/media\/167283"}],"wp:attachment":[{"href":"https:\/\/www.europesays.com\/es\/wp-json\/wp\/v2\/media?parent=262142"}],"wp:term":[{"taxonomy":"category","embeddable":true,"href":"https:\/\/www.europesays.com\/es\/wp-json\/wp\/v2\/categories?post=262142"},{"taxonomy":"post_tag","embeddable":true,"href":"https:\/\/www.europesays.com\/es\/wp-json\/wp\/v2\/tags?post=262142"}],"curies":[{"name":"wp","href":"https:\/\/api.w.org\/{rel}","templated":true}]}}