{"id":262151,"date":"2025-11-29T14:03:12","date_gmt":"2025-11-29T14:03:12","guid":{"rendered":"https:\/\/www.europesays.com\/es\/262151\/"},"modified":"2025-11-29T14:03:12","modified_gmt":"2025-11-29T14:03:12","slug":"rafael-jodar-completa-el-cartel-de-las-next-gen-atp-finals-presented-by-pif-2025-atp-tour","status":"publish","type":"post","link":"https:\/\/www.europesays.com\/es\/262151\/","title":{"rendered":"Rafael J\u00f3dar completa el cartel de las Next Gen ATP Finals presented by PIF 2025 | ATP Tour"},"content":{"rendered":"<p>        ATP Tour<br \/>\n    J\u00f3dar completa el cartel de las Next Gen ATP Finals presented by PIF 2025<\/p>\n<p>El espa\u00f1ol gan\u00f3 tres t\u00edtulos ATP Challenger para asegurar su plaza<\/p>\n<p>November 29, 2025<\/p>\n<p>            <img decoding=\"async\" src=\"https:\/\/www.europesays.com\/es\/wp-content\/uploads\/2025\/11\/field-is-setng2025.jpg\" alt=\"As\u00ed queda el cartel de jugadores clasificados a las Next Gen ATP Finals presented by PIF 2025.\"\/><\/p>\n<p>ATP Tour\/Getty Images<\/p>\n<p>        As\u00ed queda el cartel de jugadores clasificados a las Next Gen ATP Finals presented by PIF 2025.<br \/>\n        By Redacci\u00f3n ATP <\/p>\n<p><a href=\"https:\/\/www.atptour.com\/es\/players\/rafael-jodar\/j0dz\/overview\" rel=\"nofollow noopener\" target=\"_blank\">Rafael Jodar<\/a>, al igual que su compatriota Martin Landaluce, se ha ganado un billete en las <a href=\"https:\/\/www.atptour.com\/es\/tournaments\/next-gen-atp-finals\/7696\/overview\" rel=\"nofollow noopener\" target=\"_blank\">Next Gen ATP Finals presented by PIF<\/a> en diciembre, completando el cartel del torneo que re\u00fane a los mejores jugadores Sub-20 del mundo.<\/p>\n<p>El espa\u00f1ol de 19 a\u00f1os ya estuvo en Jeddah como sparring el pasado a\u00f1o, pero en esta edici\u00f3n se abre hueco como uno de los participantes. El actual No. 167 del PIF ATP Rankings protagoniz\u00f3 un espectacular final de temporada que le ha servido para sacar su plaza.<\/p>\n<p><img alt=\"&lt;a href=\" https:=\"\"\/>Rafael Jodar\u00bb src=\u00bbhttps:\/\/www.atptour.com\/-\/media\/images\/news\/2025\/11\/28\/17\/41\/jodar-2025-qualification.jpg\u00bb&gt;<\/p>\n<p><a rel=\"noopener noreferrer nofollow\" href=\"https:\/\/www.atptour.com\/es\/news\/it-all-adds-up-hub\/\" target=\"_blank\"><img decoding=\"async\" alt=\"\" style=\"height:90px; width:728px;\" src=\"https:\/\/www.europesays.com\/es\/wp-content\/uploads\/2025\/09\/1758546732_354_it-all-adds-up-banner.jpg\"\/><\/a><\/p>\n<p>J\u00f3dar estaba fuera del Top 900 el pasado mes de marzo, pero despu\u00e9s de enlazar tres t\u00edtulos ATP Challenger Tour desde agosto hasta noviembre su ascenso ha sido mete\u00f3rico. Su primer \u00e9xito lleg\u00f3 en Grecia y luego levant\u00f3 dos coronas m\u00e1s en Estados Unidos. Es el tercer espa\u00f1ol menor de 20 a\u00f1os en ganar al menos tres t\u00edtulos Challenger, junto a <a href=\"https:\/\/www.atptour.com\/es\/players\/carlos-alcaraz\/a0e2\/overview\" rel=\"nofollow noopener\" target=\"_blank\">Carlos Alcaraz<\/a> y Nicol\u00e1s Almagro.<\/p>\n<p>La trayectoria de J\u00f3dar empez\u00f3 a los seis a\u00f1os y ha estado relacionada con la de su buen amigo y compa\u00f1ero del circuito Landaluce. Ambos crecieron en Madrid y entrenan en el mismo club, el Club de Tenis Chamart\u00edn. Fuera de a la pista, es aficionado al Real Madrid.<\/p>\n<p>De esta forma, el cartel para las <a href=\"https:\/\/www.atptour.com\/es\/tournaments\/next-gen-atp-finals\/7696\/overview\" rel=\"nofollow noopener\" target=\"_blank\">Next Gen ATP Finals presented by PIF<\/a> 2025 que se disputan del 17 al 21 de diciembre en Jeddah contar\u00e1 con <a href=\"https:\/\/www.atptour.com\/es\/players\/jakub-mensik\/m0ni\/overview\" rel=\"nofollow noopener\" target=\"_blank\">Jakub Mensik<\/a>, <a href=\"https:\/\/www.atptour.com\/es\/players\/learner-tien\/t0ha\/overview\" rel=\"nofollow noopener\" target=\"_blank\">Learner Tien<\/a>, <a href=\"https:\/\/www.atptour.com\/es\/players\/alexander-blockx\/b0pg\/overview\" rel=\"nofollow noopener\" target=\"_blank\">Alexander Blockx<\/a>, <a href=\"https:\/\/www.atptour.com\/es\/players\/dino-prizmic\/p0hw\/overview\" rel=\"nofollow noopener\" target=\"_blank\">Dino Prizmic<\/a>, Martin Landaluce, <a href=\"https:\/\/www.atptour.com\/es\/players\/nicolai-budkov-kjaer\/b0u4\/overview\" rel=\"nofollow noopener\" target=\"_blank\">Nicolai Budkov Kjaer<\/a>, <a href=\"https:\/\/www.atptour.com\/es\/players\/nishesh-basavareddy\/b0nn\/overview\" rel=\"nofollow noopener\" target=\"_blank\">Nishesh Basavareddy<\/a> y el propio J\u00f3dar. Entre los antiguos campeones se incluyen <a href=\"https:\/\/www.atptour.com\/es\/players\/jannik-sinner\/s0ag\/overview\" rel=\"nofollow noopener\" target=\"_blank\">Jannik Sinner<\/a> y <a href=\"https:\/\/www.atptour.com\/es\/players\/carlos-alcaraz\/a0e2\/overview\" rel=\"nofollow noopener\" target=\"_blank\">Carlos Alcaraz<\/a>.<\/p>\n","protected":false},"excerpt":{"rendered":"ATP Tour J\u00f3dar completa el cartel de las Next Gen ATP Finals presented by PIF 2025 El espa\u00f1ol&hellip;\n","protected":false},"author":2,"featured_media":262152,"comment_status":"","ping_status":"","sticky":false,"template":"","format":"standard","meta":{"footnotes":""},"categories":[5],"tags":[17,18,25,24,13,14,11,19,20,9,10,15,16,23,12,21,22],"class_list":{"0":"post-262151","1":"post","2":"type-post","3":"status-publish","4":"format-standard","5":"has-post-thumbnail","7":"category-titulares","8":"tag-breaking-news","9":"tag-breakingnews","10":"tag-es","11":"tag-espana","12":"tag-featured-news","13":"tag-featurednews","14":"tag-headlines","15":"tag-latest-news","16":"tag-latestnews","17":"tag-news","18":"tag-noticias","19":"tag-noticias-destacadas","20":"tag-noticiasdestacadas","21":"tag-spain","22":"tag-titulares","23":"tag-ultimas-noticias","24":"tag-ultimasnoticias"},"share_on_mastodon":{"url":"https:\/\/pubeurope.com\/@es\/115633364172147696","error":""},"_links":{"self":[{"href":"https:\/\/www.europesays.com\/es\/wp-json\/wp\/v2\/posts\/262151","targetHints":{"allow":["GET"]}}],"collection":[{"href":"https:\/\/www.europesays.com\/es\/wp-json\/wp\/v2\/posts"}],"about":[{"href":"https:\/\/www.europesays.com\/es\/wp-json\/wp\/v2\/types\/post"}],"author":[{"embeddable":true,"href":"https:\/\/www.europesays.com\/es\/wp-json\/wp\/v2\/users\/2"}],"replies":[{"embeddable":true,"href":"https:\/\/www.europesays.com\/es\/wp-json\/wp\/v2\/comments?post=262151"}],"version-history":[{"count":0,"href":"https:\/\/www.europesays.com\/es\/wp-json\/wp\/v2\/posts\/262151\/revisions"}],"wp:featuredmedia":[{"embeddable":true,"href":"https:\/\/www.europesays.com\/es\/wp-json\/wp\/v2\/media\/262152"}],"wp:attachment":[{"href":"https:\/\/www.europesays.com\/es\/wp-json\/wp\/v2\/media?parent=262151"}],"wp:term":[{"taxonomy":"category","embeddable":true,"href":"https:\/\/www.europesays.com\/es\/wp-json\/wp\/v2\/categories?post=262151"},{"taxonomy":"post_tag","embeddable":true,"href":"https:\/\/www.europesays.com\/es\/wp-json\/wp\/v2\/tags?post=262151"}],"curies":[{"name":"wp","href":"https:\/\/api.w.org\/{rel}","templated":true}]}}