{"id":262164,"date":"2025-11-29T14:16:19","date_gmt":"2025-11-29T14:16:19","guid":{"rendered":"https:\/\/www.europesays.com\/es\/262164\/"},"modified":"2025-11-29T14:16:19","modified_gmt":"2025-11-29T14:16:19","slug":"eva-gonzalez-mete-la-pata-y-se-equivoca-con-el-nombre-de-pablo-lopez","status":"publish","type":"post","link":"https:\/\/www.europesays.com\/es\/262164\/","title":{"rendered":"Eva Gonz\u00e1lez mete la pata y se equivoca con el nombre de Pablo L\u00f3pez"},"content":{"rendered":"<p class=\"ft-text\"><a class=\"ft-link ft-link--decoration\" href=\"https:\/\/www.elperiodico.com\/es\/temas\/voz-41614\" target=\"_blank\" rel=\"nofollow noopener\"><strong>&#8216;La Voz&#8217;<\/strong><\/a> emiti\u00f3 anoche su primera semifinal en Antena 3. El talent show eligi\u00f3 a sus ocho semifinalistas para la siguiente gala, present\u00f3 el nuevo single de <strong>Mal\u00fa<\/strong> y vivi\u00f3 un viral lapsus de <a class=\"ft-link ft-link--decoration\" href=\"https:\/\/www.elperiodico.com\/es\/personajes\/eva-gonzalez-37428\" target=\"_blank\" rel=\"nofollow noopener\"><strong>Eva Gonz\u00e1lez.<\/strong><\/a><strong> <\/strong><\/p>\n<p class=\"ft-text\">La presentadora se encontraba hablando con los coaches y quer\u00eda anunciar que el programa se deten\u00eda para dar paso al \u00faltimo bloque publicitario cuando se equivoc\u00f3 con el nombre de <strong>Pablo L\u00f3pez<\/strong>, desatando las risas de todo el plat\u00f3.<\/p>\n<p class=\"ft-text\"><strong>\u00ab\u00daltima parada de la noche y a la vuelta continuamos con el equipo de Pablo Motos\u00bb,<\/strong> pronunciaba la andaluza, que enseguida se daba cuenta de su error.<\/p>\n<p class=\"ft-text\">\u00abAy Pablo Motos\u00bb, dec\u00eda la presentadora antes de romper a carcajadas por su error, desatando la risa de Mal\u00fa, Mika y Yatra. \u00abDa igual\u00bb, reaccionaba Pablo L\u00f3pez llev\u00e1ndose las manos a la cabeza. \u00abBueno, \u00faltima parada de la noche y a la vuelta&#8230;\u00bb, intentaba decir el malague\u00f1o ante el revuelo que hab\u00eda en plat\u00f3.<\/p>\n<p class=\"ft-text\"><strong>\u00ab\u00bfOs imagin\u00e1is a Pablo Motos?\u00bb, <\/strong>preguntaba Eva Gonz\u00e1lez, todav\u00eda sin poder contener la risa y con el resto de coaches vitoreando el nomnre del presentador de &#8216;El Hormiguero&#8217;.<\/p>\n","protected":false},"excerpt":{"rendered":"&#8216;La Voz&#8217; emiti\u00f3 anoche su primera semifinal en Antena 3. El talent show eligi\u00f3 a sus ocho semifinalistas&hellip;\n","protected":false},"author":2,"featured_media":262165,"comment_status":"","ping_status":"","sticky":false,"template":"","format":"standard","meta":{"footnotes":""},"categories":[171],"tags":[4040,65380,146,147,25,24,519,2764,5976,31015,7355,12817,13882,618,34810,28194,23,214,4619,1447],"class_list":{"0":"post-262164","1":"post","2":"type-post","3":"status-publish","4":"format-standard","5":"has-post-thumbnail","7":"category-tv","8":"tag-antena-3","9":"tag-desliz","10":"tag-entertainment","11":"tag-entretenimiento","12":"tag-es","13":"tag-espana","14":"tag-eva","15":"tag-eva-gonzalez","16":"tag-gonzalez","17":"tag-la-voz","18":"tag-lopez","19":"tag-mete","20":"tag-motos","21":"tag-pablo","22":"tag-pablo-lopez","23":"tag-pata","24":"tag-spain","25":"tag-tv","26":"tag-viral","27":"tag-voz"},"share_on_mastodon":{"url":"https:\/\/pubeurope.com\/@es\/115633414664161523","error":""},"_links":{"self":[{"href":"https:\/\/www.europesays.com\/es\/wp-json\/wp\/v2\/posts\/262164","targetHints":{"allow":["GET"]}}],"collection":[{"href":"https:\/\/www.europesays.com\/es\/wp-json\/wp\/v2\/posts"}],"about":[{"href":"https:\/\/www.europesays.com\/es\/wp-json\/wp\/v2\/types\/post"}],"author":[{"embeddable":true,"href":"https:\/\/www.europesays.com\/es\/wp-json\/wp\/v2\/users\/2"}],"replies":[{"embeddable":true,"href":"https:\/\/www.europesays.com\/es\/wp-json\/wp\/v2\/comments?post=262164"}],"version-history":[{"count":0,"href":"https:\/\/www.europesays.com\/es\/wp-json\/wp\/v2\/posts\/262164\/revisions"}],"wp:featuredmedia":[{"embeddable":true,"href":"https:\/\/www.europesays.com\/es\/wp-json\/wp\/v2\/media\/262165"}],"wp:attachment":[{"href":"https:\/\/www.europesays.com\/es\/wp-json\/wp\/v2\/media?parent=262164"}],"wp:term":[{"taxonomy":"category","embeddable":true,"href":"https:\/\/www.europesays.com\/es\/wp-json\/wp\/v2\/categories?post=262164"},{"taxonomy":"post_tag","embeddable":true,"href":"https:\/\/www.europesays.com\/es\/wp-json\/wp\/v2\/tags?post=262164"}],"curies":[{"name":"wp","href":"https:\/\/api.w.org\/{rel}","templated":true}]}}