{"id":262166,"date":"2025-11-29T14:19:14","date_gmt":"2025-11-29T14:19:14","guid":{"rendered":"https:\/\/www.europesays.com\/es\/262166\/"},"modified":"2025-11-29T14:19:14","modified_gmt":"2025-11-29T14:19:14","slug":"hansi-flick-aconseja-a-lamine-yamal-tras-las-criticas-recibidas","status":"publish","type":"post","link":"https:\/\/www.europesays.com\/es\/262166\/","title":{"rendered":"Hansi Flick aconseja a Lamine Yamal tras las cr\u00edticas recibidas"},"content":{"rendered":"<p id=\"inline-text-0\" class=\"mt-[18px] md:mt-0 mb-[18px] [&amp;_a]:text-primary my-f-1.5\" q:key=\"0\" q:id=\"64\">Hansi Flick ha animado a Lamine Yamal a olvidar la derrota del martes ante el Chelsea tras un ataque sorpresa del exdirector del <a href=\"https:\/\/www.si.com\/es-us\/futbol\/equipo\/barcelona\" rel=\"nofollow noopener\" target=\"_blank\"><strong>FC Barcelona<\/strong><\/a>, \u200b\u200bToni Freixa.<\/p>\n<p id=\"inline-text-1\" class=\"my-[18px] [&amp;_a]:text-primary my-f-1.5\" q:key=\"0\" q:id=\"67\">El subcampe\u00f3n del Bal\u00f3n de Oro de 2025 ya ha alcanzado cotas de fama y reconocimiento estratosf\u00e9ricos a pesar de tener tan solo 18 a\u00f1os, brillando constantemente desde que irrumpi\u00f3 en el primer equipo tanto del Barcelona como de la selecci\u00f3n espa\u00f1ola.<\/p>\n<p id=\"inline-text-2\" class=\"my-[18px] [&amp;_a]:text-primary my-f-1.5\" q:key=\"0\" q:id=\"6a\">Yamal es una aut\u00e9ntica superestrella en camino a la inmortalidad futbol\u00edstica, pero su brillantez no lo ha hecho inmune a las cr\u00edticas, ni siquiera de las del Bar\u00e7a.<\/p>\n<p id=\"inline-text-3\" class=\"my-[18px] [&amp;_a]:text-primary my-f-1.5\" q:key=\"0\" q:id=\"6d\">El ex directivo blaugrana Freixa no se anduvo con rodeos al hablar del talento generacional, desvelando los consejos que le dar\u00eda a Yamal y c\u00f3mo debe reaccionar el Bar\u00e7a si el ruido que rodea a su joven estrella se convierte en un problema.<\/p>\n<p><img loading=\"lazy\" decoding=\"async\" src=\"https:\/\/www.europesays.com\/es\/wp-content\/uploads\/2025\/11\/01kb7rn9rvb32zw1xy4x.jpg\" alt=\"Lamine Yamal\" title=\"Lamine Yamal\" width=\"1024\" height=\"576\" class=\"undefined w-full w-full blur-[5px]\" q:id=\"6m\"\/><\/p>\n<p>Chelsea FC v FC Barcelona &#8211; UEFA Champions League 2025\/26 League Phase MD5 | Catherine Ivill &#8211; AMA\/GettyImages<\/p>\n<p id=\"inline-text-5\" class=\"my-[18px] [&amp;_a]:text-primary my-f-1.5\" q:key=\"0\" q:id=\"6q\">\u201cSi Lamine fuera mi hijo, le dir\u00eda que no es tan bueno como dicen. Sigue trabajando duro y no te creas nada. C\u00e9ntrate solo en el f\u00fatbol\u201d, revel\u00f3 Freixa en El Chiringuito (citado por Sport).<\/p>\n<p id=\"inline-text-6\" class=\"my-[18px] [&amp;_a]:text-primary my-f-1.5\" q:key=\"0\" q:id=\"6t\">\u201cSi Lamine tiene alg\u00fan problema que necesite atenci\u00f3n, tenemos que ayudarlo. Hipot\u00e9ticamente, si llega a un punto en que ya no se pueda controlar, no hay problema, el Bar\u00e7a seguir\u00e1 [sin \u00e9l]. No descarto ninguna posibilidad al pensar en mi club. Todos en el club estamos de paso; lo importante es el Bar\u00e7a\u201d, agreg\u00f3.<\/p>\n<p id=\"inline-text-7\" class=\"my-[18px] [&amp;_a]:text-primary my-f-1.5\" q:key=\"0\" q:id=\"6w\">Las afirmaciones de Freixa son ciertamente atrevidas, y es probable que pocos en el Bar\u00e7a coincidan en cuanto a una posible venta. El veloz extremo sin duda seguir\u00e1 batiendo r\u00e9cords para su club y su selecci\u00f3n, aportando un \u00e9xito inmenso al gigante catal\u00e1n.<\/p>\n<p>Flick: \u00abOlv\u00eddate de Marc Cucurella\u00bb<br \/><img loading=\"lazy\" decoding=\"async\" src=\"https:\/\/www.europesays.com\/es\/wp-content\/uploads\/2025\/11\/01kb7rtmp82vp0hxrkh9.jpg\" alt=\"Chelsea FC v FC Barcelona - UEFA Champions League 2025\/26 League Phase MD5\" title=\"Chelsea FC v FC Barcelona - UEFA Champions League 2025\/26 League Phase MD5\" width=\"1024\" height=\"576\" class=\"undefined w-full w-full blur-[5px]\" q:id=\"7a\"\/><\/p>\n<p>Chelsea FC v FC Barcelona &#8211; UEFA Champions League 2025\/26 League Phase MD5 | Crystal Pix\/MB Media\/GettyImages<\/p>\n<p id=\"inline-text-11\" class=\"my-[18px] [&amp;_a]:text-primary my-f-1.5\" q:key=\"0\" q:id=\"7e\">Yamal sali\u00f3 segundo en su duelo personal con Marc Cucurella del Chelsea a mitad de semana, abandonando el campo con dificultad en el minuto 80 tras un solo disparo d\u00e9bil en la goleada del Barcelona por 3-0. El portero del Chelsea, Robert S\u00e1nchez, fue uno de los muchos que disfrutaron burl\u00e1ndose de la joven promesa, pero el consejo de Flick fue simple: Olv\u00eddenlo.<\/p>\n<p id=\"inline-text-12\" class=\"my-[18px] [&amp;_a]:text-primary my-f-1.5\" q:key=\"0\" q:id=\"7h\">\u00abPara m\u00ed, Cucurella es uno de los mejores laterales izquierdos del mundo\u00bb, reflexion\u00f3 el t\u00e9cnico del Barcelona. \u00abNo es f\u00e1cil ponerlo a jugar, es muy listo, muy inteligente en defensa. El siguiente paso para Lamine es demostrar una vez m\u00e1s que no se trata de este partido, olv\u00eddenlo. El Alav\u00e9s es ahora lo importante y tiene que mostrar su mejor rendimiento, su mejor nivel\u00bb, concluy\u00f3.<\/p>\n","protected":false},"excerpt":{"rendered":"Hansi Flick ha animado a Lamine Yamal a olvidar la derrota del martes ante el Chelsea tras un&hellip;\n","protected":false},"author":2,"featured_media":262167,"comment_status":"","ping_status":"","sticky":false,"template":"","format":"standard","meta":{"footnotes":""},"categories":[93],"tags":[168,25,24,23,167],"class_list":{"0":"post-262166","1":"post","2":"type-post","3":"status-publish","4":"format-standard","5":"has-post-thumbnail","7":"category-deportes","8":"tag-deportes","9":"tag-es","10":"tag-espana","11":"tag-spain","12":"tag-sports"},"share_on_mastodon":{"url":"https:\/\/pubeurope.com\/@es\/115633427073915567","error":""},"_links":{"self":[{"href":"https:\/\/www.europesays.com\/es\/wp-json\/wp\/v2\/posts\/262166","targetHints":{"allow":["GET"]}}],"collection":[{"href":"https:\/\/www.europesays.com\/es\/wp-json\/wp\/v2\/posts"}],"about":[{"href":"https:\/\/www.europesays.com\/es\/wp-json\/wp\/v2\/types\/post"}],"author":[{"embeddable":true,"href":"https:\/\/www.europesays.com\/es\/wp-json\/wp\/v2\/users\/2"}],"replies":[{"embeddable":true,"href":"https:\/\/www.europesays.com\/es\/wp-json\/wp\/v2\/comments?post=262166"}],"version-history":[{"count":0,"href":"https:\/\/www.europesays.com\/es\/wp-json\/wp\/v2\/posts\/262166\/revisions"}],"wp:featuredmedia":[{"embeddable":true,"href":"https:\/\/www.europesays.com\/es\/wp-json\/wp\/v2\/media\/262167"}],"wp:attachment":[{"href":"https:\/\/www.europesays.com\/es\/wp-json\/wp\/v2\/media?parent=262166"}],"wp:term":[{"taxonomy":"category","embeddable":true,"href":"https:\/\/www.europesays.com\/es\/wp-json\/wp\/v2\/categories?post=262166"},{"taxonomy":"post_tag","embeddable":true,"href":"https:\/\/www.europesays.com\/es\/wp-json\/wp\/v2\/tags?post=262166"}],"curies":[{"name":"wp","href":"https:\/\/api.w.org\/{rel}","templated":true}]}}