{"id":262180,"date":"2025-11-29T14:26:25","date_gmt":"2025-11-29T14:26:25","guid":{"rendered":"https:\/\/www.europesays.com\/es\/262180\/"},"modified":"2025-11-29T14:26:25","modified_gmt":"2025-11-29T14:26:25","slug":"el-programa-nacional-agropopular-de-cope-pone-el-foco-en-la-oferta-gastronomica-cultural-y-patrimonial-de-consuegra","status":"publish","type":"post","link":"https:\/\/www.europesays.com\/es\/262180\/","title":{"rendered":"El programa nacional \u201cAgropopular\u201d de COPE pone el foco en la oferta gastron\u00f3mica, cultural y patrimonial de Consuegra"},"content":{"rendered":"<p>  N\u00ba de visitas: 253<\/p>\n<p><strong><img decoding=\"async\" loading=\"lazy\" class=\"alignleft\" src=\"https:\/\/www.europesays.com\/es\/wp-content\/uploads\/2025\/09\/Logo-articulo-web.png\" alt=\"\" width=\"200\" height=\"96\"\/><\/strong><\/p>\n<p style=\"text-align: justify;\"><strong>La alcaldesa de Consuegra, Mar\u00eda Luisa Rodr\u00edguez, ha participado hoy en el programa \u201cAgropopular\u201d de la Cadena COPE, dirigido por el periodista C\u00e9sar Lumbreras, en una emisi\u00f3n en la que tambi\u00e9n ha intervenido el consejero de Agricultura de Castilla-La Mancha, Juli\u00e1n Mart\u00ednez Liz\u00e1n, y en la que se ha abordado, entre otros asuntos, la reaparici\u00f3n de la Peste Porcina Africana (PPA) en Espa\u00f1a tras la detecci\u00f3n de casos en jabal\u00edes en Bellaterra (Barcelona).<\/strong><\/p>\n<p style=\"text-align: justify;\">En clave local, la alcaldesa ha aprovechado la presencia de este programa nacional para poner en valor Consuegra como referente gastron\u00f3mico, tur\u00edstico y patrimonial, deteni\u00e9ndose especialmente en la Fiesta de la Cebolleta, que se celebra este fin de semana y que se ha consolidado como un aut\u00e9ntico despliegue gastron\u00f3mico y cultural en torno a uno de los productos m\u00e1s singulares de la localidad, la cebolleta, as\u00ed como al resto de productos locales y de proximidad.<\/p>\n<p style=\"text-align: justify;\">Rodr\u00edguez ha destacado que la Fiesta de la Cebolleta ejemplifica el modelo que se impulsa desde el Ayuntamiento al unir producto local, hosteler\u00eda, comercio y turismo en un mismo evento, de forma que la atracci\u00f3n de visitantes repercuta positivamente en agricultores, ganaderos y peque\u00f1os negocios de la localidad.<\/p>\n<p style=\"text-align: justify;\">Consuegra es, tras la capital, la segunda localidad m\u00e1s visitada de la provincia y se sit\u00faa entre los diez destinos m\u00e1s visitados de Castilla-La Mancha, algo que se explica por la combinaci\u00f3n de un patrimonio hist\u00f3rico excepcional \u2014con su castillo y sus molinos\u2014 y una programaci\u00f3n cultural y festiva que va mucho m\u00e1s all\u00e1 de sus citas m\u00e1s conocidas.<\/p>\n<p style=\"text-align: justify;\">Son muchas las razones para visitar Consuegra durante todo el a\u00f1o, como la Fiesta de la Rosa del Azafr\u00e1n, la fiesta Consuegra Medieval, o el reciente y exitoso ciclo \u201cA la luz del cine\u201d, que convierte la localidad en una gran sala de cine al aire libre, adem\u00e1s de otros muchos eventos que llenan de actividad el calendario cultural y tur\u00edstico.<\/p>\n<p style=\"text-align: justify;\">Consuegra no es solo un escenario patrimonial maravilloso, sino una ciudad viva, con identidad agr\u00edcola, con comercio y hosteler\u00eda din\u00e1mica, y con una poblaci\u00f3n que apuesta por su futuro. El trabajo del Ayuntamiento se orienta a poner su patrimonio material e inmaterial al servicio de la econom\u00eda local y del empleo, de modo que cada visitante suponga una oportunidad para los vecinos y vecinas.<\/p>\n<p style=\"text-align: justify;\">La participaci\u00f3n en \u201cAgropopular\u201d ha permitido as\u00ed situar el nombre de Consuegra en un escaparate nacional, vinculando la actualidad del sector agrario con la apuesta del municipio por un modelo de desarrollo local que integra campo, gastronom\u00eda y turismo como pilares de su presente y de su futuro.<\/p>\n<p class=\"jetpack-slideshow-noscript robots-nocontent\">El pase de diapositivas requiere JavaScript.<\/p>\n<dl id=\"attachment_37647\">\n<dt\/>\n<dl id=\"attachment_37647\">\n<dt\/>\n<dl id=\"attachment_37647\">\n<dt>S\u00edguenos en nuestras redes sociales:<\/dt>\n<\/dl>\n<dl id=\"attachment_37647\">\n<dt><a href=\"https:\/\/x.com\/AytoConsuegra\" rel=\"nofollow\"><img decoding=\"async\" loading=\"lazy\" class=\"alignnone wp-image-89213 size-full\" src=\"https:\/\/www.europesays.com\/es\/wp-content\/uploads\/2025\/08\/twitter_x.png\" alt=\"\" width=\"80\" height=\"80\"  \/><\/a><a href=\"http:\/\/www.facebook.com\/aytoconsuegra\" target=\"_blank\" rel=\"noopener noreferrer nofollow\"><img decoding=\"async\" loading=\"lazy\" class=\"alignnone wp-image-44011 size-full\" title=\"Facebook\" src=\"https:\/\/www.europesays.com\/es\/wp-content\/uploads\/2025\/08\/facebook80x80.png\" alt=\"\" width=\"80\" height=\"80\"  \/><\/a><a href=\"http:\/\/www.instagram.com\/aytoconsuegra\" target=\"_blank\" rel=\"noopener noreferrer nofollow\"><img decoding=\"async\" loading=\"lazy\" class=\"alignnone wp-image-44012 size-full\" title=\"Instagram\" src=\"https:\/\/www.europesays.com\/es\/wp-content\/uploads\/2025\/11\/instagram80x80.png\" alt=\"\" width=\"80\" height=\"80\"  \/><\/a><a href=\"http:\/\/www.youtube.com\/ayuntamientoconsuegra\" target=\"_blank\" rel=\"noopener noreferrer nofollow\"><img decoding=\"async\" loading=\"lazy\" class=\"alignnone wp-image-44010 size-full\" title=\"Youtube\" src=\"https:\/\/www.europesays.com\/es\/wp-content\/uploads\/2025\/11\/youtube80x80.png\" alt=\"\" width=\"80\" height=\"80\"  \/><\/a><a href=\"https:\/\/aytoconsuegra.es\/whatsapp\/\" target=\"_blank\" rel=\"noopener noreferrer nofollow\"><img decoding=\"async\" loading=\"lazy\" class=\"alignnone wp-image-44009 size-full\" title=\"Whatsapp\" src=\"https:\/\/www.europesays.com\/es\/wp-content\/uploads\/2025\/11\/whatsapp80x80.png\" alt=\"\" width=\"80\" height=\"80\"  \/><\/a><a href=\"https:\/\/t.me\/AytoConsuegra\" rel=\"nofollow\"><img decoding=\"async\" loading=\"lazy\" class=\"alignnone wp-image-50850\" title=\"Telegram\" src=\"https:\/\/www.europesays.com\/es\/wp-content\/uploads\/2025\/11\/logo-telegram.png\" alt=\"\" width=\"80\" height=\"80\"  \/><\/a><a href=\"https:\/\/www.tiktok.com\/@aytoconsuegra\" rel=\"nofollow noopener\" target=\"_blank\"><img decoding=\"async\" loading=\"lazy\" class=\"alignnone wp-image-89212 size-full\" src=\"https:\/\/www.europesays.com\/es\/wp-content\/uploads\/2025\/11\/tiktok.png\" alt=\"\" width=\"80\" height=\"80\"  \/><\/a><\/dt>\n<\/dl>\n<\/dl>\n<\/dl>\n<p><script async src=\"\/\/www.instagram.com\/embed.js\"><\/script><script async src=\"\/\/www.tiktok.com\/embed.js\"><\/script><\/p>\n","protected":false},"excerpt":{"rendered":"N\u00ba de visitas: 253 La alcaldesa de Consuegra, Mar\u00eda Luisa Rodr\u00edguez, ha participado hoy en el programa \u201cAgropopular\u201d&hellip;\n","protected":false},"author":2,"featured_media":262181,"comment_status":"","ping_status":"","sticky":false,"template":"","format":"standard","meta":{"footnotes":""},"categories":[5],"tags":[17,18,25,24,13,14,11,19,20,9,10,15,16,23,12,21,22],"class_list":{"0":"post-262180","1":"post","2":"type-post","3":"status-publish","4":"format-standard","5":"has-post-thumbnail","7":"category-titulares","8":"tag-breaking-news","9":"tag-breakingnews","10":"tag-es","11":"tag-espana","12":"tag-featured-news","13":"tag-featurednews","14":"tag-headlines","15":"tag-latest-news","16":"tag-latestnews","17":"tag-news","18":"tag-noticias","19":"tag-noticias-destacadas","20":"tag-noticiasdestacadas","21":"tag-spain","22":"tag-titulares","23":"tag-ultimas-noticias","24":"tag-ultimasnoticias"},"share_on_mastodon":{"url":"https:\/\/pubeurope.com\/@es\/115633454567248743","error":""},"_links":{"self":[{"href":"https:\/\/www.europesays.com\/es\/wp-json\/wp\/v2\/posts\/262180","targetHints":{"allow":["GET"]}}],"collection":[{"href":"https:\/\/www.europesays.com\/es\/wp-json\/wp\/v2\/posts"}],"about":[{"href":"https:\/\/www.europesays.com\/es\/wp-json\/wp\/v2\/types\/post"}],"author":[{"embeddable":true,"href":"https:\/\/www.europesays.com\/es\/wp-json\/wp\/v2\/users\/2"}],"replies":[{"embeddable":true,"href":"https:\/\/www.europesays.com\/es\/wp-json\/wp\/v2\/comments?post=262180"}],"version-history":[{"count":0,"href":"https:\/\/www.europesays.com\/es\/wp-json\/wp\/v2\/posts\/262180\/revisions"}],"wp:featuredmedia":[{"embeddable":true,"href":"https:\/\/www.europesays.com\/es\/wp-json\/wp\/v2\/media\/262181"}],"wp:attachment":[{"href":"https:\/\/www.europesays.com\/es\/wp-json\/wp\/v2\/media?parent=262180"}],"wp:term":[{"taxonomy":"category","embeddable":true,"href":"https:\/\/www.europesays.com\/es\/wp-json\/wp\/v2\/categories?post=262180"},{"taxonomy":"post_tag","embeddable":true,"href":"https:\/\/www.europesays.com\/es\/wp-json\/wp\/v2\/tags?post=262180"}],"curies":[{"name":"wp","href":"https:\/\/api.w.org\/{rel}","templated":true}]}}