{"id":262206,"date":"2025-11-29T14:54:15","date_gmt":"2025-11-29T14:54:15","guid":{"rendered":"https:\/\/www.europesays.com\/es\/262206\/"},"modified":"2025-11-29T14:54:15","modified_gmt":"2025-11-29T14:54:15","slug":"renata-zarazua-tenista-mexicana-es-raro-tener-idolas-cuando-al-dia-siguiente-puedes-estar-frente-a-ellas","status":"publish","type":"post","link":"https:\/\/www.europesays.com\/es\/262206\/","title":{"rendered":"Renata Zaraz\u00faa, tenista mexicana: \u201cEs raro tener \u00eddolas cuando al d\u00eda siguiente puedes estar frente a ellas\u201d"},"content":{"rendered":"<p class=\"\">Despu\u00e9s de mucho tiempo, el tenis mexicano vuelve a tener una figura a la que mirar sin nostalgia. Renata Zaraz\u00faa (Ciudad de M\u00e9xico, 28 a\u00f1os) ha terminado con una racha de ausencia mexicana en este deporte, al entrar en los cuatro Grand Slams, mantenerse <a href=\"https:\/\/elpais.com\/deportes\/tenis\/2025-06-02\/iga-swiatek-ya-no-intimida-iga-swiatek-ahora-es-vulnerable-ya-no-es-invencible.html\" target=\"_self\" rel=\"nofollow noopener\" title=\"https:\/\/elpais.com\/deportes\/tenis\/2025-06-02\/iga-swiatek-ya-no-intimida-iga-swiatek-ahora-es-vulnerable-ya-no-es-invencible.html\">entre las mejores 100 del mundo<\/a>, ganar t\u00edtulos y derrotar a jugadoras que parec\u00edan inalcanzables. Este mes conquist\u00f3 el WTA 125 de Austin \u2014el tercero de su carrera\u2014 despu\u00e9s de derrotar a la canadiense Marina Stakusic, una victoria que la catapult\u00f3 12 lugares hasta alcanzar el puesto 70 del ranking mundial. Desde los tiempos en que brill\u00f3 Ang\u00e9lica Gavald\u00f3n en los 90, <a href=\"https:\/\/elpais.com\/mexico\/2024-01-16\/renata-zarazua-una-mexicana-en-el-australia-open-despues-de-29-anos.html\" target=\"_self\" rel=\"nofollow noopener\" title=\"https:\/\/elpais.com\/mexico\/2024-01-16\/renata-zarazua-una-mexicana-en-el-australia-open-despues-de-29-anos.html\">ninguna mexicana hab\u00eda llegado tan lejos<\/a>. Zaraz\u00faa recibe a EL PA\u00cdS en Monterrey, Nuevo Le\u00f3n, luego de d\u00edas intensos entre Texas y la Billie Jean King Cup: \u201cEstoy un poquito de todo. Feliz, cansada, procesando&#8230;\u201d. Celebra los resultados de sus \u00faltimas semanas y sella un 2025 como el a\u00f1o de mayor aprendizaje de su carrera. <\/p>\n<p class=\"\"><a href=\"https:\/\/elpais.com\/mexico\/2025-08-26\/renata-zarazua-le-devuelve-la-ilusion-a-mexico-en-el-tenis-tras-vencer-a-una-top-ten-mundial.html\" target=\"_self\" rel=\"nofollow noopener\" title=\"https:\/\/elpais.com\/mexico\/2025-08-26\/renata-zarazua-le-devuelve-la-ilusion-a-mexico-en-el-tenis-tras-vencer-a-una-top-ten-mundial.html\">Zaraz\u00faa es tenista las 24 horas<\/a>. Su trabajo es entrenar y competir de manera profesional, y su tiempo libre lo usa\u2026 para jugar tenis. \u201cEs una obsesi\u00f3n\u201d, dice entre risas. Y se justifica: \u201cEs muy diferente ir a entrenar con una meta a solo ir a pelotear con un amigo sin ning\u00fan tipo de estr\u00e9s\u201d. Pero m\u00e1s all\u00e1 de esa fijaci\u00f3n, es un deporte que castiga, pues las victorias duran poco y las derrotas pesan m\u00e1s: \u201cUna semana est\u00e1s celebrando y a la otra vuelves a perder\u201d. Para ella, el aprendizaje central de este a\u00f1o no est\u00e1 por tanto en las derrotas sino en la cabeza. \u201cAntes pensaba que todo era entrenar, comer, dormir. Tengo que recordarme que soy persona antes que tenista\u201d, apunta. Para recordarlo recurre al entrenamiento mental como la meditaci\u00f3n, respiraci\u00f3n o ejercicios de enfoque: \u201cCamino ahora con una claridad que antes no ten\u00eda. Estoy muy contenta\u201d.<\/p>\n<p class=\"\">Su relaci\u00f3n con el tenis empez\u00f3 mientras equilibraba su otra pasi\u00f3n: la gimnasia. \u201cQuer\u00eda hacer todo\u201d, recuerda. Pero el impulso lleg\u00f3 cuando su hermano mayor se mud\u00f3 a Estados Unidos y, a los 13 a\u00f1os, se fue con \u00e9l a San Antonio y el tenis reemplaz\u00f3 a la gimnasia. El cambio, sin embargo, deton\u00f3 un periodo oscuro. \u201cViv\u00ed un proceso dif\u00edcil\u2026 <a href=\"https:\/\/elpais.com\/salud-y-bienestar\/2023-03-07\/caminare-cuatro-horas-para-quemar-la-tarta-ejercicio-problematico-el-sintoma-desatendido-de-los-tca.html\" target=\"_self\" rel=\"nofollow noopener\" title=\"https:\/\/elpais.com\/salud-y-bienestar\/2023-03-07\/caminare-cuatro-horas-para-quemar-la-tarta-ejercicio-problematico-el-sintoma-desatendido-de-los-tca.html\">Me dio anorexia y problemas alimenticios<\/a>\u201d. Fueron casi dos a\u00f1os de internamientos y terapias, con el tenis detenido. \u201cMe ayud\u00f3 a crecer, a entender mi cuerpo\u2026 Todo ven\u00eda por presi\u00f3n\u201d. Finalmente, a los 18, tuvo que elegir entre ir a la universidad o volverse profesional. \u201cNo me arrepiento de nada\u2026 El tenis te hace crecer de otra forma\u201d.<\/p>\n<p class=\"\">Su carrera ha despegado desde 2020 cuando alcanz\u00f3 las semifinales del Abierto Mexicano de Acapulco y debut\u00f3 en Roland Garros. Un a\u00f1o despu\u00e9s represent\u00f3 al pa\u00eds en los Juegos Ol\u00edmpicos de Tokio. Y aunque en Par\u00eds y Jap\u00f3n cay\u00f3 pronto, sigui\u00f3 empujando hasta que en 2024 logr\u00f3 el salto y particip\u00f3 por primera vez en los cuatro Grand Slams, <a href=\"https:\/\/elpais.com\/mexico\/2024-01-16\/renata-zarazua-una-mexicana-en-el-australia-open-despues-de-29-anos.html\" target=\"_self\" rel=\"nofollow noopener\" title=\"https:\/\/elpais.com\/mexico\/2024-01-16\/renata-zarazua-una-mexicana-en-el-australia-open-despues-de-29-anos.html\">rompiendo una ausencia de casi tres d\u00e9cadas en los torneos grandes para el tenis mexicano.<\/a> En enero, se convirti\u00f3 en la primera mexicana en avanzar a segunda ronda del Abierto de Australia.<\/p>\n<p class=\"\">El juego de su vida, sin embargo, lleg\u00f3 apenas este a\u00f1o, cuando elimin\u00f3 a Madison Keys, n\u00famero seis del mundo el pasado agosto en el Abierto de Estados Unidos, un golpe hist\u00f3rico para el tenis femenino del pa\u00eds. Se acuerda con claridad del d\u00eda en que debut\u00f3 en la cancha central de Nueva York. \u201cLe dije a mi mam\u00e1: \u2018Tengo mucho miedo. No quiero salir a jugar\u201d. Tem\u00eda perder por mucha diferencia, paralizarse, sentir que no era suficiente. Su madre la contuvo: \u201cDisfr\u00fatalo, nadie va a recordarlo\u201d. Y se tom\u00f3 en serio esas palabras. \u201cFue de los mejores momentos de mi carrera porque sent\u00ed c\u00f3mo lo estaba disfrutando. A veces t\u00fa misma te pones los l\u00edmites. Tenemos m\u00e1s habilidades de las que pensamos\u201d, reflexiona. Esa experiencia la llev\u00f3 a una conclusi\u00f3n: \u201cTengo que ser m\u00e1s valiente. A veces juego neutral\u2026 Me encantar\u00eda ser yo quien va a buscar el partido\u201d. M\u00e1s all\u00e1 de las cosas que quiere fortalecer, tambi\u00e9n reconoce sus habilidades. \u201cEn mi forma de juego me he vuelto m\u00e1s agresiva e inteligente. He tenido que usar mi inteligencia en estos \u00faltimos meses porque soy alguien que quiz\u00e1s no soy superalta, no soy superfuerte, y tengo que usar mis armas\u201d. <\/p>\n<p class=\"\">Austin fue otro examen. Su partido se suspendi\u00f3 6-6 en el tercer set y al d\u00eda siguiente solo deb\u00eda jugar el desempate. \u201cFue lo m\u00e1s estresante que viv\u00ed\u201d. No durmi\u00f3. Cuando lo gan\u00f3, revis\u00f3 su tel\u00e9fono esperando un mensaje de su madre y encontr\u00f3 insultos, cr\u00edticas, ofensas, e incluso deseos de que se cayera su avi\u00f3n. Habla de que es algo por lo que pasan todas las tenistas. \u201cNo me afecta, me dio risa. Pero t\u00fa no sabes si a alguien le puede una causar depresi\u00f3n\u201d, reflexiona. <\/p>\n<p><img decoding=\"auto\" class=\"_re lazyload a_m-h\" height=\"276\"  width=\"414\"  src=\"https:\/\/www.europesays.com\/es\/wp-content\/uploads\/2025\/11\/A6D4TTLMRZBBVBOTSRG6UFPHR4.jpg\" loading=\"lazy\"\/>La jugadora de tenis mexicana, rompi\u00f3 la racha de 30 a\u00f1os sin victorias mexicanas en el Grand Slam del torneo de Wimbledon en su edici\u00f3n 2025.Patricia Carrington<\/p>\n<p class=\"\">En un deporte que se juega gran parte del tiempo en solitario, el apoyo familiar ha sido su ancla. Su hermano fue su entrenador, su padre es su representante y su madre la acompa\u00f1a en cada momento. \u201cCuando pierdo, siempre la primera persona a la que le llamo es a mi mam\u00e1\u201d, dice. Para su familia no ha sido dif\u00edcil comprender su camino porque el apellido Zaraz\u00faa ya estaba inscrito en el tenis mexicano. Sus padres jugaban, igual que su abuela. Pero fue su t\u00edo Vicente quien brill\u00f3 en los a\u00f1os 60 y 70 cuando gan\u00f3 medallas en los Juegos Panamericanos, <a href=\"https:\/\/elpais.com\/especiales\/2018\/juegos-olimpicos-mexico\/\" target=\"_self\" rel=\"nofollow noopener\" title=\"https:\/\/elpais.com\/especiales\/2018\/juegos-olimpicos-mexico\/\">particip\u00f3 en los Ol\u00edmpicos de 1968<\/a> y fue parte del equipo de Copa Davis. Ese ejemplo para ella e \u00edcono del deporte en M\u00e9xico, falleci\u00f3 hace apenas unos d\u00edas y Renata recibi\u00f3 la noticia justo despu\u00e9s de un partido. \u201cFue muy triste\u2026 Conviv\u00ed mucho con \u00e9l. Quieras o no, te afecta\u201d.<\/p>\n<p class=\"\">Ha vivido la mayor parte de su vida en Estados Unidos, pero nunca dud\u00f3 representar a M\u00e9xico, incluso cuando no ha encontrado un programa nacional que respalde a las tenistas. \u201cLo que he visto es que en otros pa\u00edses siempre tienen una federaci\u00f3n donde las jugadoras pueden ir y les dan todo: hospedaje, canchas, m\u00e9dicos, entrenadores. Yo creo que en M\u00e9xico el dinero que tenga la Federaci\u00f3n no va hacia nosotras o hacia el desarrollo ten\u00edstico\u201d. Insiste, sin embargo, en que esa no fue la raz\u00f3n por la que se mud\u00f3: \u201cNunca voy a jugar por Estados Unidos porque amo a mi pa\u00eds\u201d. Pero esa decisi\u00f3n ha implicado otros sacrificios. \u201cEstar en otro pa\u00eds no me ha dejado estar tan involucrada en la vida social, estoy muy concentrada en lo que quiero hacer, mis metas y en entrenar. Todos mis amigos est\u00e1n aqu\u00ed [M\u00e9xico] y no tener que sacrificar fiestas o eventos sociales me ha dejado seguir la rutina m\u00e1s profesionalmente\u201d, comparte. <\/p>\n<p class=\"\">Se dice inspirada por Rafael Nadal por su actitud inquebrantable y <a href=\"https:\/\/elpais.com\/deportes\/tenis\/2025-04-28\/iga-swiatek-soy-capaz-de-volver-de-cualquier-crisis.html\" target=\"_self\" rel=\"nofollow noopener\" title=\"https:\/\/elpais.com\/deportes\/tenis\/2025-04-28\/iga-swiatek-soy-capaz-de-volver-de-cualquier-crisis.html\">menciona a Iga Swiatek tambi\u00e9n como una gran referente<\/a>. \u201cEs raro tener \u00eddolas cuando al d\u00eda siguiente puedes estar frente a ellas\u201d, bromea. Pero ser la mexicana mejor posicionada en el ranking la ha convertido a ella ahora en un ejemplo y se emociona al notar que hay ni\u00f1as o j\u00f3venes a quienes inspira. \u201cA veces te quieres enojar o gritar\u2026 Y dices: \u2018Hay gente viendo c\u00f3mo te comportas\u201d. <\/p>\n<p class=\"\">Zaraz\u00faa quiere jugar hasta que el cuerpo aguante. A sus 28 a\u00f1os, no quiere siquiera pensar en el retiro. \u201cEstoy en mi mejor momento mental, f\u00edsico y ten\u00edstico\u201d, asegura. En el horizonte, se imagina tener una academia en M\u00e9xico donde transmitir sus aprendizajes. Pero no piensa demasiado en el futuro y en lo inmediato tiene una meta que no ha conseguido a\u00fan: \u201cEs mi sue\u00f1o ganar un torneo grande en M\u00e9xico\u2026 Ya sea en Guadalajara, M\u00e9rida o Monterrey. Cualquiera\u201d. Lo que quiere es hacerlo en casa.<\/p>\n","protected":false},"excerpt":{"rendered":"Despu\u00e9s de mucho tiempo, el tenis mexicano vuelve a tener una figura a la que mirar sin nostalgia.&hellip;\n","protected":false},"author":2,"featured_media":262207,"comment_status":"","ping_status":"","sticky":false,"template":"","format":"standard","meta":{"footnotes":""},"categories":[274],"tags":[889,168,25,24,1804,1906,65386,26539,23,167,327,26588,11759,326,541],"class_list":{"0":"post-262206","1":"post","2":"type-post","3":"status-publish","4":"format-standard","5":"has-post-thumbnail","7":"category-tenis","8":"tag-america","9":"tag-deportes","10":"tag-es","11":"tag-espana","12":"tag-latinoamerica","13":"tag-mexico","14":"tag-mujeres-deporte","15":"tag-ranking-wta","16":"tag-spain","17":"tag-sports","18":"tag-tenis","19":"tag-tenis-femenino","20":"tag-tenistas","21":"tag-tennis","22":"tag-us-open"},"share_on_mastodon":{"url":"https:\/\/pubeurope.com\/@es\/115633564389281305","error":""},"_links":{"self":[{"href":"https:\/\/www.europesays.com\/es\/wp-json\/wp\/v2\/posts\/262206","targetHints":{"allow":["GET"]}}],"collection":[{"href":"https:\/\/www.europesays.com\/es\/wp-json\/wp\/v2\/posts"}],"about":[{"href":"https:\/\/www.europesays.com\/es\/wp-json\/wp\/v2\/types\/post"}],"author":[{"embeddable":true,"href":"https:\/\/www.europesays.com\/es\/wp-json\/wp\/v2\/users\/2"}],"replies":[{"embeddable":true,"href":"https:\/\/www.europesays.com\/es\/wp-json\/wp\/v2\/comments?post=262206"}],"version-history":[{"count":0,"href":"https:\/\/www.europesays.com\/es\/wp-json\/wp\/v2\/posts\/262206\/revisions"}],"wp:featuredmedia":[{"embeddable":true,"href":"https:\/\/www.europesays.com\/es\/wp-json\/wp\/v2\/media\/262207"}],"wp:attachment":[{"href":"https:\/\/www.europesays.com\/es\/wp-json\/wp\/v2\/media?parent=262206"}],"wp:term":[{"taxonomy":"category","embeddable":true,"href":"https:\/\/www.europesays.com\/es\/wp-json\/wp\/v2\/categories?post=262206"},{"taxonomy":"post_tag","embeddable":true,"href":"https:\/\/www.europesays.com\/es\/wp-json\/wp\/v2\/tags?post=262206"}],"curies":[{"name":"wp","href":"https:\/\/api.w.org\/{rel}","templated":true}]}}