{"id":262208,"date":"2025-11-29T14:57:10","date_gmt":"2025-11-29T14:57:10","guid":{"rendered":"https:\/\/www.europesays.com\/es\/262208\/"},"modified":"2025-11-29T14:57:10","modified_gmt":"2025-11-29T14:57:10","slug":"mumbru-celebra-su-vuelta-con-alemania-me-siento-de-nuevo-entrenador","status":"publish","type":"post","link":"https:\/\/www.europesays.com\/es\/262208\/","title":{"rendered":"Mumbr\u00fa celebra su vuelta con Alemania: \u201cMe siento de nuevo entrenador\u201d"},"content":{"rendered":"<p class=\"\">El seleccionador de baloncesto de <b>Alemania<\/b>, el espa\u00f1ol<b> \u00c1lex Mumbr\u00fa<\/b>, vivi\u00f3 este viernes su vuelta a los banquillos ante <b>Israel<\/b>, tras recuperarse de la pancreatitis que le afect\u00f3 durante el pasado <b>Eurobasket<\/b>, y ha asegurado que est\u00e1 \u201cal cien por cien\u201d y \u201cfeliz\u201d de volver a sentirse \u201centrenador\u201d.<\/p>\n<p class=\"\">\u201cMe siento de nuevo entrenador. Estoy feliz, estoy bien, estoy al cien por cien. Todo el mundo sabe que despu\u00e9s del <b>Eurobasket<\/b> fue duro estar en el hospital\u201d, declar\u00f3 el exjugador despu\u00e9s de la <b>victoria por 89-69<\/b>, en un encuentro clasificatorio para el <b>Mundial 2027<\/b>.<\/p>\n<p class=\"\">El t\u00e9cnico, de <b>46 a\u00f1os<\/b>, tuvo que luchar contra una pancreatitis a poco de comenzar el torneo europeo, a finales de agosto, llegando a estar hospitalizado cinco d\u00edas en la ciudad finlandesa de <b>Tampere<\/b> y de nuevo durante m\u00e1s de cuatro semanas justo despu\u00e9s del torneo. Su asistente, <b>Alan Ibrahimagic<\/b>, dirigi\u00f3 al equipo durante la competici\u00f3n en su lugar, donde <b>Alemania<\/b> gan\u00f3 el oro tras encadenar nueve victorias.<\/p>\n<p class=\"\">El escolta del <b>Real Madrid<\/b> <b>David Kr\u00e4mer<\/b> destac\u00f3 el m\u00e9rito de su seleccionador, que <b>lleg\u00f3 a perder unos 20 kilos<\/b> debido a la enfermedad. \u201cDeber\u00edamos mostrar un gran respeto al entrenador. Estamos incre\u00edblemente orgullosos de \u00e9l. <b>Alemania<\/b>, todo el equipo y todo el mundo est\u00e1 orgulloso de \u00e9l, de c\u00f3mo ha luchado. Es una gran victoria que vuelva a estar en la banda\u201d, coment\u00f3.<\/p>\n<p>Noticias relacionadas<a href=\"https:\/\/as.com\/baloncesto\/mas_baloncesto\/mumbru-recibe-el-alta-tras-32-dias-hospitalizado-f202510-n\/\" class=\"s_m_w\" title=\"El seleccionador alem\u00e1n, ingresado por una pancreatitis, acabar\u00e1 de recuperarse en casa.\" data-tb-link=\"\" rel=\"nofollow noopener\" target=\"_blank\"><img decoding=\"async\" src=\"https:\/\/www.europesays.com\/es\/wp-content\/uploads\/2025\/11\/1764428229_384_Z6VWGTLY6FB3LMJ2GRSYQRCOAY.jpg\" alt=\"Mumbr\u00fa recibe el alta tras 32 d\u00edas hospitalizado\" class=\"\" height=\"9\" width=\"16\"   loading=\"lazy\" data-tb-thumbnail=\"\"\/><\/a><a href=\"https:\/\/as.com\/baloncesto\/mas_baloncesto\/mumbru-debera-pasar-tres-semanas-ingresado-en-el-hospital-n\/\" class=\"s_m_w\" title=\"El entrenador espa\u00f1ol sufri\u00f3 durante el Eurobasket una pancreatitis que le impidi\u00f3 dirigir a Alemania hacia la medalla de oro continental.\" data-tb-link=\"\" rel=\"nofollow noopener\" target=\"_blank\"><img decoding=\"async\" src=\"https:\/\/www.europesays.com\/es\/wp-content\/uploads\/2025\/11\/VKQYQCZJUJI4ZDZ5GCAHDWASAQ.jpg\" alt=\"Mumbr\u00fa deber\u00e1 pasar tres semanas ingresado en el hospital\" class=\"\" height=\"9\" width=\"16\"   loading=\"lazy\" data-tb-thumbnail=\"\"\/><\/a><\/p>\n<p class=\"\">Est\u00e1 previsto que <b>Mumbr\u00fa<\/b> vuelva a liderar desde el banquillo a su equipo el lunes, contra <b>Chipre<\/b> en la ciudad chipriota de <b>Limasol<\/b>. Debido a la sobrecarga de partidos, el t\u00e9cnico no podr\u00e1 contar en ese duelo con <b>Justus Hollatz<\/b>, <b>Isaac Bonga<\/b> y <b>Oscar da Silva<\/b>, todos ellos campeones del <b>Eurobasket<\/b>.<\/p>\n<p class=\"\"><b>\u00a1Tus opiniones importan!<\/b> Comenta en los art\u00edculos y suscr\u00edbete gratis a nuestra <a href=\"https:\/\/asfan.as.com\/newsletters\/\" target=\"_blank\" rel=\"nofollow noopener\" title=\"https:\/\/asfan.as.com\/newsletters\/\">newsletter<\/a> y a las alertas informativas en la <a href=\"https:\/\/as.com\/aplicacion-de-as-n\/\" target=\"_blank\" rel=\"nofollow noopener\" title=\"https:\/\/as.com\/aplicacion-de-as-n\/\">App<\/a> o el canal de <a href=\"https:\/\/www.whatsapp.com\/channel\/0029VaAasdA7j6g745nz9M10\" target=\"_blank\" rel=\"nofollow noopener\" title=\"https:\/\/www.whatsapp.com\/channel\/0029VaAasdA7j6g745nz9M10\">WhatsApp<\/a>. \u00bfBuscas licenciar contenido? Haz clic <a href=\"https:\/\/profesional.elpais.com\/soluciones-sindicacion?utm_medium=interno&amp;utm_source=crosslinking&amp;utm_campaign=sindicacion_as_pie_articulos\" target=\"_blank\" rel=\"nofollow noopener\" title=\"https:\/\/profesional.elpais.com\/soluciones-sindicacion?utm_medium=interno&amp;utm_source=crosslinking&amp;utm_campaign=sindicacion_as_pie_articulos\">aqu\u00ed<\/a><\/p>\n","protected":false},"excerpt":{"rendered":"El seleccionador de baloncesto de Alemania, el espa\u00f1ol \u00c1lex Mumbr\u00fa, vivi\u00f3 este viernes su vuelta a los banquillos&hellip;\n","protected":false},"author":2,"featured_media":262209,"comment_status":"","ping_status":"","sticky":false,"template":"","format":"standard","meta":{"footnotes":""},"categories":[269],"tags":[299,298,168,25,24,23,167],"class_list":{"0":"post-262208","1":"post","2":"type-post","3":"status-publish","4":"format-standard","5":"has-post-thumbnail","7":"category-baloncesto","8":"tag-baloncesto","9":"tag-basketball","10":"tag-deportes","11":"tag-es","12":"tag-espana","13":"tag-spain","14":"tag-sports"},"share_on_mastodon":{"url":"https:\/\/pubeurope.com\/@es\/115633576406532758","error":""},"_links":{"self":[{"href":"https:\/\/www.europesays.com\/es\/wp-json\/wp\/v2\/posts\/262208","targetHints":{"allow":["GET"]}}],"collection":[{"href":"https:\/\/www.europesays.com\/es\/wp-json\/wp\/v2\/posts"}],"about":[{"href":"https:\/\/www.europesays.com\/es\/wp-json\/wp\/v2\/types\/post"}],"author":[{"embeddable":true,"href":"https:\/\/www.europesays.com\/es\/wp-json\/wp\/v2\/users\/2"}],"replies":[{"embeddable":true,"href":"https:\/\/www.europesays.com\/es\/wp-json\/wp\/v2\/comments?post=262208"}],"version-history":[{"count":0,"href":"https:\/\/www.europesays.com\/es\/wp-json\/wp\/v2\/posts\/262208\/revisions"}],"wp:featuredmedia":[{"embeddable":true,"href":"https:\/\/www.europesays.com\/es\/wp-json\/wp\/v2\/media\/262209"}],"wp:attachment":[{"href":"https:\/\/www.europesays.com\/es\/wp-json\/wp\/v2\/media?parent=262208"}],"wp:term":[{"taxonomy":"category","embeddable":true,"href":"https:\/\/www.europesays.com\/es\/wp-json\/wp\/v2\/categories?post=262208"},{"taxonomy":"post_tag","embeddable":true,"href":"https:\/\/www.europesays.com\/es\/wp-json\/wp\/v2\/tags?post=262208"}],"curies":[{"name":"wp","href":"https:\/\/api.w.org\/{rel}","templated":true}]}}