{"id":262210,"date":"2025-11-29T14:58:09","date_gmt":"2025-11-29T14:58:09","guid":{"rendered":"https:\/\/www.europesays.com\/es\/262210\/"},"modified":"2025-11-29T14:58:09","modified_gmt":"2025-11-29T14:58:09","slug":"de-las-lagrimas-de-dani-queipo-al-directiva-dimision","status":"publish","type":"post","link":"https:\/\/www.europesays.com\/es\/262210\/","title":{"rendered":"De las l\u00e1grimas de Dani Queipo al \u201cDirectiva, dimisi\u00f3n\u201d"},"content":{"rendered":"<p class=\"\">El partido entre el Sporting y el Andorra tuvo un final intenso y sorprendente. \u201cHubo un momento en que <b>no sab\u00edas hacia d\u00f3nde enfocar con la c\u00e1mara<\/b>; no sab\u00edas hacia d\u00f3nde disparar\u201d, comentaba un fotoperiodista despu\u00e9s del encuentro. Y esos <b>instantes de alta intensidad<\/b> comenzaron con el cambio de Dani Queipo; a partir de ah\u00ed se desatan sobre todo emociones que Borja Jim\u00e9nez debe <b>empezar a analizar, asimilar y a controlar<\/b> a partir de ahora por lo que puedan afectar a su equipo.<\/p>\n<p class=\"\">El entrenador no se mostr\u00f3 ajeno a todo lo ocurrido y as\u00ed lo analizaba en la sala de prensa: <b>\u201cHablamos de la salud mental<\/b>. Estamos con la m\u00e1xima exigencia, que tienen que estar m\u00e1s acertados, pero a veces sobrepasamos l\u00edneas sin darnos cuenta y vienen los problemas. <b>Los jugadores est\u00e1n con una presi\u00f3n muy grande<\/b> de un club como \u00e9ste y hay que saber llevarla, pero son los nuestros. No vendr\u00e1 nadie a defender o a hacer goles. <b>Tenemos que sacar su mejor versi\u00f3n<\/b> mientras est\u00e9n aqu\u00ed\u201d.<\/p>\n<p class=\"\">Borja Jim\u00e9nez confes\u00f3 tener <b>\u201cmucho respeto al aspecto mental\u201d<\/b> y record\u00f3 que la mejor versi\u00f3n de un futbolista \u201cse da cuando est\u00e1 en un buen estado de \u00e1nimo\u201d. El t\u00e9cnico abulense dice incidir mucho en eso \u201cporque, a veces, no es tanta t\u00e1ctica sino <b>c\u00f3mo se siente el futbolista<\/b> y ah\u00ed tratamos de que est\u00e9n lo mejor posible\u201d.<\/p>\n<p class=\"\">La alarma se ha encendido en el Sporting con este asunto y el detonante en este \u00faltimo encuentro fue <b>la salida del campo de Dani Queipo<\/b>. El joven extremo, que reapareci\u00f3 como titular despu\u00e9s de ocho partidos sin jugar un solo minuto y tras ser se\u00f1alado por Garitano tras la derrota ante el Albacete (3-4), <b>se derrumb\u00f3 cuando fue sustituido<\/b>.<\/p>\n<p class=\"\">Queipo se retir\u00f3 del campo <b>ovacionado, despu\u00e9s de un buen encuentro<\/b>, y rompi\u00f3 a llorar tras el abrazo cari\u00f1oso de su entrenador. No hab\u00eda consuelo para \u00e9l mientras se sentaba en el banquillo y por ello recibi\u00f3 tambi\u00e9n los <b>abrazos continuados de varios compa\u00f1eros<\/b>. Especialmente emotivo fue el m\u00e1s prolongado que le dio Yann Kembo.<\/p>\n<p class=\"\">A ese momento, <b>todav\u00eda con 0-0 en el marcador<\/b>, le siguieron el gol de Lautaro, el enfado del p\u00fablico por la entrada de Caicedo y la explosi\u00f3n final de los aficionados con <b>un grito que sonaba con fuerza y m\u00e1s asiduidad en la \u00e9poca anterior<\/b>, pero que no hab\u00edan catado con toda su virulencia en Orlegi Sports: \u201cDirectiva, dimisi\u00f3n\u201d. <b>La tensi\u00f3n subi\u00f3<\/b> de manera gradual en El Molin\u00f3n.<\/p>\n<p class=\"\">Un <b>error de Lucas Perrin en la salida del bal\u00f3n<\/b> provoc\u00f3 el gol visitante en la primera llegada del Andorra ante Y\u00e1\u00f1ez. El 0-1 cay\u00f3 como un jarro de agua helada en el estadio y desat\u00f3 el nerviosismo tanto en la grada como en el verde. Provoc\u00f3 incluso el <b>primer desencuentro de Borja Jim\u00e9nez con un sector de la grada<\/b> que ten\u00eda a su espalda. El t\u00e9cnico recrimin\u00f3 los pitos de los aficionados, a quienes reclamaba aplausos para el jugador, cuando llam\u00f3 al ecuatoriano para ingresar en el terreno de juego. <b>\u201cEs uno de los nuestros\u201d<\/b>, record\u00f3 despu\u00e9s en la sala de prensa.<\/p>\n<p class=\"\">Despu\u00e9s lleg\u00f3 la \u00faltima jugada del partido, a ra\u00edz de un remate precisamente de Caicedo y los <b>cinco minutos de incertidumbre<\/b> por la revisi\u00f3n de la jugada en la sala VOR hasta que decidieron enviar al \u00e1rbitro al monitor. En ese tiempo ya <b>comenzaron a arreciar en las gradas los gritos de \u201cDirectiva, dimisi\u00f3n\u201d<\/b>. La afici\u00f3n critica a Orlegi Sports por una gesti\u00f3n deportiva que ha debilitado al equipo rojiblanco en las \u00faltimas temporadas.<\/p>\n<p>Noticias relacionadas<\/p>\n<p class=\"\">Ni el empate, obra de Gelabert al transformar el penalti, fue capaz de apaciguar los \u00e1nimos. <b>La afici\u00f3n se march\u00f3 muy enfadada<\/b> tras un partido con numerosas ocasiones falladas y el en\u00e9simo error defensivo que le cuesta un gol a su equipo. Era el <b>quinto partido consecutivo para el Sporting sin conocer la victoria <\/b>y tras el tercer empate seguido en El Molin\u00f3n. Las tres victorias seguidas en el inicio de Borja Jim\u00e9nez en el banquillo parece que han quedado en el olvido.<\/p>\n<p class=\"\"><b>\u00a1Tus opiniones importan!<\/b> Comenta en los art\u00edculos y suscr\u00edbete gratis a nuestra <a href=\"https:\/\/asfan.as.com\/newsletters\/\" target=\"_blank\" rel=\"nofollow noopener\" title=\"https:\/\/asfan.as.com\/newsletters\/\">newsletter<\/a> y a las alertas informativas en la <a href=\"https:\/\/as.com\/aplicacion-de-as-n\/\" target=\"_blank\" rel=\"nofollow noopener\" title=\"https:\/\/as.com\/aplicacion-de-as-n\/\">App<\/a> o el canal de <a href=\"https:\/\/www.whatsapp.com\/channel\/0029VaAasdA7j6g745nz9M10\" target=\"_blank\" rel=\"nofollow noopener\" title=\"https:\/\/www.whatsapp.com\/channel\/0029VaAasdA7j6g745nz9M10\">WhatsApp<\/a>. \u00bfBuscas licenciar contenido? Haz clic <a href=\"https:\/\/profesional.elpais.com\/soluciones-sindicacion?utm_medium=interno&amp;utm_source=crosslinking&amp;utm_campaign=sindicacion_as_pie_articulos\" target=\"_blank\" rel=\"nofollow noopener\" title=\"https:\/\/profesional.elpais.com\/soluciones-sindicacion?utm_medium=interno&amp;utm_source=crosslinking&amp;utm_campaign=sindicacion_as_pie_articulos\">aqu\u00ed<\/a><\/p>\n","protected":false},"excerpt":{"rendered":"El partido entre el Sporting y el Andorra tuvo un final intenso y sorprendente. \u201cHubo un momento en&hellip;\n","protected":false},"author":2,"featured_media":262211,"comment_status":"","ping_status":"","sticky":false,"template":"","format":"standard","meta":{"footnotes":""},"categories":[268],"tags":[168,25,24,280,282,281,23,167],"class_list":{"0":"post-262210","1":"post","2":"type-post","3":"status-publish","4":"format-standard","5":"has-post-thumbnail","7":"category-futbol","8":"tag-deportes","9":"tag-es","10":"tag-espana","11":"tag-football","12":"tag-futbol","13":"tag-soccer","14":"tag-spain","15":"tag-sports"},"share_on_mastodon":{"url":"https:\/\/pubeurope.com\/@es\/115633580140541468","error":""},"_links":{"self":[{"href":"https:\/\/www.europesays.com\/es\/wp-json\/wp\/v2\/posts\/262210","targetHints":{"allow":["GET"]}}],"collection":[{"href":"https:\/\/www.europesays.com\/es\/wp-json\/wp\/v2\/posts"}],"about":[{"href":"https:\/\/www.europesays.com\/es\/wp-json\/wp\/v2\/types\/post"}],"author":[{"embeddable":true,"href":"https:\/\/www.europesays.com\/es\/wp-json\/wp\/v2\/users\/2"}],"replies":[{"embeddable":true,"href":"https:\/\/www.europesays.com\/es\/wp-json\/wp\/v2\/comments?post=262210"}],"version-history":[{"count":0,"href":"https:\/\/www.europesays.com\/es\/wp-json\/wp\/v2\/posts\/262210\/revisions"}],"wp:featuredmedia":[{"embeddable":true,"href":"https:\/\/www.europesays.com\/es\/wp-json\/wp\/v2\/media\/262211"}],"wp:attachment":[{"href":"https:\/\/www.europesays.com\/es\/wp-json\/wp\/v2\/media?parent=262210"}],"wp:term":[{"taxonomy":"category","embeddable":true,"href":"https:\/\/www.europesays.com\/es\/wp-json\/wp\/v2\/categories?post=262210"},{"taxonomy":"post_tag","embeddable":true,"href":"https:\/\/www.europesays.com\/es\/wp-json\/wp\/v2\/tags?post=262210"}],"curies":[{"name":"wp","href":"https:\/\/api.w.org\/{rel}","templated":true}]}}