{"id":262212,"date":"2025-11-29T14:59:18","date_gmt":"2025-11-29T14:59:18","guid":{"rendered":"https:\/\/www.europesays.com\/es\/262212\/"},"modified":"2025-11-29T14:59:18","modified_gmt":"2025-11-29T14:59:18","slug":"una-luna-de-miel-de-lujo-en-el-destino-de-las-parejas-mas-vip","status":"publish","type":"post","link":"https:\/\/www.europesays.com\/es\/262212\/","title":{"rendered":"una luna de miel de lujo en el destino de las parejas m\u00e1s VIP"},"content":{"rendered":"<p id=\"e8tgBViSAi\" data-wc=\"80\">El pasado d\u00eda 22, la creadora del popular m\u00e9todo <strong>ffitpilates<\/strong>, <strong>Coco Constans<\/strong>, y su ya marido, el abogado <strong>Valent\u00ed Sabat\u00e9<\/strong>, se daban el &#8216;s\u00ed, quiero&#8217; en una emotiva ceremonia celebrada en la Iglesia de Santa Mar\u00eda Reina, en el barrio de Pedralbes, Barcelona. La pareja, que ha consolidado una preciosa historia de amor de una d\u00e9cada, ha puesto ahora el broche de oro a este cap\u00edtulo con una luna de miel que evoca lujo, aventura y, sobre todo, mucha paz.<\/p>\n<p> <img src=\"https:\/\/www.europesays.com\/es\/wp-content\/uploads\/2025\/11\/e67c00c8c5c7-honeymoon-day-1-bali-tabanan-3.jpg\"   width=\"768\" height=\"1024\" loading=\"lazy\" decoding=\"async\" alt=\"Media Image\" fetchpriority=\"auto\" class=\"image ho-image\"\/>\u00a9 coconstans<\/p>\n<p> <img src=\"https:\/\/www.europesays.com\/es\/wp-content\/uploads\/2025\/11\/78bcd83dd913-honeymoon-day-1-bali-tabanan-5.jpg\"   width=\"768\" height=\"1024\" loading=\"lazy\" decoding=\"async\" alt=\"Media Image\" fetchpriority=\"auto\" class=\"image ho-image\"\/>\u00a9 coconstans<\/p>\n<p id=\"eTviSRxkd6X\" data-wc=\"93\">Con la emoci\u00f3n de su reciente enlace a\u00fan a flor de piel, y dejando atr\u00e1s el fr\u00edo oto\u00f1al que acompa\u00f1\u00f3 su boda, Coco y Valent\u00ed han elegido un destino de ensue\u00f1o para celebrar sus primeras semanas como marido y mujer: la ex\u00f3tica isla de <strong>Bali<\/strong>, en Indonesia. Un lugar que no es ajeno a las celebraciones VIP, habiendo sido elegido anteriormente por celebridades como Sof\u00eda Castro y Pablo Bernot, Alba D\u00edaz y Marcos Terrones, o incluso, en su momento, Christina Aguilera y Jordan Bratman, convirti\u00e9ndose en uno de los refugios paradis\u00edacos por excelencia.<\/p>\n<p> <img src=\"https:\/\/www.europesays.com\/es\/wp-content\/uploads\/2025\/11\/e3f45cbd360f-honeymoon-day-1-bali-tabanan-4.jpg\"   width=\"768\" height=\"1024\" loading=\"lazy\" decoding=\"async\" alt=\"Media Image\" fetchpriority=\"auto\" class=\"image ho-image\"\/>\u00a9 coconstans<\/p>\n<p> <img src=\"https:\/\/www.europesays.com\/es\/wp-content\/uploads\/2025\/11\/2833fbcac54a-honeymoon-day-1-bali-tabanan-2.jpg\"   width=\"768\" height=\"1024\" loading=\"lazy\" decoding=\"async\" alt=\"Media Image\" fetchpriority=\"auto\" class=\"image ho-image\"\/>\u00a9 coconstans<\/p>\n<p id=\"eAriCw-_8w9\" data-wc=\"54\">La influencer, que cuenta con cerca de 300.000 seguidores en redes sociales, ha compartido pinceladas de estos d\u00edas de ensue\u00f1o, revelando que su primera parada ha sido una estancia de tres d\u00edas en <strong>Tabannan<\/strong>. Desde all\u00ed, la pareja est\u00e1 explorando la isla combinando a la perfecci\u00f3n el m\u00e1ximo lujo con el aut\u00e9ntico turismo callejero.\u00a0<\/p>\n<p> <img src=\"https:\/\/www.europesays.com\/es\/wp-content\/uploads\/2025\/11\/d4f2e0de3e0b-honeymoon-day-1-bali-tabanan-10.jpg\"   width=\"768\" height=\"1024\" loading=\"lazy\" decoding=\"async\" alt=\"Media Image\" fetchpriority=\"auto\" class=\"image ho-image\"\/>\u00a9 coconstans<\/p>\n<p> <img src=\"https:\/\/www.europesays.com\/es\/wp-content\/uploads\/2025\/11\/fb3ba98aea43-honeymoon-day-1-bali-tabanan-1.jpg\"   width=\"768\" height=\"1024\" loading=\"lazy\" decoding=\"async\" alt=\"Media Image\" fetchpriority=\"auto\" class=\"image ho-image\"\/>\u00a9 coconstans<\/p>\n<p id=\"eVmJZ66rqrQy\" data-wc=\"82\">El programa de su viaje est\u00e1 siendo una maravillosa mezcla de relax y planes aventureros. Los reci\u00e9n casados han aprovechado al m\u00e1ximo el id\u00edlico paraje para disfrutar de <strong>ba\u00f1os de ensue\u00f1o<\/strong> en una piscina rodeada de naturaleza, aprovechando al m\u00e1ximo las altas temperaturas y el sol a las puertas de diciembre, un contraste total con el clima de su ciudad natal. Adem\u00e1s, el hotel ha sido el escenario perfecto para que la pareja celebre su estrenado matrimonio con <strong>paz y mucha discreci\u00f3n<\/strong>.<\/p>\n<p> <img src=\"https:\/\/www.europesays.com\/es\/wp-content\/uploads\/2025\/11\/4007341a2042-honeymoon-day-1-bali-tabanan-11.jpg\"   width=\"768\" height=\"1024\" loading=\"lazy\" decoding=\"async\" alt=\"Media Image\" fetchpriority=\"auto\" class=\"image ho-image\"\/>\u00a9 coconstans<\/p>\n<p id=\"eqFLGg_f3F-q\" data-wc=\"63\">Pero si algo es esencial en la vida de la barcelonesa es el deporte, y su luna de miel no ha sido la excepci\u00f3n. Fiel a su compromiso con el bienestar, Coco ha encontrado tiempo para completar su rutina de ejercicio, haciendo uso del gimnasio del hotel, demostrando que para la creadora de <strong>ffitpilates<\/strong> siempre hay espacio para la disciplina y el entrenamiento.<\/p>\n<p> <img src=\"https:\/\/www.europesays.com\/es\/wp-content\/uploads\/2025\/11\/d3cc9ec4bea0-honeymoon-day-1-bali-tabanan-8.jpg\"   width=\"768\" height=\"1024\" loading=\"lazy\" decoding=\"async\" alt=\"Media Image\" fetchpriority=\"auto\" class=\"image ho-image\"\/>\u00a9 coconstans<\/p>\n<p> <img src=\"https:\/\/www.europesays.com\/es\/wp-content\/uploads\/2025\/11\/889ecf1db8a6-honeymoon-day-1-bali-tabanan-.jpg\"   width=\"768\" height=\"1024\" loading=\"lazy\" decoding=\"async\" alt=\"Media Image\" fetchpriority=\"auto\" class=\"image ho-image\"\/>\u00a9 coconstans<\/p>\n<p id=\"e6mzTvA8B60u\" data-wc=\"48\">M\u00e1s all\u00e1 de los mimos en el hotel, la pareja ha optado por planes din\u00e1micos y muy rom\u00e1nticos. Han recorrido la isla en <strong>moto<\/strong>, una experiencia que les ha permitido sumergirse en la vida local y disfrutar de los paisajes balineses de una forma m\u00e1s aut\u00e9ntica y libre.<\/p>\n<p> <img src=\"https:\/\/www.europesays.com\/es\/wp-content\/uploads\/2025\/11\/6391460e80b4-honeymoon-day-1-bali-tabanan-9.jpg\"   width=\"768\" height=\"1024\" loading=\"lazy\" decoding=\"async\" alt=\"Media Image\" fetchpriority=\"auto\" class=\"image ho-image\"\/>\u00a9 coconstans<\/p>\n<p id=\"eby9iBR6Hz5F\" data-wc=\"92\">Por supuesto, la gastronom\u00eda ha sido una parte fundamental de este viaje. La pareja ha disfrutado de la rica comida local, pero tambi\u00e9n han tenido un gui\u00f1o a sus platos favoritos. Han disfrutado de una <strong>cena rom\u00e1ntica<\/strong> en un restaurante, decant\u00e1ndose por una de sus comidas preferidas: la <strong>mexicana<\/strong>. Adem\u00e1s, las largas <strong>caminatas nocturnas<\/strong> bajo el cielo balin\u00e9s han puesto el toque m\u00e1s \u00edntimo y c\u00f3mplice a estas veladas. Y para culminar el relax, la pareja se ha regalado una sesi\u00f3n de cuidados en un <strong>spa de lo m\u00e1s acogedor y relajante<\/strong>.<\/p>\n<p> <img src=\"https:\/\/www.europesays.com\/es\/wp-content\/uploads\/2025\/11\/dbf5acacd156-honeymoon-day-1-bali-tabanan-7.jpg\"   width=\"768\" height=\"1024\" loading=\"lazy\" decoding=\"async\" alt=\"Media Image\" fetchpriority=\"auto\" class=\"image ho-image\"\/>\u00a9 coconstans<\/p>\n<p> <img src=\"https:\/\/www.europesays.com\/es\/wp-content\/uploads\/2025\/11\/2216381ad15b-honeymoon-day-1-bali-tabanan-6.jpg\"   width=\"768\" height=\"1024\" loading=\"lazy\" decoding=\"async\" alt=\"Media Image\" fetchpriority=\"auto\" class=\"image ho-image\"\/>\u00a9 coconstans<br \/>\nLa historia de amor de Coco y Valent\u00ed<\/p>\n<p id=\"epanW_mdmQEQ\" data-wc=\"93\">La celebraci\u00f3n de su luna de miel llega como el broche final a una relaci\u00f3n que comenz\u00f3 en 2015. Coco, nacida en Barcelona en 1994, psic\u00f3loga de formaci\u00f3n y dedicada por completo al bienestar f\u00edsico y mental, encontr\u00f3 en Valent\u00ed, abogado y apasionado del deporte, el complemento perfecto. Como ella misma ha confesado en alguna ocasi\u00f3n, sus personalidades se equilibran a la perfecci\u00f3n: <strong>\u201cSoy ca\u00f3tica y me agobio. \u00c9l tiene memoria, es ordenado, lo entiende todo\u201d<\/strong>. Unas palabras que reflejan la serenidad que el abogado aporta a la energ\u00eda creativa de la influencer.<\/p>\n<p> <img src=\"https:\/\/www.europesays.com\/es\/wp-content\/uploads\/2025\/11\/0c77837d67ff-image20251123134200755.jpg\"   width=\"590\" height=\"1024\" loading=\"lazy\" decoding=\"async\" alt=\"La boda de Coco Constans y Valent\u00ed Sabat\u00e9, Barcelona, 2025.\" fetchpriority=\"auto\" class=\"image ho-image\"\/>\u00a9 coconstans<\/p>\n<p> <img src=\"https:\/\/www.europesays.com\/es\/wp-content\/uploads\/2025\/11\/7a34d878a941-image20251123134201126.jpg\"   width=\"595\" height=\"1024\" loading=\"lazy\" decoding=\"async\" alt=\"La boda de Coco Constans y Valent\u00ed Sabat\u00e9, Barcelona, 2025.\" fetchpriority=\"auto\" class=\"image ho-image\"\/>\u00a9 coconstans<\/p>\n<p id=\"ew_rHnsGeGeM\" data-wc=\"79\">La boda lleg\u00f3 meses despu\u00e9s de que anunciaran su compromiso el pasado mes de febrero, compartiendo entonces unas tiernas im\u00e1genes en la playa con un espectacular anillo y el mensaje: <strong>\u201cDesde hace unos d\u00edas vivimos en una nube\u201d<\/strong>. Un entusiasmo que no ha menguado. D\u00edas antes del enlace, la propia Coco confesaba con humor a sus seguidores: <a class=\"hm-link ho-link\" href=\"https:\/\/www.hola.com\/actualidad\/20251122868980\/coco-constans-valenti-sabate-boda-barcelona-diez-anos-juntos\/\" rel=\"noopener nofollow\" target=\"_blank\" data-mrf-recirculation=\"article-body-link\">\u201cPido perd\u00f3n por adelantado, si en los pr\u00f3ximos d\u00edas soy intensita con la boda, me har\u00e1 mucha ilusi\u00f3n ense\u00f1aros y contaros todo\u201d.<\/a><\/p>\n<p> <img src=\"https:\/\/www.europesays.com\/es\/wp-content\/uploads\/2025\/11\/a46d0a09208c-image20251123134200866.jpg\"   width=\"1024\" height=\"758\" loading=\"lazy\" decoding=\"async\" alt=\"La boda de Coco Constans y Valent\u00ed Sabat\u00e9, Barcelona, 2025.\" fetchpriority=\"auto\" class=\"image ho-image\"\/>\u00a9 coconstans<\/p>\n<p> <img src=\"https:\/\/www.europesays.com\/es\/wp-content\/uploads\/2025\/11\/1fa69f759599-image20251123134200631.jpg\"   width=\"589\" height=\"1024\" loading=\"lazy\" decoding=\"async\" alt=\"La boda de Coco Constans y Valent\u00ed Sabat\u00e9, Barcelona, 2025.\" fetchpriority=\"auto\" class=\"image ho-image\"\/>\u00a9 coconstans<\/p>\n<p id=\"eJ1489N9mJFT\" data-wc=\"74\">Ahora, la pareja est\u00e1 cumpliendo su sue\u00f1o de casarse y de disfrutar de una luna de miel que, como la propia creadora de contenido ha desvelado, no terminar\u00e1 con los tres d\u00edas en Tabannan, ya que su intenci\u00f3n es <strong>disfrutar al m\u00e1ximo de Bali y no quedarse solamente ah\u00ed<\/strong>. Un destino que simboliza la paz, la prosperidad y el amor, justo lo que la pareja se desea para esta nueva etapa de vida juntos.<\/p>\n<p> <img src=\"https:\/\/www.europesays.com\/es\/wp-content\/uploads\/2025\/11\/218dd217dca4-image20251123134159924.jpg\"   width=\"607\" height=\"1024\" loading=\"lazy\" decoding=\"async\" alt=\"La boda de Coco Constans y Valent\u00ed Sabat\u00e9, Barcelona, 2025.\" fetchpriority=\"auto\" class=\"image ho-image\"\/>\u00a9 coconstans<\/p>\n","protected":false},"excerpt":{"rendered":"El pasado d\u00eda 22, la creadora del popular m\u00e9todo ffitpilates, Coco Constans, y su ya marido, el abogado&hellip;\n","protected":false},"author":2,"featured_media":262213,"comment_status":"","ping_status":"","sticky":false,"template":"","format":"standard","meta":{"footnotes":""},"categories":[174],"tags":[517,255,146,147,25,24,256,23],"class_list":{"0":"post-262212","1":"post","2":"type-post","3":"status-publish","4":"format-standard","5":"has-post-thumbnail","7":"category-famosos","8":"tag-actualidad","9":"tag-celebrities","10":"tag-entertainment","11":"tag-entretenimiento","12":"tag-es","13":"tag-espana","14":"tag-famosos","15":"tag-spain"},"share_on_mastodon":{"url":"https:\/\/pubeurope.com\/@es\/115633587072202218","error":""},"_links":{"self":[{"href":"https:\/\/www.europesays.com\/es\/wp-json\/wp\/v2\/posts\/262212","targetHints":{"allow":["GET"]}}],"collection":[{"href":"https:\/\/www.europesays.com\/es\/wp-json\/wp\/v2\/posts"}],"about":[{"href":"https:\/\/www.europesays.com\/es\/wp-json\/wp\/v2\/types\/post"}],"author":[{"embeddable":true,"href":"https:\/\/www.europesays.com\/es\/wp-json\/wp\/v2\/users\/2"}],"replies":[{"embeddable":true,"href":"https:\/\/www.europesays.com\/es\/wp-json\/wp\/v2\/comments?post=262212"}],"version-history":[{"count":0,"href":"https:\/\/www.europesays.com\/es\/wp-json\/wp\/v2\/posts\/262212\/revisions"}],"wp:featuredmedia":[{"embeddable":true,"href":"https:\/\/www.europesays.com\/es\/wp-json\/wp\/v2\/media\/262213"}],"wp:attachment":[{"href":"https:\/\/www.europesays.com\/es\/wp-json\/wp\/v2\/media?parent=262212"}],"wp:term":[{"taxonomy":"category","embeddable":true,"href":"https:\/\/www.europesays.com\/es\/wp-json\/wp\/v2\/categories?post=262212"},{"taxonomy":"post_tag","embeddable":true,"href":"https:\/\/www.europesays.com\/es\/wp-json\/wp\/v2\/tags?post=262212"}],"curies":[{"name":"wp","href":"https:\/\/api.w.org\/{rel}","templated":true}]}}