{"id":262214,"date":"2025-11-29T15:00:33","date_gmt":"2025-11-29T15:00:33","guid":{"rendered":"https:\/\/www.europesays.com\/es\/262214\/"},"modified":"2025-11-29T15:00:33","modified_gmt":"2025-11-29T15:00:33","slug":"nerja-rinde-homenaje-a-la-virgen-del-carmen-con-una-escultura-y-un-mirador","status":"publish","type":"post","link":"https:\/\/www.europesays.com\/es\/262214\/","title":{"rendered":"Nerja rinde homenaje a la Virgen del Carmen con una escultura y un mirador"},"content":{"rendered":"<p>La devoci\u00f3n por la Virgen del Carmen, la patrona de los pescadores y marineros, <a href=\"https:\/\/www.diariosur.es\/semana-santa\/malaga-renueva-fidelidad-virgen-carmen-20250715213758-nt.html\" target=\"_self\" data-voc-vtm-id=\"in-text-traffic\" title=\"es una de las que m\u00e1s arraigo tiene a lo largo y ancho de la provincia.\" data-mrf-link=\"www.diariosur.es\" rel=\"nofollow noopener\">es una de las que m\u00e1s arraigo tiene a lo largo y ancho de la provincia.<\/a> &#8230;  As\u00ed se demuestra cada 16 de julio con las conocidas procesiones mar\u00edtimo-terrestres que jalonan todo el litoral malague\u00f1o. En Nerja han decidido rendirle un especial tributo con una nueva escultura y un mirador en la zona del paseo mar\u00edtimo de la playa de La Torrecilla, que se han inaugurado este viernes. <\/p>\n<p class=\"v-p\">La pieza es una obra del <a href=\"https:\/\/www.diariosur.es\/axarquia\/201702\/06\/francisco-martin-abre-galeria-20170206010318-v.html\" target=\"_self\" data-voc-vtm-id=\"in-text-traffic\" title=\"artista torre\u00f1o Paco Mart\u00edn\" data-mrf-link=\"www.diariosur.es\" rel=\"nofollow noopener\">artista torre\u00f1o Paco Mart\u00edn<\/a>, que es el autor de cerca de un centenar de piezas repartidas por toda la provincia, desde sus famosas cabras monteses en Alcauc\u00edn o el mirador del Juanar, en Oj\u00e9n, hasta sus homenajes al miguero de Torrox, el agricultor de Algarrobo, el marengo de El Morche o la docena de piezas repartidas entre V\u00e9lez-M\u00e1laga y Torre del Mar. En la localidad costera m\u00e1s oriental de la provincia ya contaba con otras esculturas muy conocidas como las del rey Alfonso XII, la de Chanquete, la del homenaje a los descubridores de la Cueva de Nerja o la del <a href=\"https:\/\/www.diariosur.es\/v\/20100604\/axarquia\/nerja-homenajea-pepe-pascual-20100604.html\" target=\"_self\" data-voc-vtm-id=\"in-text-traffic\" title=\"cronista de la localidad fallecido en 2012 Jos\u00e9 Adolfo Pascual.\" data-mrf-link=\"www.diariosur.es\" rel=\"nofollow noopener\">cronista de la localidad fallecido en 2012 Jos\u00e9 Adolfo Pascual.<\/a><\/p>\n<p>Mart\u00edn es el autor de otras piezas muy conocidas en Nerja como la escultura del rey Alfonso XII o la de Chanquete<\/p>\n<p class=\"v-p\">Al sencillo acto de inauguraci\u00f3n han asistido este viernes el alcalde nerje\u00f1o, Jos\u00e9 Alberto Armijo (PP), el artista ax\u00e1rquico, el p\u00e1rroco Antonio Jes\u00fas Carrasco, e integrantes de la Hermandad de la Virgen del Carmen, en una ma\u00f1ana soleada y fresca en este \u00faltimo viernes de noviembre. Todos los asistentes han destacado la belleza de la pieza escult\u00f3rica, realizada con diversos materiales como el poli\u00e9ster, hierro, marmolina, resinas y pan de oro.<\/p>\n<p class=\"v-p\">La obra, de 350 kilos de peso, mide casi cuatro metros, sumando los dos del pedestal y los 1,95 de la pieza. La Virgen del Carmen se asoma ya al Mediterr\u00e1neo en el tramo final del paseo de La Torrecilla, a pocos metros de la zona donde este sendero queda interrumpido. El Ayuntamiento lleva a\u00f1os haciendo gestiones para ampliar este tramo y conectarlo con el Balc\u00f3n de Europa.<\/p>\n<p>\u00abA\u00f1os fruc\u00edferos\u00bb<\/p>\n<p class=\"v-p\">El alcalde destac\u00f3 que la hermandad no pod\u00eda cerrar de mejor manera la etapa de gobierno de David Rom\u00e1n como hermano mayor, resaltando en un comunicado que \u00abhan sido a\u00f1os fruct\u00edferos para la misma, y de consolidaci\u00f3n de una gran tradici\u00f3n en Nerja por su vinculaci\u00f3n con los pescadores y la gente de la mar\u00bb. Asimismo, se\u00f1al\u00f3 que David Rom\u00e1n \u00abha sido el art\u00edfice de la iniciativa planteada al Ayuntamiento en representaci\u00f3n de la hermandad\u00bb. Adem\u00e1s, subray\u00f3 que este Mirador del Carmen que alberga su escultura, ser\u00e1 \u00abun referente tur\u00edstico y un lugar de oraci\u00f3n y devoci\u00f3n hacia la patrona de los marineros\u00bb, al tiempo que ratific\u00f3 el apoyo del Ayuntamiento a la Hermandad.<\/p>\n<p class=\"v-p\">Por su parte, David Rom\u00e1n agradeci\u00f3 a la corporaci\u00f3n su respaldo y apoyo con esta iniciativa, especialmente al alcalde, \u00abquien siempre ha atendido las peticiones de la hermandad\u00bb, dijo. Asimismo, agradeci\u00f3 la colaboraci\u00f3n prestada por los Servicios Municipales para la correcta instalaci\u00f3n de la escultura. Reconoci\u00f3 que se trataba de un reto, pero que hoy se ha convertido en una realidad que podr\u00e1n disfrutar nerje\u00f1os, mare\u00f1os y todas las personas que visiten la localidad.<\/p>\n<p class=\"v-p\">Por su parte, el artista ha manifestado que la pieza es \u00abuno de los retos art\u00edsticos m\u00e1s importantes\u00bb que ha tenido a lo largo de su dilatada carrera, ya que es la primera vez que hace una escultura sin un molde previo en resina. \u00abPara m\u00ed ha sido todo un desaf\u00edo, he estado seis meses trabajando sin parar, con mucha ilusi\u00f3n y espero que a la gente le guste como ha quedado\u00bb, ha apuntado a SUR, al tiempo que ha destacado que el enclave elegido es \u00abespectacular\u00bb. \u00abTiene iluminaci\u00f3n nocturna, va a ser un punto de encuentro, con el mirador del Chanquete al fondo y el Balc\u00f3n de Europa\u00bb, ha descrito.<\/p>\n<p>Tres im\u00e1genes del acto de inauguraci\u00f3n y de la nueva escultura en Nerja.<\/p>\n<p>SUR<\/p>\n<p><img decoding=\"async\" loading=\"lazy\" src=\"https:\/\/www.europesays.com\/es\/wp-content\/uploads\/2025\/11\/esculturanerjados-U50778212718oRF-1200x841@Diario Sur.jpg\" class=\"v-mdl__img-z\" width=\"1200\" height=\"841\" alt=\"Imagen principal - Tres im\u00e1genes del acto de inauguraci\u00f3n y de la nueva escultura en Nerja.\"\/><\/p>\n<p><img decoding=\"async\" loading=\"lazy\" src=\"https:\/\/www.europesays.com\/es\/wp-content\/uploads\/2025\/11\/esculturanerjatres-U73425120040XEZ-1200x851@Diario Sur.jpg\" class=\"v-mdl__img-z\" width=\"1200\" height=\"851\" alt=\"Imagen secundaria 1 - Tres im\u00e1genes del acto de inauguraci\u00f3n y de la nueva escultura en Nerja.\"\/><\/p>\n<p><img decoding=\"async\" loading=\"lazy\" src=\"https:\/\/www.europesays.com\/es\/wp-content\/uploads\/2025\/11\/esculturanerjacuatro-U22224405653PfQ-711x841@Diario Sur.jpg\" class=\"v-mdl__img-z\" width=\"711\" height=\"841\" alt=\"Imagen secundaria 2 - Tres im\u00e1genes del acto de inauguraci\u00f3n y de la nueva escultura en Nerja.\"\/><\/p>\n<p class=\"v-p\">El acto concluy\u00f3 con la interpretaci\u00f3n de la Salve a la Gloriosa Virgen del Carmen de Nerja por parte de la Pastoral de Las Protegidas, compuesta en 2024.  Fue la Junta de Gobierno Local la que aprob\u00f3 una moci\u00f3n conjunta del regidor, la concejala de Turismo, Ana Mar\u00eda Mu\u00f1oz, y la portavoz del grupo popular, \u00c1ngela D\u00edaz, a petici\u00f3n de la hermandad, acordando la instalaci\u00f3n de una escultura de la patrona de los marineros en la prolongaci\u00f3n del mencionado paseo mar\u00edtimo de la Torrecilla, y denominar su emplazamiento como &#8216;Mirador Virgen del Carmen&#8217;. <\/p>\n<p class=\"v-p\">El acuerdo fue ratificado por el pleno de la corporaci\u00f3n celebrado en el d\u00eda de ayer, 27 de noviembre con los votos a favor del Partido Popular y el Partido Socialista. El regidor nerje\u00f1o ha destacado en un comunicado que la instalaci\u00f3n de la escultura en este nuevo mirador \u00abconvertir\u00e1 el lugar en un espacio religioso, cultural y tur\u00edstico para vecinos y visitantes, al mismo tiempo que mejorar\u00e1 y embellecer\u00e1 el entorno. Ser\u00e1 todo un referente muy especial para la gente de la mar\u00bb, ha considerado.<\/p>\n<p>\u00abProfunda devoci\u00f3n\u00bb<\/p>\n<p class=\"v-p\">La Virgen del Carmen tiene un significado muy especial para Nerja. Muchos vecinos sienten una profunda devoci\u00f3n hacia ella, no solo los marineros, sino tambi\u00e9n familias que la veneran como s\u00edmbolo de protecci\u00f3n, fe y esperanza. M\u00e1s all\u00e1 de su dimensi\u00f3n religiosa, la Virgen del Carmen \u00abrepresenta la conexi\u00f3n entre Nerja y el mar, la memoria de sus ra\u00edces y la identidad como pueblo marinero\u00bb.<\/p>\n<p class=\"v-p\">Por su parte, la concejala de Turismo ha resaltado que la festividad de la Virgen del Carmen \u00abdespierta un gran inter\u00e9s tur\u00edstico, al congregar cada a\u00f1o a cientos de personas, que quedan admiradas por esta tradici\u00f3n tan nuestra\u00bb. Asimismo, ha recordado que esta celebraci\u00f3n \u00abha sido declarada por nuestro Ayuntamiento como Fiesta de Especial Inter\u00e9s Tur\u00edstico Local y que se ha solicitado su reconocimiento como Fiesta de Inter\u00e9s Tur\u00edstico Provincial a la Diputaci\u00f3n Provincial de M\u00e1laga\u00bb.<\/p>\n<p>Mejoras en el cementerio<\/p>\n<p class=\"v-p\">Por otro lado, la concejala de Servicios Municipales, Mar\u00eda del Carmen L\u00f3pez (PP), ha informado en un comunicado del inicio de las obras de mejora del pavimento en el pasillo suroeste del cementerio municipal. Los trabajos, que est\u00e1n siendo ejecutados por la empresa Nueva Rocasa, se financian con recursos municipales y cuentan con un presupuesto total de 18.079,82 euros.<\/p>\n<p class=\"v-p\">La edil ha destacado que se est\u00e1 colocando un pavimento de granito similar al existente en las zonas contiguas, con el objetivo de evitar encharcamientos y generar una superficie continua con el patio principal. Actualmente, este pasillo se encuentra simplemente hormigonado, pero sin pavimento acabado. En ese sentido, L\u00f3pez ha se\u00f1alado que estas obras son el inicio de las mejoras que se llevar\u00e1n a cabo en el camposanto, y que continuar\u00e1n con la pavimentaci\u00f3n del patio interior.<\/p>\n","protected":false},"excerpt":{"rendered":"La devoci\u00f3n por la Virgen del Carmen, la patrona de los pescadores y marineros, es una de las&hellip;\n","protected":false},"author":2,"featured_media":262215,"comment_status":"","ping_status":"","sticky":false,"template":"","format":"standard","meta":{"footnotes":""},"categories":[173],"tags":[229,233,231,230,14750,232,234,146,147,25,1246,24,6552,5983,61602,29425,23,7699],"class_list":{"0":"post-262214","1":"post","2":"type-post","3":"status-publish","4":"format-standard","5":"has-post-thumbnail","7":"category-arte-y-diseno","8":"tag-arte","9":"tag-arte-y-diseno","10":"tag-arts","11":"tag-arts-and-design","12":"tag-carmen","13":"tag-design","14":"tag-diseno","15":"tag-entertainment","16":"tag-entretenimiento","17":"tag-es","18":"tag-escultura","19":"tag-espana","20":"tag-homenaje","21":"tag-mirador","22":"tag-nerja","23":"tag-rendira","24":"tag-spain","25":"tag-virgen"},"share_on_mastodon":{"url":"https:\/\/pubeurope.com\/@es\/115633587861819222","error":""},"_links":{"self":[{"href":"https:\/\/www.europesays.com\/es\/wp-json\/wp\/v2\/posts\/262214","targetHints":{"allow":["GET"]}}],"collection":[{"href":"https:\/\/www.europesays.com\/es\/wp-json\/wp\/v2\/posts"}],"about":[{"href":"https:\/\/www.europesays.com\/es\/wp-json\/wp\/v2\/types\/post"}],"author":[{"embeddable":true,"href":"https:\/\/www.europesays.com\/es\/wp-json\/wp\/v2\/users\/2"}],"replies":[{"embeddable":true,"href":"https:\/\/www.europesays.com\/es\/wp-json\/wp\/v2\/comments?post=262214"}],"version-history":[{"count":0,"href":"https:\/\/www.europesays.com\/es\/wp-json\/wp\/v2\/posts\/262214\/revisions"}],"wp:featuredmedia":[{"embeddable":true,"href":"https:\/\/www.europesays.com\/es\/wp-json\/wp\/v2\/media\/262215"}],"wp:attachment":[{"href":"https:\/\/www.europesays.com\/es\/wp-json\/wp\/v2\/media?parent=262214"}],"wp:term":[{"taxonomy":"category","embeddable":true,"href":"https:\/\/www.europesays.com\/es\/wp-json\/wp\/v2\/categories?post=262214"},{"taxonomy":"post_tag","embeddable":true,"href":"https:\/\/www.europesays.com\/es\/wp-json\/wp\/v2\/tags?post=262214"}],"curies":[{"name":"wp","href":"https:\/\/api.w.org\/{rel}","templated":true}]}}