{"id":262216,"date":"2025-11-29T15:02:11","date_gmt":"2025-11-29T15:02:11","guid":{"rendered":"https:\/\/www.europesays.com\/es\/262216\/"},"modified":"2025-11-29T15:02:11","modified_gmt":"2025-11-29T15:02:11","slug":"de-stranger-things-al-ultimo-trabajo-de-la-recordada-veronica-echegui","status":"publish","type":"post","link":"https:\/\/www.europesays.com\/es\/262216\/","title":{"rendered":"de &#8216;Stranger Things&#8217; al \u00faltimo trabajo de la recordada Ver\u00f3nica Echegui"},"content":{"rendered":"<p class=\"paragraph\">La serie Ciudad de sombras, \u00faltimo trabajo de la actriz <b>Ver\u00f3nica Echegui<\/b>, fallecida el pasado 24 de agosto a los 42 a\u00f1os, es uno de los estrenos m\u00e1s esperados de diciembre, junto al fraccionado final de Strangers Things.<b> <\/b><b>Ciudad de sombras<\/b>, que se estrenar\u00e1 el 12 de diciembre en Netflix, es un thriller basado en la novela El verdugo de Gaud\u00ed, de Aro S\u00e1inz de la Maza, la primera de la saga polic\u00edaca del inspector Milo Malart, que interpreta  Isak F\u00e9rriz.<\/p>\n<p class=\"paragraph\">La serie sigue la investigaci\u00f3n de un macabro crimen en el coraz\u00f3n de Barcelona. Un cuerpo calcinado ha aparecido en la fachada del ic\u00f3nico edificio de Gaud\u00ed La Pedrera-Casa Mil\u00e1. El inspector Milo Malart (Isak F\u00e9rriz), recientemente suspendido por insubordinaci\u00f3n, vuelve al servicio en Barcelona. Junto a la subinspectora Rebeca Garrido (<b>Ver\u00f3nica Echegui<\/b>) se lanza a la b\u00fasqueda del autor del crimen.<\/p>\n<p class=\"paragraph\">Antes, el 4 de diciembre, llegar\u00e1 <b>Terra Alta<\/b> (Movistar Plus +), un thriller inspirado en el libro de Javier Cercas, con Miguel Bernardeau, Iv\u00e1n Massagu\u00e9, Marta Etura, Bea Segura y Goya Toledo en el reparto. El argumento se desarrolla en seis episodios y gira en torno al doble crimen de unos empresarios, torturados previamente, en una zona rural.<\/p>\n<p class=\"paragraph\">Ese mismo d\u00eda se estrena la primera temporada de<b> Los abandonados<\/b> (Netflix), un w\u00e9stern con Gillian Anderson y una trama llena de amor y secretos indescifrables.<\/p>\n<p class=\"paragraph\">El 6 de diciembre, SkyShowtime estrena<b> The Iris Affair<\/b>, con Tom Hollander y Niamh Algar, un thriller sobre tecnolog\u00eda con los imponentes escenarios de lugares como Roma, Cerde\u00f1a o Florencia, donde se desencadena una persecuci\u00f3n de la protagonista, quien desaparece tras apoderarse de la secuencia para activar una poderosa herramienta tecnol\u00f3gica.<\/p>\n<p class=\"paragraph\">El 11 de diciembre vuelve Mr. Bean con <b>El hombre contra el beb\u00e9<\/b> (Netflix), con Rowan Atkinson en una aventura de lo m\u00e1s navide\u00f1o.<\/p>\n<p class=\"paragraph\">El 17 llegar\u00e1 a Prime Video la segunda temporada de <b>Fallout<\/b>, basada en la saga de videojuegos, y que retoma el \u00e9xito de la primera temporada para continuar las aventuras apocal\u00edpticas de la actriz Ella Purnell en un mundo hostil plagado de peligros.<\/p>\n<p class=\"paragraph\"><b>Emily en Par\u00eds <\/b>(Netflix, 18 de diciembre) vuelve para alegr\u00eda de su legi\u00f3n de seguidores con la quinta temporada. Emily -Lily Collins- abandon\u00f3 Par\u00eds en los \u00faltimos cap\u00edtulos de la anterior temporada para embarcarse en aventuras italianas y all\u00ed contin\u00faa la serie. La protagonista tendr\u00e1 que hacer frente a nuevos retos profesionales y amorosos en una nueva temporada que rescata al elenco principal.<\/p>\n<p class=\"paragraph\">El 26 de diciembre llegar\u00e1n adem\u00e1s tres episodios m\u00e1s de la quinta y \u00faltima temporada de <b>Stranger Things<\/b> (Netflix), dividida en tres partes, y que ver\u00e1 su gran final  el 1 de enero.<\/p>\n","protected":false},"excerpt":{"rendered":"La serie Ciudad de sombras, \u00faltimo trabajo de la actriz Ver\u00f3nica Echegui, fallecida el pasado 24 de agosto&hellip;\n","protected":false},"author":2,"featured_media":262217,"comment_status":"","ping_status":"","sticky":false,"template":"","format":"standard","meta":{"footnotes":""},"categories":[171],"tags":[146,147,25,24,23,214],"class_list":{"0":"post-262216","1":"post","2":"type-post","3":"status-publish","4":"format-standard","5":"has-post-thumbnail","7":"category-tv","8":"tag-entertainment","9":"tag-entretenimiento","10":"tag-es","11":"tag-espana","12":"tag-spain","13":"tag-tv"},"share_on_mastodon":{"url":"https:\/\/pubeurope.com\/@es\/115633595516631794","error":""},"_links":{"self":[{"href":"https:\/\/www.europesays.com\/es\/wp-json\/wp\/v2\/posts\/262216","targetHints":{"allow":["GET"]}}],"collection":[{"href":"https:\/\/www.europesays.com\/es\/wp-json\/wp\/v2\/posts"}],"about":[{"href":"https:\/\/www.europesays.com\/es\/wp-json\/wp\/v2\/types\/post"}],"author":[{"embeddable":true,"href":"https:\/\/www.europesays.com\/es\/wp-json\/wp\/v2\/users\/2"}],"replies":[{"embeddable":true,"href":"https:\/\/www.europesays.com\/es\/wp-json\/wp\/v2\/comments?post=262216"}],"version-history":[{"count":0,"href":"https:\/\/www.europesays.com\/es\/wp-json\/wp\/v2\/posts\/262216\/revisions"}],"wp:featuredmedia":[{"embeddable":true,"href":"https:\/\/www.europesays.com\/es\/wp-json\/wp\/v2\/media\/262217"}],"wp:attachment":[{"href":"https:\/\/www.europesays.com\/es\/wp-json\/wp\/v2\/media?parent=262216"}],"wp:term":[{"taxonomy":"category","embeddable":true,"href":"https:\/\/www.europesays.com\/es\/wp-json\/wp\/v2\/categories?post=262216"},{"taxonomy":"post_tag","embeddable":true,"href":"https:\/\/www.europesays.com\/es\/wp-json\/wp\/v2\/tags?post=262216"}],"curies":[{"name":"wp","href":"https:\/\/api.w.org\/{rel}","templated":true}]}}