{"id":262220,"date":"2025-11-29T15:06:11","date_gmt":"2025-11-29T15:06:11","guid":{"rendered":"https:\/\/www.europesays.com\/es\/262220\/"},"modified":"2025-11-29T15:06:11","modified_gmt":"2025-11-29T15:06:11","slug":"las-5-mejores-frutas-para-combatir-el-estres-segun-el-cardiologo-aurelio-rojas-esta-fruta-puede-cambiarte-por-completo-en-tan-solo-cuatro-dias","status":"publish","type":"post","link":"https:\/\/www.europesays.com\/es\/262220\/","title":{"rendered":"Las 5 mejores frutas para combatir el estr\u00e9s seg\u00fan el cardi\u00f3logo Aurelio Rojas: \u00abEsta fruta puede cambiarte por completo en tan solo cuatro d\u00edas\u00bb"},"content":{"rendered":"<p class=\"ft-text\">La <strong>fruta <\/strong>es un alimento fundamental en nuestra <a class=\"ft-link ft-link--decoration\" href=\"https:\/\/www.elperiodico.com\/es\/temas\/alimentacion-16090\" rel=\"nofollow noopener\" target=\"_blank\">alimentaci\u00f3n<\/a> gracias a las diferentes <strong>vitaminas y la fibra<\/strong> que nos aporta. Pero, adem\u00e1s, tiene un <strong>beneficio que suele pasar desapercibido:<\/strong> algunas frutas tambi\u00e9n nos <strong>ayudan a combatir el estr\u00e9s.<\/strong><\/p>\n<p class=\"ft-text\"><strong>El cardi\u00f3logo Aurelio Rojas<\/strong>, conocido en <a class=\"ft-link ft-link--decoration\" href=\"https:\/\/www.elperiodico.com\/es\/temas\/redes-sociales-34032\" rel=\"nofollow noopener\" target=\"_blank\">redes sociales<\/a> como <strong>doctorrojass<\/strong>, ha publicado en su cuenta de <a class=\"ft-link ft-link--decoration\" href=\"https:\/\/www.elperiodico.com\/es\/temas\/instagram-15491\" rel=\"nofollow noopener\" target=\"_blank\">Instagram<\/a> un v\u00eddeo donde elabora una <strong>lista de las cinco frutas que m\u00e1s ayudan a combatir el estr\u00e9s.<\/strong><\/p>\n<p class=\"ft-text\">En quinto lugar, el doctor Rojas coloca a los <strong>ar\u00e1ndanos<\/strong>. \u201cAyudan a reducir la inflamaci\u00f3n sist\u00e9mica asociada al estr\u00e9s cr\u00f3nico y <strong>mejoran la funci\u00f3n cognitiva<\/strong> en situaciones de fatiga mental\u201d, asegura el experto.<\/p>\n<p class=\"ft-text\">A\u00f1ade que los ar\u00e1ndanos son<strong> ricos en antocianinas<\/strong>, el pigmento que les <strong>proporciona su color morado o rojo tan caracter\u00edstico<\/strong>. Este elemento tiene una <strong>funci\u00f3n antioxidante<\/strong> para nuestro organismo.<\/p>\n<p class=\"ft-text\">La <strong>naranja <\/strong>contiene una alta cantidad de <strong>vitamina C<\/strong> que, seg\u00fan el cardi\u00f3logo, contribuye a<strong> reducir el cortisol<\/strong>, una hormona que se libera en momentos de estr\u00e9s. Los c\u00edtricos tambi\u00e9n ayudan a <strong>mejorar la respuesta inmunitaria<\/strong> cuando sufrimos mucho estr\u00e9s.<\/p>\n<p class=\"ft-text\">El <strong>pl\u00e1tano, <\/strong>adem\u00e1s de ser rico en <strong>potasio<\/strong>, tambi\u00e9n lo es en <strong>tript\u00f3fano<\/strong>, la materia prima con la que se <strong>produce posteriormente la serotonina<\/strong>, conocida popularmente como la <strong>hormona de la felicidad<\/strong>, ya que se encarga de<strong> controlar el estado de \u00e1nimo<\/strong>.<\/p>\n<p class=\"ft-text\">En segundo lugar, en la lista del doctor Rojas encontramos el <strong>aguacate<\/strong> que, aunque no es dulce, es una fruta. \u201cEl aguacate <strong>contiene vitamina B6,<\/strong> que es clave en algunos neurotransmisores del bienestar como <strong>la serotonina o la dopamina<\/strong>\u201d.<\/p>\n<p class=\"ft-text\">El aguacate tambi\u00e9n <strong>contribuye a estabilizar la glucosa.<\/strong> \u201cSi reducimos los picos de glucosa, es decir, los aumentos repentinos en los niveles de az\u00facar en sangre, reducimos tambi\u00e9n el estr\u00e9s\u201d.<\/p>\n<p class=\"ft-text\"><strong>La mejor fruta para combatir el estr\u00e9s<\/strong>, seg\u00fan el cardi\u00f3logo,<strong> es el kiwi<\/strong>. \u201cEsta fruta <strong>puede cambiarte por completo en tan solo cuatro d\u00edas<\/strong> si sufres de estr\u00e9s\u201d, afirma Rojas.<\/p>\n<p class=\"ft-text\">El kiwi\u00a0nos aporta <strong>numerosos beneficios<\/strong>, ya que contiene una alta cantidad de <strong>vitamina C, fibra<\/strong> que regula el sistema digestivo, niveles elevados de<strong> potasio y antioxidantes<\/strong>, en tan solo una pieza de fruta.<\/p>\n<p class=\"ft-text\">En el v\u00eddeo, Rojas menciona <a class=\"ft-link ft-link--decoration\" href=\"https:\/\/www.cambridge.org\/core\/journals\/british-journal-of-nutrition\/article\/smartphone-survey-data-reveal-the-timecourse-of-changes-in-mood-outcomes-following-vitamin-c-or-kiwifruit-intervention-in-adults-with-low-vitamin-c\/A11392F65C78C20A7C2FA8BA1B5B7AAC\" rel=\"nofollow noopener\" target=\"_blank\">un estudio publicado en &#8216;British Journal of Nutrition&#8217; en 2023<\/a>, donde se comprob\u00f3 que <strong>\u201cconsumir dos kiwis al d\u00eda, durante dos semanas<\/strong>, mejor\u00f3 el bienestar general del 60% de personas participantes, redujo la fatiga y el cansancio de un 35%, y <strong>baj\u00f3 significativamente los niveles de estr\u00e9s\u201d<\/strong>, adem\u00e1s de que <a class=\"ft-link ft-link--decoration\" href=\"https:\/\/www.elperiodico.com\/es\/sociedad\/20250526\/kiwi-dormir-cardiologo-aurelio-rojas-hora-antes-video-dv-116303861\" rel=\"nofollow noopener\" target=\"_blank\">ayuda a conciliar el sue\u00f1o, seg\u00fan ha explicado Rojas con anterioridad<\/a>.<\/p>\n<p class=\"ft-text\">Adem\u00e1s, este estudio mostr\u00f3 que <strong>la combinaci\u00f3n de nutrientes del kiwi mejora mucho m\u00e1s la <\/strong><a class=\"ft-link ft-link--decoration\" href=\"https:\/\/www.elperiodico.com\/es\/temas\/salud-6312\" rel=\"nofollow noopener\" target=\"_blank\"><strong>salud<\/strong><\/a><strong> que la vitamina C sola.<\/strong><\/p>\n","protected":false},"excerpt":{"rendered":"La fruta es un alimento fundamental en nuestra alimentaci\u00f3n gracias a las diferentes vitaminas y la fibra que&hellip;\n","protected":false},"author":2,"featured_media":262221,"comment_status":"","ping_status":"","sticky":false,"template":"","format":"standard","meta":{"footnotes":""},"categories":[92],"tags":[3214,24524,4234,4482,25,24,11909,11294,165,4536,1922,166,23],"class_list":{"0":"post-262220","1":"post","2":"type-post","3":"status-publish","4":"format-standard","5":"has-post-thumbnail","7":"category-salud","8":"tag-alimentacion","9":"tag-cardiologo-aurelio-rojas","10":"tag-combatir","11":"tag-dv","12":"tag-es","13":"tag-espana","14":"tag-estres","15":"tag-frutas","16":"tag-health","17":"tag-instagram","18":"tag-redes-sociales","19":"tag-salud","20":"tag-spain"},"share_on_mastodon":{"url":"https:\/\/pubeurope.com\/@es\/115633611341914269","error":""},"_links":{"self":[{"href":"https:\/\/www.europesays.com\/es\/wp-json\/wp\/v2\/posts\/262220","targetHints":{"allow":["GET"]}}],"collection":[{"href":"https:\/\/www.europesays.com\/es\/wp-json\/wp\/v2\/posts"}],"about":[{"href":"https:\/\/www.europesays.com\/es\/wp-json\/wp\/v2\/types\/post"}],"author":[{"embeddable":true,"href":"https:\/\/www.europesays.com\/es\/wp-json\/wp\/v2\/users\/2"}],"replies":[{"embeddable":true,"href":"https:\/\/www.europesays.com\/es\/wp-json\/wp\/v2\/comments?post=262220"}],"version-history":[{"count":0,"href":"https:\/\/www.europesays.com\/es\/wp-json\/wp\/v2\/posts\/262220\/revisions"}],"wp:featuredmedia":[{"embeddable":true,"href":"https:\/\/www.europesays.com\/es\/wp-json\/wp\/v2\/media\/262221"}],"wp:attachment":[{"href":"https:\/\/www.europesays.com\/es\/wp-json\/wp\/v2\/media?parent=262220"}],"wp:term":[{"taxonomy":"category","embeddable":true,"href":"https:\/\/www.europesays.com\/es\/wp-json\/wp\/v2\/categories?post=262220"},{"taxonomy":"post_tag","embeddable":true,"href":"https:\/\/www.europesays.com\/es\/wp-json\/wp\/v2\/tags?post=262220"}],"curies":[{"name":"wp","href":"https:\/\/api.w.org\/{rel}","templated":true}]}}