{"id":262222,"date":"2025-11-29T15:07:15","date_gmt":"2025-11-29T15:07:15","guid":{"rendered":"https:\/\/www.europesays.com\/es\/262222\/"},"modified":"2025-11-29T15:07:15","modified_gmt":"2025-11-29T15:07:15","slug":"the-waterboys-firman-un-concierto-memorable-en-el-auditorio-roig-arena","status":"publish","type":"post","link":"https:\/\/www.europesays.com\/es\/262222\/","title":{"rendered":"The Waterboys firman un concierto memorable en el Auditorio Roig Arena"},"content":{"rendered":"<p style=\"\">Con todas las entradas agotadas, <strong>The Waterboys<\/strong> han ofrecido esta noche el primero de los dos conciertos programados en el <a href=\"https:\/\/www.abc.es\/espana\/comunidad-valenciana\/carolina-daran-conciertos-grandes-carrera-noviembre-2026-20251126105457-nt.html\" target=\"_blank\" data-voc-vtm-id=\"in-text-traffic\" title=\"Auditorio Roig Arena\" rel=\"nofollow noopener\">Auditorio Roig Arena<\/a>. La velada ha comenzado de la mano de la banda de pop valenciana Atl\u00e0ntic y la girlband de indie folk  &#8230; The Deep Blue, que han amenizado la espera con sendos conciertos. <\/p>\n<p class=\"voc-p\" style=\"\">En torno a las 21h, The Waterboys han irrumpido en el escenario con la energ\u00eda y la entrega que les caracteriza, demostrando por qu\u00e9 son uno de los grupos m\u00e1s consolidados del <strong>folk rock<\/strong>. Con un setlist que fusiona material emblem\u00e1tico de la banda con los temas de su \u00faltimo trabajo discogr\u00e1fico \u00abLife, Death and Dennis Hopper\u00bb, sobre la vida del popular actor estadounidense, The Waterboys ha conectado desde el primer minuto con su p\u00fablico valenciano, que no ha dudado en entonar las canciones junto con Scott. <\/p>\n<p class=\"voc-p\" style=\"\">El concierto ha arrancado con <strong>\u00abGlastonbury Song\u00bb<\/strong> -un tema sobre la b\u00fasqueda espiritual- y \u00abHow Long Will I Love You\u00bb, una declaraci\u00f3n de amor incondicional. Pronto le ha seguido el folk celta de \u00abFisherman&#8217;s Blues\u00bb y la transformaci\u00f3n personal a la que invita \u00abThis Is the Sea\u00bb. De \u00bbLife, Death and Dennis Hopper\u00bb han sonado, entre otras, \u00abLive in the Moment, Baby\u00bb, \u00abThe Tourist\u00bb, \u00abMichelle\u00bb o \u00abHoppers on Top\u00bb.<\/p>\n<p class=\"voc-p\" style=\"\">Tras dos horas de espect\u00e1culo, la banda se ha despedido, como no pod\u00eda ser de otra manera: con \u00abThe Whole of the Moon\u00bb, su tema m\u00e1s ic\u00f3nico, que aborda la capacidad de ver m\u00e1s all\u00e1 de lo evidente a simple vista. Es un adi\u00f3s a corto plazo, pues The Waterboys repetir\u00e1n en el Auditorio el pr\u00f3ximo <strong>5 de diciembre<\/strong>. Adem\u00e1s, la banda ha escogido el recinto valenciano para ofrecer su \u00fanico concierto en Espa\u00f1a en 2026. Regresar\u00e1n el 3 de septiembre, con un concierto de mayor aforo, para homenajear uno de sus discos m\u00e1s representativos: Fisherman&#8217;s Blues (1988). Este trabajo discogr\u00e1fico se completar\u00e1 con tres nuevos \u00e1lbumes que, seg\u00fan ha anunciado la banda, recoger\u00e1n grabaciones de temas coet\u00e1neos al disco original.<\/p>\n","protected":false},"excerpt":{"rendered":"Con todas las entradas agotadas, The Waterboys han ofrecido esta noche el primero de los dos conciertos programados&hellip;\n","protected":false},"author":2,"featured_media":262223,"comment_status":"","ping_status":"","sticky":false,"template":"","format":"standard","meta":{"footnotes":""},"categories":[91],"tags":[3334,24118,2339,146,147,25,24,2470,39623,3333,23,3498,65387],"class_list":{"0":"post-262222","1":"post","2":"type-post","3":"status-publish","4":"format-standard","5":"has-post-thumbnail","7":"category-entretenimiento","8":"tag-arena","9":"tag-auditorio","10":"tag-concierto","11":"tag-entertainment","12":"tag-entretenimiento","13":"tag-es","14":"tag-espana","15":"tag-firman","16":"tag-memorable","17":"tag-roig","18":"tag-spain","19":"tag-the","20":"tag-waterboys"},"share_on_mastodon":{"url":"https:\/\/pubeurope.com\/@es\/115633615434126421","error":""},"_links":{"self":[{"href":"https:\/\/www.europesays.com\/es\/wp-json\/wp\/v2\/posts\/262222","targetHints":{"allow":["GET"]}}],"collection":[{"href":"https:\/\/www.europesays.com\/es\/wp-json\/wp\/v2\/posts"}],"about":[{"href":"https:\/\/www.europesays.com\/es\/wp-json\/wp\/v2\/types\/post"}],"author":[{"embeddable":true,"href":"https:\/\/www.europesays.com\/es\/wp-json\/wp\/v2\/users\/2"}],"replies":[{"embeddable":true,"href":"https:\/\/www.europesays.com\/es\/wp-json\/wp\/v2\/comments?post=262222"}],"version-history":[{"count":0,"href":"https:\/\/www.europesays.com\/es\/wp-json\/wp\/v2\/posts\/262222\/revisions"}],"wp:featuredmedia":[{"embeddable":true,"href":"https:\/\/www.europesays.com\/es\/wp-json\/wp\/v2\/media\/262223"}],"wp:attachment":[{"href":"https:\/\/www.europesays.com\/es\/wp-json\/wp\/v2\/media?parent=262222"}],"wp:term":[{"taxonomy":"category","embeddable":true,"href":"https:\/\/www.europesays.com\/es\/wp-json\/wp\/v2\/categories?post=262222"},{"taxonomy":"post_tag","embeddable":true,"href":"https:\/\/www.europesays.com\/es\/wp-json\/wp\/v2\/tags?post=262222"}],"curies":[{"name":"wp","href":"https:\/\/api.w.org\/{rel}","templated":true}]}}