{"id":262227,"date":"2025-11-29T15:11:08","date_gmt":"2025-11-29T15:11:08","guid":{"rendered":"https:\/\/www.europesays.com\/es\/262227\/"},"modified":"2025-11-29T15:11:08","modified_gmt":"2025-11-29T15:11:08","slug":"la-policia-nacional-investiga-la-muerte-de-dos-ninas-adolescentes-en-jaen","status":"publish","type":"post","link":"https:\/\/www.europesays.com\/es\/262227\/","title":{"rendered":"La Polic\u00eda Nacional investiga la muerte de dos ni\u00f1as adolescentes en Ja\u00e9n"},"content":{"rendered":"<p>29\/11\/2025<br \/>\n<br \/><strong><br \/>\nActualizado a las 15:47h.<br \/>\n<\/strong><\/p>\n<p class=\"voc-p\" style=\"\">La Polic\u00eda Nacional est\u00e1 investigando la<strong> muerte de dos ni\u00f1as adolescentes cuyos cad\u00e1veres han sido localizados la madrugada de este s\u00e1bado<\/strong> en un parque de<strong> Ja\u00e9n capital<\/strong>, barajando un posible suicidio entre las principales hip\u00f3tesis de lo acontecido. <\/p>\n<p class=\"voc-p\" style=\"\">Fuentes de la  &#8230; Polic\u00eda Nacional y del servicio unificado de emergencias 112 de Andaluc\u00eda han precisado a este peri\u00f3dico que los cuerpos habr\u00edan sido hallados <strong>poco despu\u00e9s de las 01.30 horas de la madrugada de este s\u00e1bado, trat\u00e1ndose de dos menores de edad. <\/strong><\/p>\n<p class=\"voc-p\" style=\"\">Sus cuerpos habr\u00edan sido hallados e<strong>n el parque de la Concordia, en pleno centro de Ja\u00e9n capital y uno de los principales espacios de esparcimiento<\/strong> de la capital del Santo Reino.<\/p>\n<p class=\"voc-p\" style=\"\">Fueron alertadas dotaciones del 061, los bomberos y de la Polic\u00eda Nacional, cuyos efectivos del grupo de<strong> Polic\u00eda Judicial han comenzado a investigar los hechos, barajando entre sus l\u00edneas de pesquisas la posibilidad del suicidio pero sin descartar ninguna hip\u00f3tesis<\/strong>, toda vez que el juzgado de guardia de Ja\u00e9n encargado del asunto ha resuelto decretar el<strong> secreto de sumario<\/strong> en las actuaciones.<\/p>\n<p class=\"voc-p\" style=\"\">El suceso, en cualquier caso, habr\u00eda sido transmitido al 112 como posible suicidio, cuando la sociedad apenas ha podido recuperarse del <strong>reciente suicidio de la joven sevillana Sandra, de 14 a\u00f1os y que sufr\u00eda acoso escolar,<\/strong> en el bloque de viviendas donde resid\u00eda con su familia en el barrio hispalense de la Macarena, despertando todo un debate social e institucional sobre el acoso escolar, su impacto y la salud mentar de los menores.<\/p>\n<p>\nArt\u00edculo solo para suscriptores\n<\/p>\n<p>Reportar un error<\/p>\n","protected":false},"excerpt":{"rendered":"29\/11\/2025 Actualizado a las 15:47h. La Polic\u00eda Nacional est\u00e1 investigando la muerte de dos ni\u00f1as adolescentes cuyos cad\u00e1veres&hellip;\n","protected":false},"author":2,"featured_media":262228,"comment_status":"","ping_status":"","sticky":false,"template":"","format":"standard","meta":{"footnotes":""},"categories":[8],"tags":[3194,17,18,1563,25,24,13,14,11,15307,3619,19,20,4920,813,9,3625,10,15,16,586,23,12,21,22],"class_list":{"0":"post-262227","1":"post","2":"type-post","3":"status-publish","4":"format-standard","5":"has-post-thumbnail","7":"category-espana","8":"tag-adolescentes","9":"tag-breaking-news","10":"tag-breakingnews","11":"tag-dos","12":"tag-es","13":"tag-espana","14":"tag-featured-news","15":"tag-featurednews","16":"tag-headlines","17":"tag-investiga","18":"tag-jaen","19":"tag-latest-news","20":"tag-latestnews","21":"tag-muerte","22":"tag-nacional","23":"tag-news","24":"tag-ninas","25":"tag-noticias","26":"tag-noticias-destacadas","27":"tag-noticiasdestacadas","28":"tag-policia","29":"tag-spain","30":"tag-titulares","31":"tag-ultimas-noticias","32":"tag-ultimasnoticias"},"share_on_mastodon":{"url":"https:\/\/pubeurope.com\/@es\/115633631184771760","error":""},"_links":{"self":[{"href":"https:\/\/www.europesays.com\/es\/wp-json\/wp\/v2\/posts\/262227","targetHints":{"allow":["GET"]}}],"collection":[{"href":"https:\/\/www.europesays.com\/es\/wp-json\/wp\/v2\/posts"}],"about":[{"href":"https:\/\/www.europesays.com\/es\/wp-json\/wp\/v2\/types\/post"}],"author":[{"embeddable":true,"href":"https:\/\/www.europesays.com\/es\/wp-json\/wp\/v2\/users\/2"}],"replies":[{"embeddable":true,"href":"https:\/\/www.europesays.com\/es\/wp-json\/wp\/v2\/comments?post=262227"}],"version-history":[{"count":0,"href":"https:\/\/www.europesays.com\/es\/wp-json\/wp\/v2\/posts\/262227\/revisions"}],"wp:featuredmedia":[{"embeddable":true,"href":"https:\/\/www.europesays.com\/es\/wp-json\/wp\/v2\/media\/262228"}],"wp:attachment":[{"href":"https:\/\/www.europesays.com\/es\/wp-json\/wp\/v2\/media?parent=262227"}],"wp:term":[{"taxonomy":"category","embeddable":true,"href":"https:\/\/www.europesays.com\/es\/wp-json\/wp\/v2\/categories?post=262227"},{"taxonomy":"post_tag","embeddable":true,"href":"https:\/\/www.europesays.com\/es\/wp-json\/wp\/v2\/tags?post=262227"}],"curies":[{"name":"wp","href":"https:\/\/api.w.org\/{rel}","templated":true}]}}