{"id":262229,"date":"2025-11-29T15:12:17","date_gmt":"2025-11-29T15:12:17","guid":{"rendered":"https:\/\/www.europesays.com\/es\/262229\/"},"modified":"2025-11-29T15:12:17","modified_gmt":"2025-11-29T15:12:17","slug":"catalunya-detecta-cuatro-nuevos-casos-de-peste-porcina-africana-y-cierra-los-bosques-de-12-municipios","status":"publish","type":"post","link":"https:\/\/www.europesays.com\/es\/262229\/","title":{"rendered":"Catalunya detecta cuatro nuevos casos de peste porcina africana y cierra los bosques de 12 municipios"},"content":{"rendered":"<p class=\"article-text\">\n        El Govern de Catalunya ha detectado cuatro nuevos casos de jabal\u00edes muertos por peste porcina africana en el mismo radio de afectaci\u00f3n que los dos primeros, hallados este viernes. Con las nuevas infecciones, se tratar\u00eda en total de seis ejemplares afectados por una enfermedad de r\u00e1pida expansi\u00f3n y que ya ha obligado a por en cuarentena buena parte de las exportaciones de cerdo para el consumo, sin que por el momento se haya detectado la peste en ninguna explotaci\u00f3n ganadera.\n    <\/p>\n<p>    <a href=\"https:\/\/www.eldiario.es\/opinion\/tribuna-abierta\/detener-avance-peste-porcina-africana_129_1510150.html\" data-mrf-recirculation=\"saber-mas\" data-dl-event=\"saber-mas\" rel=\"nofollow noopener\" target=\"_blank\"><\/p>\n<p class=\"know-more__title\">Hay que detener el avance de la peste porcina africana<\/p>\n<p>            <img decoding=\"async\" class=\"lazy\" loading=\"lazy\" data-src=\"https:\/\/static.eldiario.es\/clip\/343ef0e9-cbed-4729-9308-987b00e7e278_16-9-aspect-ratio_default_0.jpg\" src=\"data:image\/svg+xml,%3Csvg xmlns=\" http:=\"\" viewbox=\"0 0 880 495\" alt=\"Hay que detener el avance de la peste porcina africana\"\/><\/p>\n<p>                        <\/a><\/p>\n<p class=\"article-text\">\n        Tras detectarse los primeros casos, el Govern cerr\u00f3 por completo los accesos al medio natural en 6 kil\u00f3metros a la redonda, lo que afecta a 12 municipios declarados como zona de infecci\u00f3n. Estos son Sabadell, Sant Quirze del Vall\u00e8s, Poliny\u00e0, Santa Perp\u00e8tua de la Mogoda, Montcada i Reixac, Ripollet, Barber\u00e0 del Vall\u00e8s, Badia del Vall\u00e8s, Cerdanyola del Vall\u00e8s, Sant Cugat del Vall\u00e8s, Terrassa y Rub\u00ed.\n    <\/p>\n<p class=\"article-text\">\n        Adem\u00e1s, en otros 64 se han restringido las actividades de ocio as\u00ed como la caza, y las autoridades piden que se eviten las zonas boscosas. Esta zona de vigilancia afecta a municipios de las comarcas del Alt Pened\u00e8s, Anoia, Bages, Baix Llobregat, Barcelon\u00e8s, Maresme, Vall\u00e8s Occidental y Vall\u00e8s Oriental, e incluye la monta\u00f1a de Collserola, uno de los grandes parques a los que acuden los barceloneses en d\u00edas festivos.\n    <\/p>\n<p class=\"article-text\">\n        Respecto a las exportaciones, el ministro de Agricultura, Pesca y Alimentaci\u00f3n, Luis Planas, ha confiormado que algunas exportaciones quedan suspendidas, aunque ha asegurado que est\u00e1n tratando de mitigar las afecaciones. En concreto, Planas ha asegurado que, fuera de las exportaciones en un radio de 20 kil\u00f3metros a los animales salvajes encontrados, todo el sector puede mantener sus exportaciones a los pa\u00edses de la Uni\u00f3n Europea. Las explotaciones ganaderas dentro del radio afectado son 39 granajas, que han sido puestas en confinamiento.\n    <\/p>\n<p class=\"article-text\">\n        Respecto al resto de pa\u00edses, depende de los tratados bilaterales que cada estado tenga con Espa\u00f1a, algunos de los cuales prev\u00e9n que en caso de este tipo de peste porcina solo se limiten las exportaciones de la provincia donde se encuentran, como ser\u00eda el caso de China. Otra veintena de pa\u00edses, como Jap\u00f3n, no reconocen esta regionalizaci\u00f3n, por lo que por el momento se paralizan las ventas de cerdo de toda Espa\u00f1a.\n    <\/p>\n<p class=\"article-text\">\n        Planas ha asegurado que, por el momento, de los 400 certificados de exportaci\u00f3n a 104 pa\u00edses, un tercio est\u00e1n bloqueados. \u201cTrabajamos para que puedan abrirse a la mayor celeridad\u201d, ha indicado el ministro, que ha prometido al sector pelearlo \u201ccertificado a certificado\u201d.\n    <\/p>\n<p class=\"article-text\">\n        Por su parte, el conseller del Govern catal\u00e1n \u00d2scar Ordeig ha afirmado en una entrevista en Rac1 que los laboratorios catalanes y las inspecciones visuales han confirmado los nuevos cuatro positivos, a la espera de la validaci\u00f3n definitiva. Ordeig ha pedido \u201cresponsabilidad\u201d a la ciudadan\u00eda, para evitar ir a Collserola y, sobre todo, para respetar el cierre de los accesos en los 6 kil\u00f3metros en torno al foco, en Cerdanyola del Vall\u00e8s, que quedar\u00e1 acotada. \u201cCon un veh\u00edculo, con una bici o con una pisada de material contaminado de un animal se podr\u00eda esparcir la enfermedad\u201d, ha advertido.\n    <\/p>\n<p class=\"article-text\">\n        Las limitaciones se est\u00e1n coordinando con los Agentes Rurales, los Mossos d&#8217;Esquadra y el Seprona, as\u00ed como con las polic\u00edas municipales. En esta zona infectada est\u00e1n cerrados los accesos al medio natural y, de hecho, se instalar\u00e1n barreras f\u00edsicas y qu\u00edmicas. Asimismo, habr\u00e1 trampas para jabal\u00edes, y se proh\u00edben las actividades de caza y trabajos forestales. Tambi\u00e9n queda prohibida cualquier actividad en zona r\u00fastica.\n    <\/p>\n<p class=\"article-text\">\n        \u201cNo tenemos personas suficientes para blindar todo el entorno de los 20 kil\u00f3metros, pero pedimos prudencia este fin de semana\u201d, ha dicho Ordeig.\n    <\/p>\n<p class=\"article-text\">\n        El conseller ha reiterado que el virus no se ha encontrado en ninguna granja, aunque s\u00ed hay 39 explotaciones de la zona afectada que est\u00e1n confinadas. Asimismo, se han cerrado todas las exportaciones porcinas extracomunitarias, esto es, fuera de la Uni\u00f3n Europea.\n    <\/p>\n<p class=\"article-text\">\n        \u201cEl impacto econ\u00f3mico ser\u00e1 grande\u201d, admiti\u00f3 Ordeig, quien ha recordado que las exportaciones catalanas de porcino fuera de la Uni\u00f3n Europea son de unos 1.000 millones de euros anuales, llegando todo el sector a los 3.000 millones.\n    <\/p>\n<p class=\"article-text\">\n        \u201cLa situaci\u00f3n es grave y debemos gestionarla lo mejor posible\u201d, ha dicho el conseller, que ha recordado que una vez que el foco quede controlado el Ministerio de Agricultura deber\u00e1 gestionar bilateralmente con todos los mercados exportadores posibles flexibilizaciones de las restricciones.\n    <\/p>\n<p class=\"article-text\">\n        El Departamento de Agricultura pide a los ayuntamientos extremar la limpieza de papeleras y contenedores, situar los comederos de gatos en lugares elevados y exteriores, no alimentar a los jabal\u00edes o cerrar zonas de p\u00edcnic.\n    <\/p>\n<p class=\"article-text\">\n        Ordeig ha recordado que si alguien encuentra un jabal\u00ed muerto debe llamar de inmediato al 112 y no tocarlo en ning\u00fan caso.\n    <\/p>\n<p>    <a href=\"https:\/\/www.eldiario.es\/catalunya\/detectados-catalunya-casos-peste-porcina-africana-jabalis-primera-vez-tres-decadas_1_12804749.html\" data-mrf-recirculation=\"saber-mas-abajo\" data-dl-event=\"saber-mas-abajo\" rel=\"nofollow noopener\" target=\"_blank\"><\/p>\n<p class=\"know-more__title\">La detecci\u00f3n de peste porcina africana en Espa\u00f1a por primera vez en d\u00e9cadas obliga a paralizar exportaciones fuera de la UE<\/p>\n<p>            <img decoding=\"async\" class=\"lazy\" loading=\"lazy\" data-src=\"https:\/\/static.eldiario.es\/clip\/73a7833f-0acd-4e3f-a42a-71376ec65e78_16-9-aspect-ratio_default_0.jpg\" src=\"data:image\/svg+xml,%3Csvg xmlns=\" http:=\"\" viewbox=\"0 0 880 495\" alt=\"La detecci\u00f3n de peste porcina africana en Espa\u00f1a por primera vez en d\u00e9cadas obliga a paralizar exportaciones fuera de la UE\"\/><\/p>\n<p>                        <\/a><\/p>\n<p class=\"article-text\">\n        La peste porcina africana no es contagiosa para los humanos ni el resto de animales de compa\u00f1\u00eda, pero tiene una mortalidad muy elevada entre jabal\u00edes y cerdos.\n    <\/p>\n","protected":false},"excerpt":{"rendered":"El Govern de Catalunya ha detectado cuatro nuevos casos de jabal\u00edes muertos por peste porcina africana en el&hellip;\n","protected":false},"author":2,"featured_media":262230,"comment_status":"","ping_status":"","sticky":false,"template":"","format":"standard","meta":{"footnotes":""},"categories":[5],"tags":[517,210,17,18,1980,95,25,24,13,14,11,1982,19,20,9,10,15,16,1981,952,23,12,21,22],"class_list":{"0":"post-262229","1":"post","2":"type-post","3":"status-publish","4":"format-standard","5":"has-post-thumbnail","7":"category-titulares","8":"tag-actualidad","9":"tag-barcelona","10":"tag-breaking-news","11":"tag-breakingnews","12":"tag-cataluna","13":"tag-economia","14":"tag-es","15":"tag-espana","16":"tag-featured-news","17":"tag-featurednews","18":"tag-headlines","19":"tag-ignacio-escolar","20":"tag-latest-news","21":"tag-latestnews","22":"tag-news","23":"tag-noticias","24":"tag-noticias-destacadas","25":"tag-noticiasdestacadas","26":"tag-periodismo-independiente","27":"tag-politica","28":"tag-spain","29":"tag-titulares","30":"tag-ultimas-noticias","31":"tag-ultimasnoticias"},"share_on_mastodon":{"url":"https:\/\/pubeurope.com\/@es\/115633634902165887","error":""},"_links":{"self":[{"href":"https:\/\/www.europesays.com\/es\/wp-json\/wp\/v2\/posts\/262229","targetHints":{"allow":["GET"]}}],"collection":[{"href":"https:\/\/www.europesays.com\/es\/wp-json\/wp\/v2\/posts"}],"about":[{"href":"https:\/\/www.europesays.com\/es\/wp-json\/wp\/v2\/types\/post"}],"author":[{"embeddable":true,"href":"https:\/\/www.europesays.com\/es\/wp-json\/wp\/v2\/users\/2"}],"replies":[{"embeddable":true,"href":"https:\/\/www.europesays.com\/es\/wp-json\/wp\/v2\/comments?post=262229"}],"version-history":[{"count":0,"href":"https:\/\/www.europesays.com\/es\/wp-json\/wp\/v2\/posts\/262229\/revisions"}],"wp:featuredmedia":[{"embeddable":true,"href":"https:\/\/www.europesays.com\/es\/wp-json\/wp\/v2\/media\/262230"}],"wp:attachment":[{"href":"https:\/\/www.europesays.com\/es\/wp-json\/wp\/v2\/media?parent=262229"}],"wp:term":[{"taxonomy":"category","embeddable":true,"href":"https:\/\/www.europesays.com\/es\/wp-json\/wp\/v2\/categories?post=262229"},{"taxonomy":"post_tag","embeddable":true,"href":"https:\/\/www.europesays.com\/es\/wp-json\/wp\/v2\/tags?post=262229"}],"curies":[{"name":"wp","href":"https:\/\/api.w.org\/{rel}","templated":true}]}}