{"id":262231,"date":"2025-11-29T15:20:10","date_gmt":"2025-11-29T15:20:10","guid":{"rendered":"https:\/\/www.europesays.com\/es\/262231\/"},"modified":"2025-11-29T15:20:10","modified_gmt":"2025-11-29T15:20:10","slug":"palo-para-la-seleccion-y-para-jaime-fernandez","status":"publish","type":"post","link":"https:\/\/www.europesays.com\/es\/262231\/","title":{"rendered":"Palo para la selecci\u00f3n y para Jaime Fern\u00e1ndez"},"content":{"rendered":"<p data-mrf-recirculation=\"Links P\u00e1rrafos\" class=\"ue-c-article__paragraph paragraph ue-c-article--first-letter-highlighted\">Malas noticias para la selecci\u00f3n y para<strong> Jaime Fern\u00e1ndez. El escolta no podr\u00e1 estar en el partido de este domingo ante Georgia debido a una lesi\u00f3n muscular en el muslo derecho<\/strong>.<\/p>\n<p data-mrf-recirculation=\"Links P\u00e1rrafos\" class=\"ue-c-article__paragraph paragraph\">Baja importante para la selecci\u00f3n, que se queda sin <strong>uno de sus referentes ofensivos<\/strong> y uno de los jugadores con m\u00e1s capacidad de desborde en el uno contra uno. <strong>En la Liga Endesa est\u00e1 promediando 10,9 puntos y en el primer partido de esta Ventana FIBA, el triunfo ante Dinamarca por 64-74, fue el m\u00e1ximo anotador espa\u00f1ol con 15<\/strong>.<\/p>\n<p data-mrf-recirculation=\"Links P\u00e1rrafos\" class=\"ue-c-article__paragraph paragraph\">Eso fue antes de sentir unas molestias en el muslo derecho. <strong>Fue tratado en el banquillo y, por precauci\u00f3n, no volvi\u00f3 a jugar<\/strong>. A su llegada a Tenerife, el escolta fue sometido a pruebas ya con la supervisi\u00f3n tambi\u00e9n de La Laguna, su club. En ellas se evidenci\u00f3 <strong>una lesi\u00f3n que le impedir\u00e1 disputar un encuentro muy especial<\/strong>.<\/p>\n<p>Ilusionado con jugar en su casa<\/p>\n<p data-mrf-recirculation=\"Links P\u00e1rrafos\" class=\"ue-c-article__paragraph paragraph\">Porque <strong>Jaime estaba muy ilusionado con poder jugar con la selecci\u00f3n en el Santiago Mart\u00edn, su pabell\u00f3n, y delante de los que son sus aficionados<\/strong>. \u00abLo que m\u00e1s rabia me da es que no pueda disfrutar de su buen momento delante del p\u00fablico que est\u00e1 acostumbrado a verle con su club. \u00c9l ten\u00eda muchas ganas de agradar a su gente tambi\u00e9n vistiendo la camiseta nacional\u00bb, lament\u00f3 Chus Mateo.<\/p>\n<p data-mrf-recirculation=\"Links P\u00e1rrafos\" class=\"ue-c-article__paragraph paragraph\"><strong>El equipo nacional tambi\u00e9n est\u00e1 pendiente de Dani D\u00edez, que en el duelo frente a Dinamarca sufri\u00f3 una torcedura en el tobillo derecho<\/strong> al intentar salvar un bal\u00f3n que es escapaba por la l\u00ednea de fondo. \u00c9l tampoco pudo volver a jugar, pero este s\u00e1bado iba a hacer el entrenamiento con el resto de sus compa\u00f1eros para probarse.<\/p>\n","protected":false},"excerpt":{"rendered":"Malas noticias para la selecci\u00f3n y para Jaime Fern\u00e1ndez. El escolta no podr\u00e1 estar en el partido de&hellip;\n","protected":false},"author":2,"featured_media":262232,"comment_status":"","ping_status":"","sticky":false,"template":"","format":"standard","meta":{"footnotes":""},"categories":[269],"tags":[299,298,168,25,24,23,167],"class_list":{"0":"post-262231","1":"post","2":"type-post","3":"status-publish","4":"format-standard","5":"has-post-thumbnail","7":"category-baloncesto","8":"tag-baloncesto","9":"tag-basketball","10":"tag-deportes","11":"tag-es","12":"tag-espana","13":"tag-spain","14":"tag-sports"},"share_on_mastodon":{"url":"https:\/\/pubeurope.com\/@es\/115633666471322751","error":""},"_links":{"self":[{"href":"https:\/\/www.europesays.com\/es\/wp-json\/wp\/v2\/posts\/262231","targetHints":{"allow":["GET"]}}],"collection":[{"href":"https:\/\/www.europesays.com\/es\/wp-json\/wp\/v2\/posts"}],"about":[{"href":"https:\/\/www.europesays.com\/es\/wp-json\/wp\/v2\/types\/post"}],"author":[{"embeddable":true,"href":"https:\/\/www.europesays.com\/es\/wp-json\/wp\/v2\/users\/2"}],"replies":[{"embeddable":true,"href":"https:\/\/www.europesays.com\/es\/wp-json\/wp\/v2\/comments?post=262231"}],"version-history":[{"count":0,"href":"https:\/\/www.europesays.com\/es\/wp-json\/wp\/v2\/posts\/262231\/revisions"}],"wp:featuredmedia":[{"embeddable":true,"href":"https:\/\/www.europesays.com\/es\/wp-json\/wp\/v2\/media\/262232"}],"wp:attachment":[{"href":"https:\/\/www.europesays.com\/es\/wp-json\/wp\/v2\/media?parent=262231"}],"wp:term":[{"taxonomy":"category","embeddable":true,"href":"https:\/\/www.europesays.com\/es\/wp-json\/wp\/v2\/categories?post=262231"},{"taxonomy":"post_tag","embeddable":true,"href":"https:\/\/www.europesays.com\/es\/wp-json\/wp\/v2\/tags?post=262231"}],"curies":[{"name":"wp","href":"https:\/\/api.w.org\/{rel}","templated":true}]}}