{"id":262233,"date":"2025-11-29T15:21:13","date_gmt":"2025-11-29T15:21:13","guid":{"rendered":"https:\/\/www.europesays.com\/es\/262233\/"},"modified":"2025-11-29T15:21:13","modified_gmt":"2025-11-29T15:21:13","slug":"esperemos-que-la-lesion-de-kika-nazareth-no-sea-nada-grave","status":"publish","type":"post","link":"https:\/\/www.europesays.com\/es\/262233\/","title":{"rendered":"Esperemos que la lesi\u00f3n de Kika Nazareth no sea nada grave"},"content":{"rendered":"<p data-gtm-element-container=\"modulo-texto-link\" class=\"paragraph\"><strong>Francisco Neto<\/strong>, seleccionador del equipo nacional portugu\u00e9s femenino, admiti\u00f3 su \u00abgran tristeza\u00bb al ver a <strong>Kika Nazareth<\/strong>, delantera del <strong>FC Barcelona<\/strong>, abandonar el terreno de juego entre l\u00e1grimas en el partido que se disput\u00f3 en Braga ante Pa\u00edses Bajos. M\u00e1s all\u00e1 de la derrota (1-2), Neto lament\u00f3 que tanto Nika Nazareth como Tatiana Pinto resultaran lesionadas. Sobre la atacante del Bar\u00e7a, el seleccionador portugu\u00e9s dijo que esperaba que \u00abno sea nada grave\u00bb, frase que son\u00f3 m\u00e1s en aquel momento a deseo que a diagn\u00f3stico. Por ahora, no se conocen nuevos detalles del percance de la internacional portuguesa del Bar\u00e7a. \u00abTendremos que reevaluarlo\u00bb, avanz\u00f3 el seleccionador. \u00abEs el aspecto negativo de este partido, porque las lesiones siempre nos preocupan\u00bb, agreg\u00f3.\u00a0<\/p>\n<p data-gtm-element-container=\"modulo-texto-link\" class=\"paragraph\">Kika Nazareth se lesion\u00f3 en el minuto 34 y abandon\u00f3 el campo entre l\u00e1grimas en el estadio Pedreira de Braga durante el partido amistoso de la selecci\u00f3n lusa contra Holanda, tras lesionarse en una disputa por el bal\u00f3n. A\u00fan no hay informaci\u00f3n adicional sobre la gravedad de la lesi\u00f3n, pero la futbolista del Barcelona recibi\u00f3 un golpe en el tobillo izquierdo a ra\u00edz de una entrada de la neerlandesa\u00a0 <strong>Damaris<\/strong>. Tras recibir tratamiento sobre el c\u00e9sped, Kika dej\u00f3 el campo llorando para ser relevada por Andreia Jacinto.<\/p>\n<p data-gtm-element-container=\"modulo-texto-link\" class=\"paragraph\">La azulgrana ya hab\u00eda sufrido una grave lesi\u00f3n este a\u00f1o, en marzo.\u00a0Kika se fue acompa\u00f1ada por el personal m\u00e9dico de la selecci\u00f3n, saliendo por sus propios medios y se dirigi\u00f3 directamente al vestuario. Antes de entrar al t\u00fanel de vestuarios, el entrenador Francisco Neto fue a consolarla.<\/p>\n<p>    Lee tambi\u00e9n<\/p>\n<p data-gtm-element-container=\"modulo-texto-link\" class=\"paragraph\">Antes de saber m\u00e1s detalles sobre su estado, una de las cuestiones de las que se habl\u00f3 fue de la cercan\u00eda del partido de Champions League entre el Bar\u00e7a y el Benfica, su ex club, el pr\u00f3ximo 10 de diciembre, como una de las razones de su desconsuelo.\u00a0Ser\u00eda la primera vez que Kika, de 23 a\u00f1os, jugar\u00eda contra el club de su infancia desde que fich\u00f3 por el Bar\u00e7a en verano de 2024. La relaci\u00f3n de lesiones que viene sufriendo, sobre todo esa\u00a0rotura del ligamento colateral medial del tobillo izquierdo que se produjo en marzo, naturalmente es la primera explicaci\u00f3n a su bajo estado de \u00e1nimo.<\/p>\n","protected":false},"excerpt":{"rendered":"Francisco Neto, seleccionador del equipo nacional portugu\u00e9s femenino, admiti\u00f3 su \u00abgran tristeza\u00bb al ver a Kika Nazareth, delantera&hellip;\n","protected":false},"author":2,"featured_media":262234,"comment_status":"","ping_status":"","sticky":false,"template":"","format":"standard","meta":{"footnotes":""},"categories":[268],"tags":[168,25,24,280,282,281,23,167],"class_list":{"0":"post-262233","1":"post","2":"type-post","3":"status-publish","4":"format-standard","5":"has-post-thumbnail","7":"category-futbol","8":"tag-deportes","9":"tag-es","10":"tag-espana","11":"tag-football","12":"tag-futbol","13":"tag-soccer","14":"tag-spain","15":"tag-sports"},"share_on_mastodon":{"url":"https:\/\/pubeurope.com\/@es\/115633670748371929","error":""},"_links":{"self":[{"href":"https:\/\/www.europesays.com\/es\/wp-json\/wp\/v2\/posts\/262233","targetHints":{"allow":["GET"]}}],"collection":[{"href":"https:\/\/www.europesays.com\/es\/wp-json\/wp\/v2\/posts"}],"about":[{"href":"https:\/\/www.europesays.com\/es\/wp-json\/wp\/v2\/types\/post"}],"author":[{"embeddable":true,"href":"https:\/\/www.europesays.com\/es\/wp-json\/wp\/v2\/users\/2"}],"replies":[{"embeddable":true,"href":"https:\/\/www.europesays.com\/es\/wp-json\/wp\/v2\/comments?post=262233"}],"version-history":[{"count":0,"href":"https:\/\/www.europesays.com\/es\/wp-json\/wp\/v2\/posts\/262233\/revisions"}],"wp:featuredmedia":[{"embeddable":true,"href":"https:\/\/www.europesays.com\/es\/wp-json\/wp\/v2\/media\/262234"}],"wp:attachment":[{"href":"https:\/\/www.europesays.com\/es\/wp-json\/wp\/v2\/media?parent=262233"}],"wp:term":[{"taxonomy":"category","embeddable":true,"href":"https:\/\/www.europesays.com\/es\/wp-json\/wp\/v2\/categories?post=262233"},{"taxonomy":"post_tag","embeddable":true,"href":"https:\/\/www.europesays.com\/es\/wp-json\/wp\/v2\/tags?post=262233"}],"curies":[{"name":"wp","href":"https:\/\/api.w.org\/{rel}","templated":true}]}}