{"id":262235,"date":"2025-11-29T15:22:14","date_gmt":"2025-11-29T15:22:14","guid":{"rendered":"https:\/\/www.europesays.com\/es\/262235\/"},"modified":"2025-11-29T15:22:14","modified_gmt":"2025-11-29T15:22:14","slug":"la-princesa-leonor-concluye-tres-dias-de-ejercicios-de-supervivencia","status":"publish","type":"post","link":"https:\/\/www.europesays.com\/es\/262235\/","title":{"rendered":"La Princesa Leonor concluye tres d\u00edas de ejercicios de supervivencia"},"content":{"rendered":"<p data-journey-content=\"true\" data-node-id=\"3\" class=\"css-6wxqfj emevuu60\">Tras asistir junto a los Reyes, su hermana, la <a href=\"https:\/\/www.diezminutos.es\/sofia-de-borbon\/\" target=\"_blank\" data-vars-ga-outbound-link=\"https:\/\/www.diezminutos.es\/sofia-de-borbon\/\" data-vars-ga-ux-element=\"Hyperlink\" data-vars-ga-call-to-action=\"infanta Sof\u00eda\" data-node-id=\"3.1\" class=\"body-link css-177bzfx emevuu60\" rel=\"nofollow noopener\">infanta Sof\u00eda<\/a> a los actos de <a href=\"https:\/\/www.diezminutos.es\/familia-real\/monarquia-espanola\/a69505488\/princesa-leonor-collar-toison-oro\/\" target=\"_blank\" data-vars-ga-outbound-link=\"https:\/\/www.diezminutos.es\/familia-real\/monarquia-espanola\/a69505488\/princesa-leonor-collar-toison-oro\/\" data-vars-ga-ux-element=\"Hyperlink\" data-vars-ga-call-to-action=\"la imposici\u00f3n del Collar de la Orden del Tois\u00f3n de Oro \" data-node-id=\"3.3\" class=\"body-link css-177bzfx emevuu60\" rel=\"nofollow noopener\">la imposici\u00f3n del Collar de la Orden del Tois\u00f3n de Oro <\/a>a la reina em\u00e9rita, <a href=\"https:\/\/www.diezminutos.es\/reina-dona-sofia-fotos\/\" target=\"_blank\" data-vars-ga-outbound-link=\"https:\/\/www.diezminutos.es\/reina-dona-sofia-fotos\/\" data-vars-ga-ux-element=\"Hyperlink\" data-vars-ga-call-to-action=\"do\u00f1a Sof\u00eda,\" data-node-id=\"3.5\" class=\"body-link css-177bzfx emevuu60\" rel=\"nofollow noopener\">do\u00f1a Sof\u00eda,<\/a> por \u00absu dedicaci\u00f3n y entrega al servicio de Espa\u00f1a y de la Corona\u00bb y tras <a href=\"https:\/\/www.diezminutos.es\/familia-real\/monarquia-espanola\/a69520576\/detalles-almuerzo-familia-real-palacio-el-pardo-conmemoracion-monarquia\/\" target=\"_blank\" data-vars-ga-outbound-link=\"https:\/\/www.diezminutos.es\/familia-real\/monarquia-espanola\/a69520576\/detalles-almuerzo-familia-real-palacio-el-pardo-conmemoracion-monarquia\/\" data-vars-ga-ux-element=\"Hyperlink\" data-vars-ga-call-to-action=\"el almuerzo familiar celebrado en Zarzuela\" data-node-id=\"3.7\" class=\"body-link css-177bzfx emevuu60\" rel=\"nofollow noopener\">el almuerzo familiar celebrado en Zarzuela<\/a> tras los actos de celebraci\u00f3n del 50\u00ba aniversario de la democracia en nuestro pa\u00eds la semana pasada, la <a href=\"https:\/\/www.diezminutos.es\/leonor-de-borbon\/\" target=\"_blank\" data-vars-ga-outbound-link=\"https:\/\/www.diezminutos.es\/leonor-de-borbon\/\" data-vars-ga-ux-element=\"Hyperlink\" data-vars-ga-call-to-action=\"Princesa Leonor \" data-node-id=\"3.9\" class=\"body-link css-177bzfx emevuu60\" rel=\"nofollow noopener\">Princesa Leonor <\/a>ha participado junto a sus compa\u00f1eros de la Academia General del Aire y del Espacio (AGA) en actividad de tres d\u00edas en la que ha puesto en pr\u00e1cticas t\u00e9cnicas de <strong data-node-id=\"3.11\">supervivencia, evasi\u00f3n y extracci\u00f3n en escenarios hostiles.<\/strong><\/p>\n<p data-journey-content=\"true\" data-node-id=\"7\" class=\"css-6wxqfj emevuu60\">Las redes sociales del Ej\u00e9rcito del Aire y del Espacio han publicado unas fotograf\u00edas en las que podemos ver a la heredera al trono participar en esta actividad junto a sus compa\u00f1eros de Academia. Concretamente la Princesa de Asturias ha participado en las ejercicios de adiestramiento militar conocidos como DEVAS con el objetivo de instruir a los alumnos, futuros oficiales del ejercito del aire en las t\u00e9cnicas necesarias para sobrevivir en un entorno hostil en caso de ser derribados o verse aislados.<\/p>\n<p data-journey-content=\"true\" data-node-id=\"9\" class=\"css-6wxqfj emevuu60\">Durante tres d\u00edas, los cadetes han puesto en pr\u00e1ctica las cuatro t\u00e9cnicas para sobrevivir y que dan <strong data-node-id=\"9.1\">nombre al acr\u00f3nimo SERE<\/strong>. Consisten en:<\/p>\n<ol data-node-id=\"12\" class=\"css-kw9lqy emevuu60\">\n<li data-node-id=\"12.0\"><strong data-node-id=\"12.0.0\">Supervivencia:<\/strong> Conseguir agua, refugio y alimento en entornos adversos.<\/li>\n<li data-node-id=\"12.1\"><strong data-node-id=\"12.1.0\">Evasi\u00f3n:<\/strong> Moverse por territorio hostil evitando la captura.<\/li>\n<li data-node-id=\"12.2\"><strong data-node-id=\"12.2.0\">Resistencia<\/strong>: Mantener la disciplina y moral en caso de ser capturados.<\/li>\n<li data-node-id=\"12.3\"><strong data-node-id=\"12.3.0\">Extracci\u00f3n<\/strong> : Ser rescatados por fuerzas de operaciones especiales (como el Escuadr\u00f3n de Zapadores Paracaidistas &#8211; EZAPAC).<\/li>\n<\/ol>\n<p data-journey-content=\"true\" data-node-id=\"14\" class=\"css-6wxqfj emevuu60\">Adem\u00e1s, tal y como ha desvelado el AGA en sus redes sociales han contado <strong data-node-id=\"14.1\">c<\/strong>on apoyo del EZAPAC y Ala 49, integraron mando, CSAR (Combat Search and Rescue)  y t\u00e1cticas SOF (Special Operations Forces) en un entrenamiento realista que eleva su preparaci\u00f3n al siguiente nivel.<\/p>\n<p><img src=\"https:\/\/www.europesays.com\/es\/wp-content\/uploads\/2025\/11\/1764429734_855_4104b2dc-9d92-4a2f-a41f-327dc6377620_1734436473.jpg\" alt=\"Headshot of Valentina Vera\" title=\"Headshot of Valentina Vera\" width=\"100%\" height=\"100%\" decoding=\"async\" loading=\"lazy\" class=\"css-o0wq4v ev8dhu53\"\/><\/p>\n<p>Valentina Vera es una periodista experta en cr\u00f3nica rosa, realidad, &#8216;reality&#8217;, moda y belleza. Siempre al d\u00eda de las \u00faltimas novedades de los famosos nacionales e internacionales y de las casas reales europeas. Su trabajo como redactora le permite ser testigo de las bodas de los personajes m\u00e1s relevantes del panorama social; de alfombras rojas; de funerales de Estado o de acontecimientos hist\u00f3ricos: como la proclamaci\u00f3n de Felipe VI como Rey o la coronaci\u00f3n de Carlos III de Inglaterra.<br \/>\nLicenciada en Periodismo por la Universidad Complutense de Madrid. Comenz\u00f3 su andadura en el mundo del coraz\u00f3n en el a\u00f1o 2013 en la revista \u00a1Hola! Y desde 2014 forma parte del grupo Hearst, donde ha ido adquiriendo experiencia tanto en la edici\u00f3n impresa como en el formato web de la revista Diez Minutos.<br \/>\nEl medio digital le apasiona por la inmediatez en la que sus lectores pueden ser testigos de lo que sucede en la vida de los famosos desde cualquier parte del mundo. Instagram, Twitter y TikTok se han convertido en una herramienta m\u00e1s de informaci\u00f3n a la hora de crear, gestionar y organizar el contenido, ya que le permiten conocer la \u00faltima hora de lo que sucede en la vida de los famosos.<br \/>\nEn constante formaci\u00f3n de estrategias y t\u00e9cnicas de optimizaci\u00f3n digital para su trabajo como redactora, en la actualidad tambi\u00e9n se encuentra estudiando Diet\u00e9tica. Llevar un estilo de vida saludable es algo que le apasiona y cree que la nutrici\u00f3n es una parte fundamental.<\/p>\n","protected":false},"excerpt":{"rendered":"Tras asistir junto a los Reyes, su hermana, la infanta Sof\u00eda a los actos de la imposici\u00f3n del&hellip;\n","protected":false},"author":2,"featured_media":262236,"comment_status":"","ping_status":"","sticky":false,"template":"","format":"standard","meta":{"footnotes":""},"categories":[174],"tags":[255,253,146,147,25,24,256,23],"class_list":{"0":"post-262235","1":"post","2":"type-post","3":"status-publish","4":"format-standard","5":"has-post-thumbnail","7":"category-famosos","8":"tag-celebrities","9":"tag-discover","10":"tag-entertainment","11":"tag-entretenimiento","12":"tag-es","13":"tag-espana","14":"tag-famosos","15":"tag-spain"},"share_on_mastodon":{"url":"https:\/\/pubeurope.com\/@es\/115633674737566356","error":""},"_links":{"self":[{"href":"https:\/\/www.europesays.com\/es\/wp-json\/wp\/v2\/posts\/262235","targetHints":{"allow":["GET"]}}],"collection":[{"href":"https:\/\/www.europesays.com\/es\/wp-json\/wp\/v2\/posts"}],"about":[{"href":"https:\/\/www.europesays.com\/es\/wp-json\/wp\/v2\/types\/post"}],"author":[{"embeddable":true,"href":"https:\/\/www.europesays.com\/es\/wp-json\/wp\/v2\/users\/2"}],"replies":[{"embeddable":true,"href":"https:\/\/www.europesays.com\/es\/wp-json\/wp\/v2\/comments?post=262235"}],"version-history":[{"count":0,"href":"https:\/\/www.europesays.com\/es\/wp-json\/wp\/v2\/posts\/262235\/revisions"}],"wp:featuredmedia":[{"embeddable":true,"href":"https:\/\/www.europesays.com\/es\/wp-json\/wp\/v2\/media\/262236"}],"wp:attachment":[{"href":"https:\/\/www.europesays.com\/es\/wp-json\/wp\/v2\/media?parent=262235"}],"wp:term":[{"taxonomy":"category","embeddable":true,"href":"https:\/\/www.europesays.com\/es\/wp-json\/wp\/v2\/categories?post=262235"},{"taxonomy":"post_tag","embeddable":true,"href":"https:\/\/www.europesays.com\/es\/wp-json\/wp\/v2\/tags?post=262235"}],"curies":[{"name":"wp","href":"https:\/\/api.w.org\/{rel}","templated":true}]}}