{"id":262237,"date":"2025-11-29T15:23:12","date_gmt":"2025-11-29T15:23:12","guid":{"rendered":"https:\/\/www.europesays.com\/es\/262237\/"},"modified":"2025-11-29T15:23:12","modified_gmt":"2025-11-29T15:23:12","slug":"johnny-depp-lleva-a-tokio-su-caotico-arte-en-el-debut-internacional-de-a-bunch-of-stuff","status":"publish","type":"post","link":"https:\/\/www.europesays.com\/es\/262237\/","title":{"rendered":"Johnny Depp lleva a Tokio su ca\u00f3tico arte en el debut internacional de &#8216;A bunch of stuff&#8217;"},"content":{"rendered":"<p class=\"paragraph\"><b>Johnny Depp<\/b> ha llevado su universo art\u00edstico hasta <b>Tokio<\/b>, ciudad escogida por el actor para el debut internacional de su<b> exposici\u00f3n &#8216;A bunch of stuff&#8217; <\/b>(Un mont\u00f3n de cosas), un<b> ca\u00f3tico recorrido por su vida y mente <\/b>a trav\u00e9s de m\u00e1s de cien obras y objetos personales.<\/p>\n<p class=\"paragraph\">\u00abDibujar, crear, pintar&#8230; han sido una parte enorme de mi vida. Pero pintaba estos cuadros y luego los guardaba en un garaje para que nadie los viera\u00bb, explic\u00f3 <b>Depp<\/b> durante la presentaci\u00f3n de la muestra a la prensa, un d\u00eda antes de su apertura al p\u00fablico en el<b> NEWoMan Takanawa<\/b> del barrio capitalino de Minato.<\/p>\n<p class=\"paragraph\">En su primera visita a Jap\u00f3n en ocho a\u00f1os, el actor subray\u00f3 el <b>car\u00e1cter personal de la exposici\u00f3n<\/b>, que combina pinturas, retratos, escritos y objetos de su d\u00eda a d\u00eda recopilados durante m\u00e1s de tres d\u00e9cadas, y que podr\u00e1n visitarse hasta el 6 de mayo de 2026.<\/p>\n<p class=\"paragraph\">\u00ab<b>Crear es una necesidad constante que tengo<\/b>; si no, siento que mi cerebro explotar\u00eda\u00bb, describi\u00f3 el actor, quien admiti\u00f3 que durante muchos a\u00f1os se puso ciertos \u00abl\u00edmites\u00bb que le impidieron seguir creando, algo que ahora considera un \u00abgrave error\u00bb.<\/p>\n<p class=\"c-detail__media__subtitle\">\n<p>        Visitantes de la exposici\u00f3n de Johnny Depp.FRANCK ROBICHON\/EFE<\/p>\n<p class=\"paragraph\">La <b>muestra es un recorrido por la mente del artista<\/b> donde pueden verse retratos de personas que ha conocido, lugares en los que ha estado o, simplemente, \u00abcaprichos extra\u00f1os\u00bb que surgen en su cabeza cuando tiene tiempo libre y muchos pensamientos, relat\u00f3.<\/p>\n<p>Un viaje inmersivo al \u00absantuario art\u00edstico\u00bb del actor<\/p>\n<p class=\"paragraph\">Tras cruzar un pasillo de cortinas rojas, la exposici\u00f3n se organiza como una sucesi\u00f3n de cap\u00edtulos que mezclan lo <b>cotidiano con el expresionismo y surrealismo de sus obras<\/b>, donde Depp re\u00fane algunas de las piezas m\u00e1s representativas de su carrera, entre ellas<b> lienzos dedicados a sus hijos y a personajes imaginarios<\/b>.<\/p>\n<p class=\"paragraph\">Tambi\u00e9n destacan colecciones como &#8216;<b>Death by confetti<\/b>&#8216; (Muerte por confeti), una serie donde el artista plasma la <b>mezcla de celebraci\u00f3n y asfixia por la fama<\/b>, y la atenci\u00f3n de<b> Hollywood<\/b>; o su colecci\u00f3n en honor a la actriz<b> Hedy Lamarr<\/b>, donde Depp presenta frases escritas a modo de grafiti sobre la int\u00e9rprete: \u00ab<b>Borrada por el mismo mundo que la convirti\u00f3 en estrella<\/b>\u00ab, se lee en algunas de esas obras.<\/p>\n<p class=\"paragraph\">Una segunda sala, <b>te\u00f1ida de azul<\/b>, re\u00fane objetos de lo m\u00e1s diverso colgados del techo. <b>Plumas, postales y notas escritas en hojas de libretas de hotel<\/b> tendidos sobre el espacio para rendir homenaje al propio t\u00edtulo de la exposici\u00f3n: un mont\u00f3n de cosas.<\/p>\n<p class=\"paragraph\"><b>Latas vac\u00edas, pinceles, calaveras, una l\u00e1mpara en un zapato de madera o lienzos pintados<\/b> son algunos de los objetos que decoran los diferentes espacios de la muestra, que quieren recrear el espacio personal del artista con muebles de su propia casa.<\/p>\n<p class=\"paragraph\">En el centro de la exposici\u00f3n se encuentra la &#8216;<b>Black Box<\/b>&#8216;, un<b> corto de trece minutos reproducido en 360 grados<\/b> que muestra pinturas del actor acompa\u00f1adas de m\u00fasica y con su propia voz como narrador, donde recuerda su infancia n\u00f3mada, su impulso creativo y comparte momentos que han definido su vida art\u00edstica.<\/p>\n<p class=\"paragraph\">\u00abHe sido m\u00e1s personas que la mayor\u00eda de la gente. La pregunta es, <b>\u00bfhay algo que pueda ofrecer?<\/b>\u00ab, dice en voz en &#8216;off&#8217;.<\/p>\n<p class=\"paragraph\"><b>&#8216;A bunch of stuff&#8217; <\/b>es una exposici\u00f3n personal a la vez que ca\u00f3tica que pretende saciar esa \u00abliberaci\u00f3n\u00bb que Depp siente al crear sus obras y que ha decidido exhibir en la capital japonesa, un lugar \u00abmundialmente reconocido por sus siglos de arte\u00bb, expres\u00f3 el actor, que manifest\u00f3 \u00abun honor absoluto\u00bb por estar en ella.\u00a0<\/p>\n","protected":false},"excerpt":{"rendered":"Johnny Depp ha llevado su universo art\u00edstico hasta Tokio, ciudad escogida por el actor para el debut internacional&hellip;\n","protected":false},"author":2,"featured_media":262238,"comment_status":"","ping_status":"","sticky":false,"template":"","format":"standard","meta":{"footnotes":""},"categories":[173],"tags":[229,233,231,230,232,234,146,147,25,24,23],"class_list":{"0":"post-262237","1":"post","2":"type-post","3":"status-publish","4":"format-standard","5":"has-post-thumbnail","7":"category-arte-y-diseno","8":"tag-arte","9":"tag-arte-y-diseno","10":"tag-arts","11":"tag-arts-and-design","12":"tag-design","13":"tag-diseno","14":"tag-entertainment","15":"tag-entretenimiento","16":"tag-es","17":"tag-espana","18":"tag-spain"},"share_on_mastodon":{"url":"https:\/\/pubeurope.com\/@es\/115633678171312244","error":""},"_links":{"self":[{"href":"https:\/\/www.europesays.com\/es\/wp-json\/wp\/v2\/posts\/262237","targetHints":{"allow":["GET"]}}],"collection":[{"href":"https:\/\/www.europesays.com\/es\/wp-json\/wp\/v2\/posts"}],"about":[{"href":"https:\/\/www.europesays.com\/es\/wp-json\/wp\/v2\/types\/post"}],"author":[{"embeddable":true,"href":"https:\/\/www.europesays.com\/es\/wp-json\/wp\/v2\/users\/2"}],"replies":[{"embeddable":true,"href":"https:\/\/www.europesays.com\/es\/wp-json\/wp\/v2\/comments?post=262237"}],"version-history":[{"count":0,"href":"https:\/\/www.europesays.com\/es\/wp-json\/wp\/v2\/posts\/262237\/revisions"}],"wp:featuredmedia":[{"embeddable":true,"href":"https:\/\/www.europesays.com\/es\/wp-json\/wp\/v2\/media\/262238"}],"wp:attachment":[{"href":"https:\/\/www.europesays.com\/es\/wp-json\/wp\/v2\/media?parent=262237"}],"wp:term":[{"taxonomy":"category","embeddable":true,"href":"https:\/\/www.europesays.com\/es\/wp-json\/wp\/v2\/categories?post=262237"},{"taxonomy":"post_tag","embeddable":true,"href":"https:\/\/www.europesays.com\/es\/wp-json\/wp\/v2\/tags?post=262237"}],"curies":[{"name":"wp","href":"https:\/\/api.w.org\/{rel}","templated":true}]}}