{"id":262239,"date":"2025-11-29T15:25:06","date_gmt":"2025-11-29T15:25:06","guid":{"rendered":"https:\/\/www.europesays.com\/es\/262239\/"},"modified":"2025-11-29T15:25:06","modified_gmt":"2025-11-29T15:25:06","slug":"yo-de-pequeno-no-queria-ser-cantante","status":"publish","type":"post","link":"https:\/\/www.europesays.com\/es\/262239\/","title":{"rendered":"Yo de peque\u00f1o no quer\u00eda ser cantante"},"content":{"rendered":"<p>Durante la Primera Semifinal de<b> La Voz<\/b>, <b>Sebasti\u00e1n Yatra<\/b> ha confesado los sue\u00f1os que ten\u00eda el cantante de ni\u00f1o ante la pregunta de <b>Eva Gonz\u00e1lez<\/b>. <b>\u00abDe peque\u00f1o quer\u00eda ser abogado\u00bb<\/b>, ha confesado el coach, lo que ha desencadenado la risa de los otros coach.<b> \u00abVa a ganar pero por pesado\u00bb<\/b>, ha bromeado <b>Mal\u00fa <\/b>ante las declaraciones de su compa\u00f1ero.<\/p>\n<p>Yatra ha comentado sus primeros pasos en la m\u00fasica, la primera vez que quiso cantar fue a los doce a\u00f1os y por culpa de la competitividad con su primo. El coach ya ha comentado en otra ocasi\u00f3n su primera actuaci\u00f3n representado una canci\u00f3n de High School Musical.<\/p>\n<p>La presentadora le ha hecho una referencia a una de sus canciones, <b>\u00absi quieres puedes\u00bb<\/b>. Sebasti\u00e1n Yatra no se acordaba de cu\u00e1l era la canci\u00f3n a la que se refer\u00eda, lo que ha desatado las risas de ambos.<\/p>\n<p>Revive el momentazo de La Voz.<\/p>\n<p>   <img decoding=\"async\" title=\"\u00a1Espectacular! Ferran arrasa con su interpretaci\u00f3n de \u2018Listen\u2019 en el escenario de La Voz\" alt=\"\u00a1Espectacular! Ferran arrasa con su interpretaci\u00f3n de \u2018Listen\u2019 en el escenario de La Voz\" width=\"480\" height=\"270\" src=\"https:\/\/www.europesays.com\/es\/wp-content\/uploads\/2025\/11\/1764429906_32_70.jpg\" loading=\"lazy\" class=\"lazy\"\/><\/p>\n","protected":false},"excerpt":{"rendered":"Durante la Primera Semifinal de La Voz, Sebasti\u00e1n Yatra ha confesado los sue\u00f1os que ten\u00eda el cantante de&hellip;\n","protected":false},"author":2,"featured_media":262240,"comment_status":"","ping_status":"","sticky":false,"template":"","format":"standard","meta":{"footnotes":""},"categories":[171],"tags":[146,147,25,24,23,214],"class_list":{"0":"post-262239","1":"post","2":"type-post","3":"status-publish","4":"format-standard","5":"has-post-thumbnail","7":"category-tv","8":"tag-entertainment","9":"tag-entretenimiento","10":"tag-es","11":"tag-espana","12":"tag-spain","13":"tag-tv"},"share_on_mastodon":{"url":"https:\/\/pubeurope.com\/@es\/115633686343903109","error":""},"_links":{"self":[{"href":"https:\/\/www.europesays.com\/es\/wp-json\/wp\/v2\/posts\/262239","targetHints":{"allow":["GET"]}}],"collection":[{"href":"https:\/\/www.europesays.com\/es\/wp-json\/wp\/v2\/posts"}],"about":[{"href":"https:\/\/www.europesays.com\/es\/wp-json\/wp\/v2\/types\/post"}],"author":[{"embeddable":true,"href":"https:\/\/www.europesays.com\/es\/wp-json\/wp\/v2\/users\/2"}],"replies":[{"embeddable":true,"href":"https:\/\/www.europesays.com\/es\/wp-json\/wp\/v2\/comments?post=262239"}],"version-history":[{"count":0,"href":"https:\/\/www.europesays.com\/es\/wp-json\/wp\/v2\/posts\/262239\/revisions"}],"wp:featuredmedia":[{"embeddable":true,"href":"https:\/\/www.europesays.com\/es\/wp-json\/wp\/v2\/media\/262240"}],"wp:attachment":[{"href":"https:\/\/www.europesays.com\/es\/wp-json\/wp\/v2\/media?parent=262239"}],"wp:term":[{"taxonomy":"category","embeddable":true,"href":"https:\/\/www.europesays.com\/es\/wp-json\/wp\/v2\/categories?post=262239"},{"taxonomy":"post_tag","embeddable":true,"href":"https:\/\/www.europesays.com\/es\/wp-json\/wp\/v2\/tags?post=262239"}],"curies":[{"name":"wp","href":"https:\/\/api.w.org\/{rel}","templated":true}]}}