{"id":262246,"date":"2025-11-29T15:29:09","date_gmt":"2025-11-29T15:29:09","guid":{"rendered":"https:\/\/www.europesays.com\/es\/262246\/"},"modified":"2025-11-29T15:29:09","modified_gmt":"2025-11-29T15:29:09","slug":"madrid-activa-el-hospital-zendal-para-vacunar-sin-cita-tras-superar-el-umbral-epidemico-de-gripe","status":"publish","type":"post","link":"https:\/\/www.europesays.com\/es\/262246\/","title":{"rendered":"Madrid activa el Hospital Zendal para vacunar sin cita tras superar el umbral epid\u00e9mico de gripe"},"content":{"rendered":"<p data-start=\"456\" data-end=\"871\">La Comunidad de Madrid ha puesto en marcha desde este viernes un <strong data-start=\"521\" data-end=\"620\">nuevo punto masivo de vacunaci\u00f3n contra la gripe en el Hospital p\u00fablico Enfermera Isabel Zendal<\/strong>, tras confirmarse que la regi\u00f3n ha <strong data-start=\"656\" data-end=\"688\">superado el umbral epid\u00e9mico<\/strong> con una incidencia de <strong data-start=\"711\" data-end=\"751\">42 casos por cada 100.000 habitantes<\/strong>. El objetivo es reforzar la campa\u00f1a e incrementar la protecci\u00f3n de la poblaci\u00f3n ante el aumento sostenido de contagios.<\/p>\n<p data-start=\"873\" data-end=\"1139\">El dispositivo funcionar\u00e1 <strong data-start=\"899\" data-end=\"975\">de lunes a viernes, de 8:30 a 20:30 horas y sin necesidad de cita previa<\/strong>, pero \u00fanicamente para <strong data-start=\"998\" data-end=\"1029\">personas mayores de 18 a\u00f1os<\/strong>. En el caso de los menores, la vacunaci\u00f3n continuar\u00e1 realiz\u00e1ndose exclusivamente en los <strong data-start=\"1118\" data-end=\"1138\">centros de salud<\/strong>.<\/p>\n<p>Refuerzo de una campa\u00f1a con m\u00e1s de 1,2 millones de vacunados<\/p>\n<p data-start=\"1206\" data-end=\"1488\">La Consejer\u00eda de Sanidad recuerda que esta dosis es prioritaria para <strong data-start=\"1275\" data-end=\"1297\">mayores de 60 a\u00f1os<\/strong>, <strong data-start=\"1299\" data-end=\"1338\">personal sanitario y sociosanitario<\/strong>, <strong data-start=\"1340\" data-end=\"1376\">personas con patolog\u00edas cr\u00f3nicas<\/strong>, <strong data-start=\"1378\" data-end=\"1393\">embarazadas<\/strong>, <strong data-start=\"1395\" data-end=\"1429\">docentes de Educaci\u00f3n Infantil<\/strong>, <strong data-start=\"1431\" data-end=\"1470\">cuidadores de pacientes vulnerables<\/strong> y <strong data-start=\"1473\" data-end=\"1486\">fumadores<\/strong>.<\/p>\n<p data-start=\"1490\" data-end=\"1771\">Con la incorporaci\u00f3n del Zendal, la red supera los <strong data-start=\"1541\" data-end=\"1569\">800 puntos de vacunaci\u00f3n<\/strong> en toda la regi\u00f3n, integrando centros de Atenci\u00f3n Primaria, hospitales, residencias de mayores y centros para personas con discapacidad, todos coordinados por la <strong data-start=\"1732\" data-end=\"1770\">Direcci\u00f3n General de Salud P\u00fablica<\/strong>.<\/p>\n<p data-start=\"1773\" data-end=\"1988\">La medida se mantendr\u00e1 mientras lo exija la situaci\u00f3n epidemiol\u00f3gica, que seg\u00fan el Gobierno regional \u201crequiere un refuerzo inmediato\u201d para evitar que los contagios deriven en complicaciones y saturaci\u00f3n asistencial.<\/p>\n<p>Llamamiento a medidas preventivas ante el aumento de casos<\/p>\n<p data-start=\"2053\" data-end=\"2203\">La Comunidad ha insistido en que <strong data-start=\"2086\" data-end=\"2145\">la vacunaci\u00f3n contin\u00faa siendo la herramienta m\u00e1s eficaz<\/strong> para prevenir complicaciones graves y hospitalizaciones.<\/p>\n<p data-start=\"2205\" data-end=\"2516\">Asimismo, recomienda que quienes presenten s\u00edntomas respiratorios adopten medidas adicionales como <strong data-start=\"2304\" data-end=\"2328\">el uso de mascarilla<\/strong>, especialmente en presencia de personas vulnerables, y <strong data-start=\"2384\" data-end=\"2416\">el lavado frecuente de manos<\/strong>. Toda la informaci\u00f3n sobre la campa\u00f1a puede consultarse en la web oficial del Ejecutivo auton\u00f3mico.<\/p>\n<p>Un protocolo com\u00fan para toda Espa\u00f1a<\/p>\n<p data-start=\"2558\" data-end=\"2788\">La ministra de Sanidad, <strong data-start=\"2582\" data-end=\"2599\">M\u00f3nica Garc\u00eda<\/strong>, ha adelantado que el pr\u00f3ximo 3 de diciembre la <strong data-start=\"2648\" data-end=\"2677\">Comisi\u00f3n de Salud P\u00fablica<\/strong> aprobar\u00e1 un <strong data-start=\"2690\" data-end=\"2742\">protocolo com\u00fan frente a los virus respiratorios<\/strong>, con el respaldo t\u00e9cnico de las comunidades.<\/p>\n<p data-start=\"2790\" data-end=\"3177\">El nuevo documento, \u201cflexible pero obligatorio\u201d, establece <strong data-start=\"2849\" data-end=\"2877\">cuatro niveles de riesgo<\/strong> y tres medidas b\u00e1sicas: <strong data-start=\"2902\" data-end=\"2956\">mascarilla en centros sanitarios y sociosanitarios<\/strong>, <strong data-start=\"2958\" data-end=\"2972\">vacunaci\u00f3n<\/strong> y <strong data-start=\"2975\" data-end=\"2997\">medidas higi\u00e9nicas<\/strong>. Garc\u00eda ha subrayado que la prioridad es evitar picos como los registrados en a\u00f1os anteriores y garantizar una <strong data-start=\"3109\" data-end=\"3131\">respuesta unitaria<\/strong>, dejando \u201cde lado las diferencias pol\u00edticas\u201d.<\/p>\n","protected":false},"excerpt":{"rendered":"La Comunidad de Madrid ha puesto en marcha desde este viernes un nuevo punto masivo de vacunaci\u00f3n contra&hellip;\n","protected":false},"author":2,"featured_media":262247,"comment_status":"","ping_status":"","sticky":false,"template":"","format":"standard","meta":{"footnotes":""},"categories":[92],"tags":[10898,25,24,7749,165,65388,205,166,23,7589],"class_list":{"0":"post-262246","1":"post","2":"type-post","3":"status-publish","4":"format-standard","5":"has-post-thumbnail","7":"category-salud","8":"tag-comunidad","9":"tag-es","10":"tag-espana","11":"tag-gripe","12":"tag-health","13":"tag-hospital-isabel-zendal","14":"tag-madrid","15":"tag-salud","16":"tag-spain","17":"tag-vacunacion"},"share_on_mastodon":{"url":"https:\/\/pubeurope.com\/@es\/115633701894096724","error":""},"_links":{"self":[{"href":"https:\/\/www.europesays.com\/es\/wp-json\/wp\/v2\/posts\/262246","targetHints":{"allow":["GET"]}}],"collection":[{"href":"https:\/\/www.europesays.com\/es\/wp-json\/wp\/v2\/posts"}],"about":[{"href":"https:\/\/www.europesays.com\/es\/wp-json\/wp\/v2\/types\/post"}],"author":[{"embeddable":true,"href":"https:\/\/www.europesays.com\/es\/wp-json\/wp\/v2\/users\/2"}],"replies":[{"embeddable":true,"href":"https:\/\/www.europesays.com\/es\/wp-json\/wp\/v2\/comments?post=262246"}],"version-history":[{"count":0,"href":"https:\/\/www.europesays.com\/es\/wp-json\/wp\/v2\/posts\/262246\/revisions"}],"wp:featuredmedia":[{"embeddable":true,"href":"https:\/\/www.europesays.com\/es\/wp-json\/wp\/v2\/media\/262247"}],"wp:attachment":[{"href":"https:\/\/www.europesays.com\/es\/wp-json\/wp\/v2\/media?parent=262246"}],"wp:term":[{"taxonomy":"category","embeddable":true,"href":"https:\/\/www.europesays.com\/es\/wp-json\/wp\/v2\/categories?post=262246"},{"taxonomy":"post_tag","embeddable":true,"href":"https:\/\/www.europesays.com\/es\/wp-json\/wp\/v2\/tags?post=262246"}],"curies":[{"name":"wp","href":"https:\/\/api.w.org\/{rel}","templated":true}]}}