{"id":262260,"date":"2025-11-29T15:44:10","date_gmt":"2025-11-29T15:44:10","guid":{"rendered":"https:\/\/www.europesays.com\/es\/262260\/"},"modified":"2025-11-29T15:44:10","modified_gmt":"2025-11-29T15:44:10","slug":"fc-barcelona-alaves-en-directo-hoy","status":"publish","type":"post","link":"https:\/\/www.europesays.com\/es\/262260\/","title":{"rendered":"FC Barcelona &#8211; Alav\u00e9s, en directo hoy"},"content":{"rendered":"<p>\n    LiveBlog: 5379\n<\/p>\n<p>                                    Formaci\u00f3n: 433<br \/>\n                                Campo de juego LaLiga EA Sports<\/p>\n<p>                                                                        13<br \/>\n                                            24<br \/>\n                                            3<br \/>\n                                            22<br \/>\n                                            5<br \/>\n                                            18<br \/>\n                                            17<br \/>\n                                            20<br \/>\n                                            9<br \/>\n                                            10<br \/>\n                                            11<br \/>\n                                                                                                            1<br \/>\n                                            17<br \/>\n                                            24<br \/>\n                                            8<br \/>\n                                            14<br \/>\n                                            5<br \/>\n                                            20<br \/>\n                                            19<br \/>\n                                            15<br \/>\n                                            4<br \/>\n                                            21<\/p>\n<p>                                        <img decoding=\"async\" class=\"shield-img\" src=\"https:\/\/www.europesays.com\/es\/wp-content\/uploads\/2025\/11\/60f53a8cf1dd0.png\" alt=\"Local Barcelona\"\/><\/p>\n<p>\n                    Spotify Camp Nou\n                <\/p>\n<p>                                        <img decoding=\"async\" class=\"shield-img dc-img-right\" src=\"https:\/\/www.europesays.com\/es\/wp-content\/uploads\/2025\/11\/614c8fa103c22.png\" alt=\"Visitante Alav\u00e9s\"\/><\/p>\n<p>\n                        13Joan Garc\u00eda\n                                            <\/p>\n<p>\n                        Antonio Sivera1\n                                            <\/p>\n<p>\n                        24Eric Garc\u00eda\n                                            <\/p>\n<p>\n                        Jonny17\n                                            <\/p>\n<p>\n                        3Alejandro Balde\n                                            <\/p>\n<p>\n                        Victor Parada24\n                                            <\/p>\n<p>\n                        22Marc Bernal\n                                            <\/p>\n<p>\n                        Antonio Blanco8\n                                            <\/p>\n<p>\n                        5Pau Cubars\u00ed\n                                            <\/p>\n<p>\n                        Nahuel Tenaglia14\n                                            <\/p>\n<p>\n                        18Gerard Mart\u00edn\n                                            <\/p>\n<p>\n                        Jon Pacheco5\n                                            <\/p>\n<p>\n                        17Marc Casad\u00f3\n                                            <\/p>\n<p>\n                        Calebe20\n                                            <\/p>\n<p>\n                        20Dani Olmo\n                                            <\/p>\n<p>\n                        Pablo Ib\u00e1\u00f1ez19<\/p>\n<p>                                                                0&#8242;<\/p>\n<p>\n                        9Robert Lewandowski\n                                            <\/p>\n<p>\n                        Lucas Boy\u00e915\n                                            <\/p>\n<p>\n                        10Lamine Yamal<\/p>\n<p>                                                                7&#8242;<\/p>\n<p>\n                        Denis Su\u00e1rez4\n                                            <\/p>\n<p>\n                        11Raphinha\n                                            <\/p>\n<p>\n                        Abde Rebbach21\n                                            <\/p>\n<p>                                        <img decoding=\"async\" class=\"shield-img\" src=\"https:\/\/www.europesays.com\/es\/wp-content\/uploads\/2025\/11\/60f53a8cf1dd0.png\" alt=\"Local Barcelona\"\/><\/p>\n<p>\n                    Suplentes\n                <\/p>\n<p>                                        <img decoding=\"async\" class=\"shield-img dc-img-right\" src=\"https:\/\/www.europesays.com\/es\/wp-content\/uploads\/2025\/11\/614c8fa103c22.png\" alt=\"Visitante Alav\u00e9s\"\/><\/p>\n<p>\n                            25Wojciech Szczesny\n                                                    <\/p>\n<p>\n                            Ra\u00fal Fern\u00e1ndez13\n                                                    <\/p>\n<p>\n                            33Eder Aller\n                                                    <\/p>\n<p>\n                            Youssef Enr\u00edquez3\n                                                    <\/p>\n<p>\n                            15Andreas Christensen\n                                                    <\/p>\n<p>\n                            Moussa Diarra22\n                                                    <\/p>\n<p>\n                            23Jules Kound\u00e9\n                                                    <\/p>\n<p>\n                            Egoitz Mu\u00f1oz27\n                                                    <\/p>\n<p>\n                            26Jofre Torrents\n                                                    <\/p>\n<p>\n                            Ander Guevara6\n                                                    <\/p>\n<p>\n                            8Pedri\n                                                    <\/p>\n<p>\n                            Carles Ale\u00f1\u00e110\n                                                    <\/p>\n<p>\n                            27Dro Fern\u00e1ndez\n                                                    <\/p>\n<p>\n                            Jon Guridi18\n                                                    <\/p>\n<p>\n                            43Tom\u00e1s Marqu\u00e9s\n                                                    <\/p>\n<p>\n                            Carlos Protesoni23\n                                                    <\/p>\n<p>\n                            7Ferran Torres\n                                                    <\/p>\n<p>\n                            Carlos Vicente7\n                                                    <\/p>\n<p>\n                            14Marcus Rashford\n                                                    <\/p>\n<p>\n                            Mariano D\u00edaz9\n                                                    <\/p>\n<p>\n                            28Roony Bardghji\n                                                    <\/p>\n<p>\n                            Toni Mart\u00ednez11\n                                                    <\/p>\n<p>\n                            Izei Hernandez32\n                                                    <\/p>\n<p>                                        <img decoding=\"async\" class=\"shield-img\" src=\"https:\/\/www.europesays.com\/es\/wp-content\/uploads\/2025\/11\/60f53a8cf1dd0.png\" alt=\"Local Barcelona\"\/><\/p>\n<p>\n                    Entrenador\n                <\/p>\n<p>                                        <img decoding=\"async\" class=\"shield-img dc-img-right\" src=\"https:\/\/www.europesays.com\/es\/wp-content\/uploads\/2025\/11\/614c8fa103c22.png\" alt=\"Visitante Alav\u00e9s\"\/><\/p>\n<p>\n                    Hansi Flick\n                <\/p>\n<p>\n                    Eduardo Coudet\n                <\/p>\n<p data-gtm-element-container=\"modulo-texto-link\" class=\"paragraph\">Buenas tardes y bienvenidos a la narraci\u00f3n, en directo, del partido de f\u00fatbol de la LaLiga EA Sports que enfrenta al Barcelona contra el Alav\u00e9s correspondiente a Jornada 14. Desde Mundo Deportivo, te ofrecemos toda la cobertura minuto a minuto, la previa, las alineaciones, las mejores jugadas y goles del encuentro y el resultado con todas las reacciones al post match.<\/p>\n<p data-gtm-element-container=\"modulo-texto-link\" class=\"paragraph\">Horario y d\u00f3nde por TV el partido entre Barcelona y Alav\u00e9s<\/p>\n<p data-gtm-element-container=\"modulo-texto-link\" class=\"paragraph\">El partido se disputa s\u00e1bado 29 de noviembre de 2025 a las 16:15 en el Spotify Camp Nou. \u00a1Disfruta del mejor f\u00fatbol en vivo, en la web de Mundo Deportivo!<\/p>\n<p data-gtm-element-container=\"modulo-texto-link\" class=\"paragraph\">Barcelona &#8211; Alav\u00e9s | LaLiga EA Sports<\/p>\n","protected":false},"excerpt":{"rendered":"LiveBlog: 5379 Formaci\u00f3n: 433 Campo de juego LaLiga EA Sports 13 24 3 22 5 18 17 20&hellip;\n","protected":false},"author":2,"featured_media":262261,"comment_status":"","ping_status":"","sticky":false,"template":"","format":"standard","meta":{"footnotes":""},"categories":[268],"tags":[168,25,24,280,282,281,23,167],"class_list":{"0":"post-262260","1":"post","2":"type-post","3":"status-publish","4":"format-standard","5":"has-post-thumbnail","7":"category-futbol","8":"tag-deportes","9":"tag-es","10":"tag-espana","11":"tag-football","12":"tag-futbol","13":"tag-soccer","14":"tag-spain","15":"tag-sports"},"share_on_mastodon":{"url":"https:\/\/pubeurope.com\/@es\/115633762000308750","error":""},"_links":{"self":[{"href":"https:\/\/www.europesays.com\/es\/wp-json\/wp\/v2\/posts\/262260","targetHints":{"allow":["GET"]}}],"collection":[{"href":"https:\/\/www.europesays.com\/es\/wp-json\/wp\/v2\/posts"}],"about":[{"href":"https:\/\/www.europesays.com\/es\/wp-json\/wp\/v2\/types\/post"}],"author":[{"embeddable":true,"href":"https:\/\/www.europesays.com\/es\/wp-json\/wp\/v2\/users\/2"}],"replies":[{"embeddable":true,"href":"https:\/\/www.europesays.com\/es\/wp-json\/wp\/v2\/comments?post=262260"}],"version-history":[{"count":0,"href":"https:\/\/www.europesays.com\/es\/wp-json\/wp\/v2\/posts\/262260\/revisions"}],"wp:featuredmedia":[{"embeddable":true,"href":"https:\/\/www.europesays.com\/es\/wp-json\/wp\/v2\/media\/262261"}],"wp:attachment":[{"href":"https:\/\/www.europesays.com\/es\/wp-json\/wp\/v2\/media?parent=262260"}],"wp:term":[{"taxonomy":"category","embeddable":true,"href":"https:\/\/www.europesays.com\/es\/wp-json\/wp\/v2\/categories?post=262260"},{"taxonomy":"post_tag","embeddable":true,"href":"https:\/\/www.europesays.com\/es\/wp-json\/wp\/v2\/tags?post=262260"}],"curies":[{"name":"wp","href":"https:\/\/api.w.org\/{rel}","templated":true}]}}