{"id":262264,"date":"2025-11-29T15:45:16","date_gmt":"2025-11-29T15:45:16","guid":{"rendered":"https:\/\/www.europesays.com\/es\/262264\/"},"modified":"2025-11-29T15:45:16","modified_gmt":"2025-11-29T15:45:16","slug":"capa-burdeos-cinturon-a-juego-y-un-acabado-impecable","status":"publish","type":"post","link":"https:\/\/www.europesays.com\/es\/262264\/","title":{"rendered":"capa burdeos, cintur\u00f3n a juego y un acabado impecable"},"content":{"rendered":"\n<p> <strong>Charl\u00e8ne de M\u00f3naco<\/strong> ha vuelto a demostrar su <a href=\"https:\/\/www.vanitatis.elconfidencial.com\/casas-reales\/2025-11-17\/lagrimas-charlene-monaco-salida-carrera-solidaria_4248680\/\" target=\"_self\" rel=\"nofollow noopener\">fuerte compromiso<\/a> con la <strong>asfixia por inmersi\u00f3n<\/strong>, un problema que causa cerca de 300.000 muertes al a\u00f1o. Para ayudar a combatir este problema, la <a href=\"https:\/\/www.vanitatis.elconfidencial.com\/casas-reales\/2025-02-21\/charlene-monaco-elegancia-vestido-gala-elie-saab-diamantes_4070313\/\" target=\"_self\" rel=\"nofollow noopener\">Fundaci\u00f3n Princesa Charl\u00e8ne de M\u00f3naco<\/a> asisti\u00f3, este viernes, a una <strong>jornada de sensibilizaci\u00f3n<\/strong> en el Grimaldi Forum con 316 alumnos del primer curso. Tambi\u00e9n estuvo acompa\u00f1ada por las principales instituciones del Principado. All\u00ed, la esposa de Alberto II gui\u00f3 a los ni\u00f1os por talleres pensados para ense\u00f1arles e identificar los <strong>peligros del agua<\/strong>, conocer el material de rescate y aprender los gestos b\u00e1sicos que pueden <strong>salvar vidas<\/strong>. <\/p>\n<p> Para la ocasi\u00f3n, <strong>Charl\u00e8ne <\/strong>apost\u00f3 por un look invernal <strong>sofisticado<\/strong> con el que ha logrado aunar la elegancia cl\u00e1sica con el gesto contempor\u00e1neo. La <a href=\"https:\/\/www.vanitatis.elconfidencial.com\/casas-reales\/2025-11-29\/movimiento-alberto-ii-monaco-aborto-ley-veto_4256005\/\" target=\"_self\" rel=\"nofollow noopener\">esposa de Alberto II<\/a> port\u00f3 un <strong>vestido-capa<\/strong> de lana y cachemira &#8216;Astoria&#8217; de Max Mara. La pieza, de Max Mara y cuyo coste asciende a 960 euros, es de color rojo burdeos y destaca por su silueta envolvente y por ese efecto de manda capa tan caracter\u00edstico de la firma. Adem\u00e1s, la prenda se ci\u00f1e a la cintura con un <strong>cintur\u00f3n largo<\/strong> de cuero del mismo tono que define la figura y aporta estructura sin restar naturalidad. Tambi\u00e9n es de la casa de moda italiana y cuesta cerca de 400 euros. <\/p>\n<p>               Charl\u00e8ne de M\u00f3naco durante la jornada. (Gtres)             <\/p>\n<p> Debajo del vestido-capa, <a href=\"https:\/\/www.vanitatis.elconfidencial.com\/casas-reales\/2025-06-10\/posado-nueva-charlene-monaco-primeras-damas_4148282\/\" target=\"_self\" rel=\"nofollow noopener\">Charl\u00e8ne de M\u00f3naco<\/a> llev\u00f3 una camisa blanca de cuello r\u00edgido que aportaba contraste y un punto de <strong>luminosidad<\/strong> al conjunto. Lo combin\u00f3 con unos pantalones oscuros de <strong>corte recto<\/strong>, elecci\u00f3n que estiliza la figura y suma un aire pulido, y recuper\u00f3 uno de sus cl\u00e1sicos: los salones <strong>BB 70<\/strong> de Manolo Blahnik, confeccionados en piel negra y valorados en torno a 745 euros. Se trata de un modelo <strong>ic\u00f3nico<\/strong> que aporta altura, presencia y esa elegancia atemporal que tanto identifica su estilo. As\u00ed, consigui\u00f3 un look equilibrado y coherente pensado para un acto formal y en sinton\u00eda con su imagen actual. <\/p>\n<p>               Charl\u00e8ne de M\u00f3naco. (Gtres)             <\/p>\n<p> En lo que concierne al beauty, <a href=\"https:\/\/www.vanitatis.elconfidencial.com\/casas-reales\/2025-10-13\/alberto-charlene-eduardo-sophie-edimburgo-contrapuestos_4227294\/\" target=\"_self\" rel=\"nofollow noopener\">Charl\u00e8ne de M\u00f3naco<\/a> tambi\u00e9n se mantuvo fiel a su l\u00ednea m\u00e1s depurada y regia. La royal llev\u00f3 un <strong>mo\u00f1o bajo<\/strong>, pulido con raya discreta con el que consigui\u00f3 despejar el rostro. Una elecci\u00f3n estrat\u00e9gica y perfecta para un acto con ni\u00f1os y con cierto componente institucional. Adem\u00e1s, el maquillaje se mantuvo suave y <strong>luminoso<\/strong>: piel fresca y sombras rosadas que aportaban calidez a la mirada sin perder definici\u00f3n. Los labios en tono <strong>natural<\/strong> probaron que la esposa de Alberto sigui\u00f3 el mismo esp\u00edritu del look: sobrio, elegante y pensado para transmitir <strong>cercan\u00eda<\/strong>. <\/p>\n<blockquote class=\"instagram-media\" data-instgrm-captioned=\"\" data-instgrm-permalink=\"https:\/\/www.instagram.com\/reel\/DRnUlZICOv8\/?utm_source=ig_embed&amp;utm_campaign=loading\" data-instgrm-version=\"14\" style=\" background:#FFF; border:0; border-radius:3px; box-shadow:0 0 1px 0 rgba(0,0,0,0.5),0 1px 10px 0 rgba(0,0,0,0.15); margin: 1px; max-width:540px; min-width:326px; padding:0; width:99.375%; width:-webkit-calc(100% - 2px); width:calc(100% - 2px);\"\/>\n<p> M\u00e1s all\u00e1 del protocolo, Charl\u00e8ne dej\u00f3 ver una <strong>faceta cercana y c\u00e1lida<\/strong> al compartir tiempo con los escolares, escucharlos y acompa\u00f1arlos en cada actividad. En las instant\u00e1neas, se puede ver como la royal habl\u00f3 con ellos a su altura y celebr\u00f3 sus progresos. Un gesto que evidencia la dimensi\u00f3n personal que tiene para ella esta causa. En cada edici\u00f3n, la <strong>lucha contra la asfixia<\/strong> por inmersi\u00f3n se convierte en un compromiso \u00edntimo, arraigado en su historia y en su papel como madre, que la impulsa a seguir trabajando para que los m\u00e1s peque\u00f1os crezcan seguros dentro y fuera del agua. <\/p>\n<p> <strong>Charl\u00e8ne de M\u00f3naco<\/strong> ha vuelto a demostrar su <a href=\"https:\/\/www.vanitatis.elconfidencial.com\/casas-reales\/2025-11-17\/lagrimas-charlene-monaco-salida-carrera-solidaria_4248680\/\" target=\"_self\" rel=\"nofollow noopener\">fuerte compromiso<\/a> con la <strong>asfixia por inmersi\u00f3n<\/strong>, un problema que causa cerca de 300.000 muertes al a\u00f1o. Para ayudar a combatir este problema, la <a href=\"https:\/\/www.vanitatis.elconfidencial.com\/casas-reales\/2025-02-21\/charlene-monaco-elegancia-vestido-gala-elie-saab-diamantes_4070313\/\" target=\"_self\" rel=\"nofollow noopener\">Fundaci\u00f3n Princesa Charl\u00e8ne de M\u00f3naco<\/a> asisti\u00f3, este viernes, a una <strong>jornada de sensibilizaci\u00f3n<\/strong> en el Grimaldi Forum con 316 alumnos del primer curso. Tambi\u00e9n estuvo acompa\u00f1ada por las principales instituciones del Principado. All\u00ed, la esposa de Alberto II gui\u00f3 a los ni\u00f1os por talleres pensados para ense\u00f1arles e identificar los <strong>peligros del agua<\/strong>, conocer el material de rescate y aprender los gestos b\u00e1sicos que pueden <strong>salvar vidas<\/strong>. <\/p>\n<p>              <script async src=\"\/\/www.instagram.com\/embed.js\"><\/script><\/p>\n","protected":false},"excerpt":{"rendered":"Charl\u00e8ne de M\u00f3naco ha vuelto a demostrar su fuerte compromiso con la asfixia por inmersi\u00f3n, un problema que&hellip;\n","protected":false},"author":2,"featured_media":262265,"comment_status":"","ping_status":"","sticky":false,"template":"","format":"standard","meta":{"footnotes":""},"categories":[174],"tags":[255,146,147,25,24,256,23],"class_list":{"0":"post-262264","1":"post","2":"type-post","3":"status-publish","4":"format-standard","5":"has-post-thumbnail","7":"category-famosos","8":"tag-celebrities","9":"tag-entertainment","10":"tag-entretenimiento","11":"tag-es","12":"tag-espana","13":"tag-famosos","14":"tag-spain"},"share_on_mastodon":{"url":"https:\/\/pubeurope.com\/@es\/115633764724332439","error":""},"_links":{"self":[{"href":"https:\/\/www.europesays.com\/es\/wp-json\/wp\/v2\/posts\/262264","targetHints":{"allow":["GET"]}}],"collection":[{"href":"https:\/\/www.europesays.com\/es\/wp-json\/wp\/v2\/posts"}],"about":[{"href":"https:\/\/www.europesays.com\/es\/wp-json\/wp\/v2\/types\/post"}],"author":[{"embeddable":true,"href":"https:\/\/www.europesays.com\/es\/wp-json\/wp\/v2\/users\/2"}],"replies":[{"embeddable":true,"href":"https:\/\/www.europesays.com\/es\/wp-json\/wp\/v2\/comments?post=262264"}],"version-history":[{"count":0,"href":"https:\/\/www.europesays.com\/es\/wp-json\/wp\/v2\/posts\/262264\/revisions"}],"wp:featuredmedia":[{"embeddable":true,"href":"https:\/\/www.europesays.com\/es\/wp-json\/wp\/v2\/media\/262265"}],"wp:attachment":[{"href":"https:\/\/www.europesays.com\/es\/wp-json\/wp\/v2\/media?parent=262264"}],"wp:term":[{"taxonomy":"category","embeddable":true,"href":"https:\/\/www.europesays.com\/es\/wp-json\/wp\/v2\/categories?post=262264"},{"taxonomy":"post_tag","embeddable":true,"href":"https:\/\/www.europesays.com\/es\/wp-json\/wp\/v2\/tags?post=262264"}],"curies":[{"name":"wp","href":"https:\/\/api.w.org\/{rel}","templated":true}]}}