{"id":262266,"date":"2025-11-29T15:46:21","date_gmt":"2025-11-29T15:46:21","guid":{"rendered":"https:\/\/www.europesays.com\/es\/262266\/"},"modified":"2025-11-29T15:46:21","modified_gmt":"2025-11-29T15:46:21","slug":"rafa-perez-expone-en-el-museo-de-la-rioja-hasta-el-3-de-mayo","status":"publish","type":"post","link":"https:\/\/www.europesays.com\/es\/262266\/","title":{"rendered":"Rafa P\u00e9rez expone en el Museo de La Rioja hasta el 3 de mayo"},"content":{"rendered":"<p>Rafa P\u00e9rez expone en el Museo de La Rioja hasta el 3 de mayo<br \/>\n                  <a class=\"skip-link screen-reader-text\" href=\"#content\">Ir al contenido<\/a>   <\/p>\n<p>Utilizamos tecnolog\u00edas como las cookies para almacenar y\/o acceder a la informaci\u00f3n del dispositivo. Lo hacemos para mejorar la experiencia de navegaci\u00f3n y para mostrar anuncios personalizados. El consentimiento a estas tecnolog\u00edas nos permitir\u00e1 procesar datos como el comportamiento de navegaci\u00f3n o los ID&#8217;s \u00fanicos en este sitio. No consentir o retirar el consentimiento, puede afectar negativamente a ciertas caracter\u00edsticas y funciones.<\/p>\n<p>\nEl almacenamiento o acceso t\u00e9cnico es estrictamente necesario para el prop\u00f3sito leg\u00edtimo de permitir el uso de un servicio espec\u00edfico expl\u00edcitamente solicitado por el abonado o usuario, o con el \u00fanico prop\u00f3sito de llevar a cabo la transmisi\u00f3n de una comunicaci\u00f3n a trav\u00e9s de una red de comunicaciones electr\u00f3nicas.<\/p>\n<p>\nEl almacenamiento o acceso t\u00e9cnico es necesario para la finalidad leg\u00edtima de almacenar preferencias no solicitadas por el abonado o usuario.<\/p>\n<p>\nEl almacenamiento o acceso t\u00e9cnico que es utilizado exclusivamente con fines estad\u00edsticos.<br \/>\nEl almacenamiento o acceso t\u00e9cnico que se utiliza exclusivamente con fines estad\u00edsticos an\u00f3nimos. Sin un requerimiento, el cumplimiento voluntario por parte de tu Proveedor de servicios de Internet, o los registros adicionales de un tercero, la informaci\u00f3n almacenada o recuperada s\u00f3lo para este prop\u00f3sito no se puede utilizar para identificarte.<\/p>\n<p>\nEl almacenamiento o acceso t\u00e9cnico es necesario para crear perfiles de usuario para enviar publicidad, o para rastrear al usuario en una web o en varias web con fines de marketing similares.<\/p>\n<p>Administrar consentimiento<\/p>\n","protected":false},"excerpt":{"rendered":"Rafa P\u00e9rez expone en el Museo de La Rioja hasta el 3 de mayo Ir al contenido Utilizamos&hellip;\n","protected":false},"author":2,"featured_media":262267,"comment_status":"","ping_status":"","sticky":false,"template":"","format":"standard","meta":{"footnotes":""},"categories":[173],"tags":[229,233,231,230,232,234,146,147,25,24,23],"class_list":{"0":"post-262266","1":"post","2":"type-post","3":"status-publish","4":"format-standard","5":"has-post-thumbnail","7":"category-arte-y-diseno","8":"tag-arte","9":"tag-arte-y-diseno","10":"tag-arts","11":"tag-arts-and-design","12":"tag-design","13":"tag-diseno","14":"tag-entertainment","15":"tag-entretenimiento","16":"tag-es","17":"tag-espana","18":"tag-spain"},"share_on_mastodon":{"url":"https:\/\/pubeurope.com\/@es\/115633768553715872","error":""},"_links":{"self":[{"href":"https:\/\/www.europesays.com\/es\/wp-json\/wp\/v2\/posts\/262266","targetHints":{"allow":["GET"]}}],"collection":[{"href":"https:\/\/www.europesays.com\/es\/wp-json\/wp\/v2\/posts"}],"about":[{"href":"https:\/\/www.europesays.com\/es\/wp-json\/wp\/v2\/types\/post"}],"author":[{"embeddable":true,"href":"https:\/\/www.europesays.com\/es\/wp-json\/wp\/v2\/users\/2"}],"replies":[{"embeddable":true,"href":"https:\/\/www.europesays.com\/es\/wp-json\/wp\/v2\/comments?post=262266"}],"version-history":[{"count":0,"href":"https:\/\/www.europesays.com\/es\/wp-json\/wp\/v2\/posts\/262266\/revisions"}],"wp:featuredmedia":[{"embeddable":true,"href":"https:\/\/www.europesays.com\/es\/wp-json\/wp\/v2\/media\/262267"}],"wp:attachment":[{"href":"https:\/\/www.europesays.com\/es\/wp-json\/wp\/v2\/media?parent=262266"}],"wp:term":[{"taxonomy":"category","embeddable":true,"href":"https:\/\/www.europesays.com\/es\/wp-json\/wp\/v2\/categories?post=262266"},{"taxonomy":"post_tag","embeddable":true,"href":"https:\/\/www.europesays.com\/es\/wp-json\/wp\/v2\/tags?post=262266"}],"curies":[{"name":"wp","href":"https:\/\/api.w.org\/{rel}","templated":true}]}}