{"id":262268,"date":"2025-11-29T15:48:14","date_gmt":"2025-11-29T15:48:14","guid":{"rendered":"https:\/\/www.europesays.com\/es\/262268\/"},"modified":"2025-11-29T15:48:14","modified_gmt":"2025-11-29T15:48:14","slug":"el-machismo-de-disenso-la-fundacion-de-vox-contra-tertulianas-como-santaolalla-o-intxaurrondo-mamporreras-extremista","status":"publish","type":"post","link":"https:\/\/www.europesays.com\/es\/262268\/","title":{"rendered":"El machismo de Disenso, la fundaci\u00f3n de Vox, contra tertulianas como Santaolalla o Intxaurrondo: \u00abMamporreras extremista\u00bb"},"content":{"rendered":"<p>La Fundaci\u00f3n\u00a0<strong>Disenso<\/strong>, el\u00a0think tank\u00a0ultraderechista financiado por\u00a0<strong>Vox<\/strong>,\u00a0ha desplegado su<strong> arsenal machista contra tertulianas como <a data-external=\"0\" data-intl-links-es=\"https:\/\/www.elplural.com\/extratele\/sarah-santaolalla-no-esconde-temor-insultos-quiles-cientos-jovenes-tengo-miedo_365906102\" href=\"https:\/\/www.elplural.com\/extratele\/sarah-santaolalla-no-esconde-temor-insultos-quiles-cientos-jovenes-tengo-miedo_365906102\" rel=\"follow nofollow noopener\" target=\"_self\" title=\"Sarah Santaolalla no esconde su temor tras los insultos de Quiles y cientos de j\u00f3venes: \u201cTengo miedo\u201d\">Santaolalla<\/a>, Intxaurrondo, Susanna Griso o Julia Otero<\/strong>. Poco importa su tendencia ideol\u00f3gica, este\u00a0laboratorio de ideas\u00a0ha cargado contra todas ellas por no seguir los &#8216;Evangelios&#8217; escritos en Bamb\u00fa.\u00a0<\/p>\n<p>Curioso es el arranque de este art\u00edculo titulado \u00ab<strong>La plebe pincha la burbuja de las tertulias<\/strong>\u00ab, con un claro posicionamiento <strong>a favor de la influencer\u00a0trumpista Ada Lluch<\/strong>, <a data-external=\"0\" data-intl-links-es=\"https:\/\/www.elplural.com\/extratele\/repaso-afra-blanco-influencer-trumpista-susanna-griso-termina-sentenciando-eres-machista_363369102\" href=\"https:\/\/www.elplural.com\/extratele\/repaso-afra-blanco-influencer-trumpista-susanna-griso-termina-sentenciando-eres-machista_363369102\" rel=\"follow nofollow noopener\" target=\"_self\" title=\"El repaso de Afra Blanco a la influencer trumpista que Susanna Griso termina sentenciando: \" una=\"\" machista=\"\">conocida por sus discursos machistas<\/a> o racistas, desplegados en plat\u00f3s como el de Espejo P\u00fablico. \u00abSusanna Griso y sus tertulianos<strong> la tratan con m\u00e1xima condescendencia<\/strong>, como si un dibujo animado o una ni\u00f1a exc\u00e9ntrica se hubiese colado en su plat\u00f3. La primera vez que la invitaron, para una participaci\u00f3n telem\u00e1tica, se les escapaba la risa nerviosa cuando ella se mantuvo en sus trece respecto a que \u00abmujeres y ni\u00f1os ya no pueden sentirse seguros en Europa\u00bb. Lluch se revolvi\u00f3 y dijo que quiz\u00e1 no lo entend\u00edan porque viv\u00edan en barrios de renta alta\u00bb, escriben<\/p>\n<p>Tras mencionar brevemente su segundo paso por el formato se\u00f1alan directamente a los tertulianos del programa y, de ah\u00ed, directos a cargar contra distintas mujeres profesionales de la informaci\u00f3n. En primer lugar, <strong>Griso<\/strong>, \u00abtristemente c\u00e9lebre por sus comentarios de junio de 2023 mientras emit\u00eda las im\u00e1genes de un crimen en Annecy, localidad de los Alpes suizos\u00bb.\u00a0La presentadora se\u00f1al\u00f3 que esto pod\u00eda ser utilizado como arma por la extrema derecha, algo que no ha sentado bien al think tank.\u00a0<\/p>\n<p>Disenso asegura que existe \u00ab<strong>una l\u00ednea de trabajo habitual entre las divas de las ondas<\/strong>\u00bb y este argumento le sirve para pasar a la siguiente, <strong>Julia Otero.<\/strong> Tras recordar que la locutora afirm\u00f3 que \u00absoplan vientos sucios y racistas que hablan del visado por puntos para entrar en Espa\u00f1a\u00bb, en una alusi\u00f3n \u00aba una templada propuesta de Alberto Nu\u00f1ez Feij\u00f3o\u00bb -porque en este art\u00edculo no se salva nadie excepto ellos-, pasaban a referirse a la <strong>vivienda <\/strong>de Otero, seg\u00fan ellos, \u00aben uno de los barrios m\u00e1s exclusivos de Barcelona\u00bb: \u00abSeguro que las familias trabajadoras de municipios saturados de inmigraci\u00f3n, pongamos Ripoll y Salt, <strong>ser\u00edan menos \u00absucios\u00bb y \u00abracistas\u00bb si fueran due\u00f1os de un inmueble as<\/strong>\u00ed, donde refugiarse de los riesgos crecientes de la calle\u00bb.<\/p>\n<p>Para tratar que el machismo no sea evidente, tres p\u00e1rrafos dedicados a ensalzar a Marc Lozano,\u00a0miembro del Frente Obrero y<strong> \u00abvoz sin domesticar\u00bb<\/strong>, que se neg\u00f3 a hablar con un tertuliano en En boca de todos por ser \u00abpropagandista del Gobierno\u00bb y asegur\u00f3 que en\u00a0Hospitalet de Llobregat \u00abla patrulla es la \u00fanica herramienta que tienen los vecinos para <strong>defender la integridad de sus madres, sus hermanas y sus hijas<\/strong>\u00ab.<\/p>\n<p>\u00abGracias a estos j\u00f3venes carism\u00e1ticos, y tambi\u00e9n a algunos columnistas que van por libre, muchos empiezan a comprender que <strong>el rechazo popular a la inmigraci\u00f3n no es racista, sino defensor del arraigo<\/strong>\u00ab, asegura Disenso, apuntando que, seg\u00fan el CIS, el 75% de los espa\u00f1oles asocia a los inmigrantes con conceptos negativos.\u00a0<\/p>\n<p>Tras este breve inciso, vuelven a &#8216;analizar&#8217; las \u00abfunciones de los tertulianos\u00bb. Tras una nueva menci\u00f3n a Griso, llega el turno de<strong> Laura Arroyo<\/strong>, quien, afirman, \u00abes capaz de <strong>convertir, en tiempo record, cualquier plat\u00f3 televisivo en un\u00a0after\u00a0malrollero de casa okupa<\/strong>\u00ab. Con indignaci\u00f3n, critican que coescribiera\u00a01492 palabras contra la Hispanidad,\u00a0publicado por\u00a0El\u00a0Pa\u00eds,\u00a0se\u00f1alando concretamente la siguiente frase: \u00abHispanidad es sin\u00f3nimo de culturas arrasadas, de lenguas originarias borradas, de tierras y materias primas expoliadas, genealog\u00edas y cosmogon\u00edas aplastadas, de millones de vidas asesinadas. \u2018Todo lo que nos une\u2019 es violencia\u00bb.<\/p>\n<p>Tampoco iban a faltar las menciones al <strong>PSOE<\/strong>, quien, en sus palabras, \u00ab<strong>recurre a Arroyo o a Sarah Santaolalla como mamporreras extremistas que distraen la atenci\u00f3n<\/strong> del paro, la vivienda y la corrupci\u00f3n\u00bb:\u00a0\u00abSon la artiller\u00eda pesada, la ligera es la tertulia de <strong>Silvia Intxaurrondo<\/strong>, con su pelot\u00f3n de polit\u00f3logos catalanes cargados de hojas de Excel para defender al gobierno en cualquier coyuntura\u00bb.\u00a0<\/p>\n<p>La fundaci\u00f3n de Vox aprovecha para colar otros ataques a rostros como <strong>Cintora, Javier Ruiz e I\u00f1aki L\u00f3pez<\/strong>, \u00abque\u00a0aportan al proyecto de convertir el sal\u00f3n de nuestras casas en una ch\u00e1chara infinita al servicio informal del sanchismo\u00bb<\/p>\n<p>Por \u00faltimo, aseguran que otra de las funciones es \u00abla de crear un microclima donde el oyente se sienta tan a gusto que se adormezca su capacidad cr\u00edtica\u00bb y, como nombre para fundamentar esta afirmaci\u00f3n, el de <strong>Juan Soto Ivars.<\/strong> Disenso recuerda que el periodista pregunt\u00f3 recientemente \u00abpor qu\u00e9 los tertulianos de la SER <strong>hablan como si se estuvieran masturbando unos a otros<\/strong>\u00bb y asegura que \u00abel objetivo de estos foros no es debatir sino exhibir bondad ante personas afines, almas bellas del progresismo\u00bb.<\/p>\n<p>\u00abEl contraste entre el spa de ciertas tertulias y la cada vez m\u00e1s tensa realidad de nuestras calles dice mucho de la desconexi\u00f3n de los opinadores con la realidad. <strong>Es normal que la plebe desconecte de este cutre espect\u00e1culo de gui\u00f1oles<\/strong>\u00ab, concluyen.<\/p>\n","protected":false},"excerpt":{"rendered":"La Fundaci\u00f3n\u00a0Disenso, el\u00a0think tank\u00a0ultraderechista financiado por\u00a0Vox,\u00a0ha desplegado su arsenal machista contra tertulianas como Santaolalla, Intxaurrondo, Susanna Griso o&hellip;\n","protected":false},"author":2,"featured_media":262269,"comment_status":"","ping_status":"","sticky":false,"template":"","format":"standard","meta":{"footnotes":""},"categories":[171],"tags":[146,147,25,24,23,214],"class_list":{"0":"post-262268","1":"post","2":"type-post","3":"status-publish","4":"format-standard","5":"has-post-thumbnail","7":"category-tv","8":"tag-entertainment","9":"tag-entretenimiento","10":"tag-es","11":"tag-espana","12":"tag-spain","13":"tag-tv"},"share_on_mastodon":{"url":"https:\/\/pubeurope.com\/@es\/115633776397109979","error":""},"_links":{"self":[{"href":"https:\/\/www.europesays.com\/es\/wp-json\/wp\/v2\/posts\/262268","targetHints":{"allow":["GET"]}}],"collection":[{"href":"https:\/\/www.europesays.com\/es\/wp-json\/wp\/v2\/posts"}],"about":[{"href":"https:\/\/www.europesays.com\/es\/wp-json\/wp\/v2\/types\/post"}],"author":[{"embeddable":true,"href":"https:\/\/www.europesays.com\/es\/wp-json\/wp\/v2\/users\/2"}],"replies":[{"embeddable":true,"href":"https:\/\/www.europesays.com\/es\/wp-json\/wp\/v2\/comments?post=262268"}],"version-history":[{"count":0,"href":"https:\/\/www.europesays.com\/es\/wp-json\/wp\/v2\/posts\/262268\/revisions"}],"wp:featuredmedia":[{"embeddable":true,"href":"https:\/\/www.europesays.com\/es\/wp-json\/wp\/v2\/media\/262269"}],"wp:attachment":[{"href":"https:\/\/www.europesays.com\/es\/wp-json\/wp\/v2\/media?parent=262268"}],"wp:term":[{"taxonomy":"category","embeddable":true,"href":"https:\/\/www.europesays.com\/es\/wp-json\/wp\/v2\/categories?post=262268"},{"taxonomy":"post_tag","embeddable":true,"href":"https:\/\/www.europesays.com\/es\/wp-json\/wp\/v2\/tags?post=262268"}],"curies":[{"name":"wp","href":"https:\/\/api.w.org\/{rel}","templated":true}]}}