{"id":262275,"date":"2025-11-29T15:53:15","date_gmt":"2025-11-29T15:53:15","guid":{"rendered":"https:\/\/www.europesays.com\/es\/262275\/"},"modified":"2025-11-29T15:53:15","modified_gmt":"2025-11-29T15:53:15","slug":"estreno-de-las-hijas-de-la-criada-la-serie-basada-en-la-novela-de-sonsoles-onega","status":"publish","type":"post","link":"https:\/\/www.europesays.com\/es\/262275\/","title":{"rendered":"Estreno de \u00abLas hijas de la criada\u00bb, la serie basada en la novela de Sonsoles \u00d3nega"},"content":{"rendered":"<p>\t\t\t \t\t \t\t\t\t\t\t\tAlain Hern\u00e1ndez y Ver\u00f3nica S\u00e1nchez <strong class=\"pd-l\">.  <\/strong><\/p>\n<p>\t\t\t\t\t\tUna historia marcada por amores prohibidos, traiciones, luchas de clases y secretos<br \/>\n\t\t\t\t\t\t\t\t\t\t\t\t<strong>29 nov 2025<\/strong> . Actualizado a las 05:00 h.\t\t\t\t\t\t<\/p>\n<p class=\"first-paragraph txt\">Estreno de la adaptaci\u00f3n televisiva de <strong>Las hijas de la criada<\/strong>, la <a href=\"https:\/\/www.lavozdegalicia.es\/temas\/novela\" rel=\"nofollow noopener\" target=\"_blank\">novela<\/a> de <a href=\"https:\/\/www.lavozdegalicia.es\/temas\/sonsoles-onega\" rel=\"nofollow noopener\" target=\"_blank\">Sonsoles \u00d3nega<\/a> con la que gan\u00f3 el <a href=\"https:\/\/www.lavozdegalicia.es\/temas\/premio-planeta\" rel=\"nofollow noopener\" target=\"_blank\">premio Planeta<\/a> en el 2023. Inspirada en el fen\u00f3meno literario que conquist\u00f3 a miles de lectores, la serie se estrenar\u00e1 en exclusiva el 30 de noviembre en Atresplayer y, posteriormente, llegar\u00e1 al prime time de <a href=\"https:\/\/www.lavozdegalicia.es\/temas\/antena-3\" rel=\"nofollow noopener\" target=\"_blank\">Antena 3<\/a>.<\/p>\n<p class=\"txt\">Protagonizada por Ver\u00f3nica S\u00e1nchez, Carlota Bar\u00f3 y Alain Hern\u00e1ndez, <strong>Las hijas de la criada <\/strong>es un drama ambientado entre Galicia y Cuba a principios del siglo XX que ofrece un retrato de la \u00e9poca a trav\u00e9s de la poderosa saga familiar de los Vald\u00e9s. Una historia marcada por<strong> amores prohibidos, traiciones, luchas de clases y secretos<\/strong>, en un contexto en el que las mujeres comienzan a desafiar las normas que limitan su destino.<\/p>\n<p class=\"txt\">El elenco principal lo completan Martina Cariddi, Judith Fern\u00e1ndez, \u00c1lex Villaz\u00e1n, \u00c1lex Gadea, Xoel Fern\u00e1ndez, Fede P\u00e9rez, Alicia Armenteros, Iolanda Mu\u00ed\u00f1os, Roque Ruiz, Fran Nortes, Adri\u00e1n R\u00edos, Carlos Villarino, Camila Bossa, Alba Loureiro y Alejandro Vergara, entre otros.<\/p>\n<p class=\"txt\">La serie est\u00e1 compuesta por ocho episodios de 50 minutos. Ambientada en la Galicia del 1900, en el pazo de Esp\u00edritu Santo llegan al mundo dos ni\u00f1as, Clara y Catalina. La primera pertenece a la criada, Renata, mientras que la segunda es hija de los Vald\u00e9s, don Gustavo y do\u00f1a In\u00e9s.\u00a0<\/p>\n<p>&#13;<br \/>\n\tArchivado en:&#13;<br \/>\n\t\t\t\t\t<a href=\"https:\/\/www.lavozdegalicia.es\/temas\/series\/\" target=\"_blank\" class=\"mg-l\" rel=\"nofollow noopener\">Series<\/a>&#13;<br \/>\n\t\t\t\t\t<a href=\"https:\/\/www.lavozdegalicia.es\/temas\/sonsoles-onega\/\" target=\"_blank\" class=\"mg-l\" rel=\"nofollow noopener\">Sonsoles \u00d3nega<\/a>&#13;<br \/>\n\t\t\t\t\t<a href=\"https:\/\/www.lavozdegalicia.es\/temas\/antena-3\/\" target=\"_blank\" class=\"mg-l\" rel=\"nofollow noopener\">Antena 3<\/a>&#13;<br \/>\n\t&#13;<\/p>\n","protected":false},"excerpt":{"rendered":"Alain Hern\u00e1ndez y Ver\u00f3nica S\u00e1nchez . Una historia marcada por amores prohibidos, traiciones, luchas de clases y secretos&hellip;\n","protected":false},"author":2,"featured_media":262276,"comment_status":"","ping_status":"","sticky":false,"template":"","format":"standard","meta":{"footnotes":""},"categories":[91],"tags":[4040,146,147,25,24,805,2056,23],"class_list":{"0":"post-262275","1":"post","2":"type-post","3":"status-publish","4":"format-standard","5":"has-post-thumbnail","7":"category-entretenimiento","8":"tag-antena-3","9":"tag-entertainment","10":"tag-entretenimiento","11":"tag-es","12":"tag-espana","13":"tag-series","14":"tag-sonsoles-onega","15":"tag-spain"},"share_on_mastodon":{"url":"https:\/\/pubeurope.com\/@es\/115633796386192055","error":""},"_links":{"self":[{"href":"https:\/\/www.europesays.com\/es\/wp-json\/wp\/v2\/posts\/262275","targetHints":{"allow":["GET"]}}],"collection":[{"href":"https:\/\/www.europesays.com\/es\/wp-json\/wp\/v2\/posts"}],"about":[{"href":"https:\/\/www.europesays.com\/es\/wp-json\/wp\/v2\/types\/post"}],"author":[{"embeddable":true,"href":"https:\/\/www.europesays.com\/es\/wp-json\/wp\/v2\/users\/2"}],"replies":[{"embeddable":true,"href":"https:\/\/www.europesays.com\/es\/wp-json\/wp\/v2\/comments?post=262275"}],"version-history":[{"count":0,"href":"https:\/\/www.europesays.com\/es\/wp-json\/wp\/v2\/posts\/262275\/revisions"}],"wp:featuredmedia":[{"embeddable":true,"href":"https:\/\/www.europesays.com\/es\/wp-json\/wp\/v2\/media\/262276"}],"wp:attachment":[{"href":"https:\/\/www.europesays.com\/es\/wp-json\/wp\/v2\/media?parent=262275"}],"wp:term":[{"taxonomy":"category","embeddable":true,"href":"https:\/\/www.europesays.com\/es\/wp-json\/wp\/v2\/categories?post=262275"},{"taxonomy":"post_tag","embeddable":true,"href":"https:\/\/www.europesays.com\/es\/wp-json\/wp\/v2\/tags?post=262275"}],"curies":[{"name":"wp","href":"https:\/\/api.w.org\/{rel}","templated":true}]}}