{"id":262277,"date":"2025-11-29T15:54:14","date_gmt":"2025-11-29T15:54:14","guid":{"rendered":"https:\/\/www.europesays.com\/es\/262277\/"},"modified":"2025-11-29T15:54:14","modified_gmt":"2025-11-29T15:54:14","slug":"con-descuentos-del-37-al-72","status":"publish","type":"post","link":"https:\/\/www.europesays.com\/es\/262277\/","title":{"rendered":"con descuentos del 37% al 72%"},"content":{"rendered":"<p data-gtm-element-container=\"modulo-texto-link\" class=\"paragraph\">Aunque el viernes oficial del Black Friday 2025 ya ha pasado, hay numerosas marcas que siguen con sus ofertas vigentes durante todo el fin de semana. Si ayer no te dio tiempo a hacerte con los productos que deseabas, debes aprovechar estas \u00faltimas horas para conseguirlos con grandes descuentos.<\/p>\n<p>        Lee tambi\u00e9n<\/p>\n<p>    Andrea V\u00e1zquez<\/p>\n<p>             <img loading=\"lazy\" decoding=\"async\" data-full-src=\"https:\/\/www.lavanguardia.com\/uploads\/2025\/11\/28\/6929fd283fe71.jpeg\" alt=\"Las ofertas de Black Friday siguen vigentes este s\u00e1bado\" width=\"104\" height=\"108\" src=\"https:\/\/www.europesays.com\/es\/wp-content\/uploads\/2025\/11\/6929fd283fe71.jpeg\" class=\"lazy\"\/><\/p>\n<p data-gtm-element-container=\"modulo-texto-link\" class=\"paragraph\">En Amazon puedes encontrar grandes art\u00edculos a unos precios \u00fanicos. Desde un calefactor de bajo consumo para no pasar fr\u00edo al salir de la ducha hasta una plancha de pelo que deja la melena bien suave. Si quieres saber m\u00e1s, a continuaci\u00f3n te contamos todas sus caracter\u00edsticas. \u00a1Te encantar\u00e1n!<\/p>\n<p>5 chollos incre\u00edbles del Black Friday 2025 de Amazon<br \/>\nRowenta &#8211; Calefactorde\u00a0 bajo consumo 37% de descuento<\/p>\n<p>                <img loading=\"lazy\" decoding=\"async\" data-full-src=\"https:\/\/www.lavanguardia.com\/uploads\/2025\/11\/28\/6929750d1de47.jpeg\" alt=\"Rowenta Comfort Compact - Calefactor bajo consumo 2000 W, 2 velocidades, termostato mec\u00e1nico funci\u00f3n anti-heladas, Silence 44 dBA, modo Eco, ventilador aire fr\u00edo, f\u00e1cil transporte, SO2320\" width=\"449\" height=\"337\" src=\"https:\/\/www.europesays.com\/es\/wp-content\/uploads\/2025\/11\/6929750d1de47.jpeg\" class=\"lazy\"\/><\/p>\n<p class=\"caption-title \">Cuenta con 2 velocidades.<\/p>\n<p>                    Amazon<\/p>\n<p data-gtm-element-container=\"modulo-texto-link\" class=\"paragraph\">El calefactor Rowenta Comfort Compact ofrece un calentamiento r\u00e1pido y agradable con una potencia ajustable de 1000 a 2000 W, ideal para salones, dormitorios o despachos. Su modo Eco permite ahorrar hasta un 50 % de energ\u00eda al usar la potencia m\u00ednima y la temperatura m\u00e1s baja. Incorpora dos velocidades: una silenciosa de 1000 W para un uso prolongado y discreto, y otra de 2000 W para calentar la estancia con rapidez.\u00a0<\/p>\n<p data-gtm-element-container=\"modulo-texto-link\" class=\"paragraph\">Funciona de forma muy silenciosa (44 dBA), lo que permite usarlo mientras duermes, estudias o ves la televisi\u00f3n sin molestias. Adem\u00e1s, cuenta con un ventilador de aire fr\u00edo para uso durante todo el a\u00f1o y un dise\u00f1o compacto con asa que facilita su transporte y almacenamiento.<\/p>\n<p>BaByliss &#8211; Plancha de pelo54% de descuento<\/p>\n<p>                <img loading=\"lazy\" decoding=\"async\" data-full-src=\"https:\/\/www.lavanguardia.com\/uploads\/2025\/11\/28\/692975558dd40.jpeg\" alt=\"BaByliss Plancha de Pelo Super Smooth - Tecnolog\u00eda i\u00f3nica anti frizz, Alfombrilla t\u00e9rmica, Placas de cer\u00e1mica para peinados ultrasuaves, Calentamiento r\u00e1pido, 6 ajustes de 140\u00b0C a 235\u00b0C , ST393E\" width=\"449\" height=\"337\" src=\"https:\/\/www.europesays.com\/es\/wp-content\/uploads\/2025\/11\/692975558dd40.jpeg\" class=\"lazy\"\/><\/p>\n<p class=\"caption-title \">Las placas son de cer\u00e1mica.<\/p>\n<p>                    Amazon<\/p>\n<p data-gtm-element-container=\"modulo-texto-link\" class=\"paragraph\">La plancha de pelo de BaBylissalcanza hasta 235 \u00b0C gracias a su tecnolog\u00eda Advanced Ceramics, que garantiza un calentamiento r\u00e1pido y uniforme para resultados inmediatos. Sus placas profesionales de cer\u00e1mica con recubrimiento de titanio proporcionan un alisado ultrasuave, brillante y sin frizz, apoyado por la funci\u00f3n i\u00f3nica antiencrespamiento.<\/p>\n<p data-gtm-element-container=\"modulo-texto-link\" class=\"paragraph\">Ofrece seis niveles de temperatura entre 140 \u00b0C y 235 \u00b0C para adaptarse a cualquier tipo de cabello y lograr peinados duraderos. Incluye una alfombrilla t\u00e9rmica resistente al calor para mayor comodidad y seguridad. Su dise\u00f1o robusto y de alto rendimiento asegura una larga vida \u00fatil y un acabado profesional en cada uso.<\/p>\n<p>Oukitel &#8211; Reloj inteligente72% de descuento<\/p>\n<p>                <img loading=\"lazy\" decoding=\"async\" data-full-src=\"https:\/\/www.lavanguardia.com\/uploads\/2025\/11\/28\/692975925ed67.jpeg\" alt=\"OUKITEL Reloj Inteligente Hombre Mujer, 1.91\" hd=\"\" t=\"\" smartwatch=\"\" con=\"\" llamadas=\"\" bluetooth=\"\" smart=\"\" watch=\"\" modos=\"\" deportivos=\"\" puls=\"\" de=\"\" sue=\"\" impermeable=\"\" para=\"\" android=\"\" width=\"449\" height=\"337\" src=\"https:\/\/www.europesays.com\/es\/wp-content\/uploads\/2025\/11\/692975925ed67.jpeg\" class=\"lazy\"\/><\/p>\n<p class=\"caption-title \">La pantalla es de 1,91 pulgadas.<\/p>\n<p>                    Amazon<\/p>\n<p data-gtm-element-container=\"modulo-texto-link\" class=\"paragraph\">El reloj inteligente de Oukitel para hombre y mujer incorpora una pantalla t\u00e1ctil HD de 1,91 pulgadas y permite personalizar la esfera con m\u00e1s de 200 dise\u00f1os. Ofrece llamadas Bluetooth y asistente de voz gracias a su micr\u00f3fono y altavoz integrados, adem\u00e1s de notificaciones de apps y SMS. Monitorea de forma continua la frecuencia card\u00edaca, el sue\u00f1o y otros par\u00e1metros.<\/p>\n<p data-gtm-element-container=\"modulo-texto-link\" class=\"paragraph\">Tiene m\u00e1s de 140 modos deportivos y resistencia al agua, ideal para actividades interiores y exteriores. Su bater\u00eda dura hasta 7 d\u00edas de uso y 30 en reposo, e integra funciones pr\u00e1cticas como cron\u00f3metro, control de m\u00fasica, clima y m\u00e1s.<\/p>\n<p>Braun Silk-\u00e9pil 7 &#8211; Depiladora el\u00e9ctrica46% de descuento<\/p>\n<p>                <img loading=\"lazy\" decoding=\"async\" data-full-src=\"https:\/\/www.lavanguardia.com\/uploads\/2025\/11\/28\/692975cd74f7e.jpeg\" alt=\"Braun Silk-\u00e9pil 7, Depiladora El\u00e9ctrica Mujer Para Una Eliminaci\u00f3n Del Vello F\u00e1cil, Depilaci\u00f3n En Seco Y En Mojado, Con Cabezal De Rasuradora, Piel Suave Duradera, 7-030, Blanco\/Flamenco\" width=\"449\" height=\"337\" src=\"https:\/\/www.europesays.com\/es\/wp-content\/uploads\/2025\/11\/692975cd74f7e.jpeg\" class=\"lazy\"\/><\/p>\n<p class=\"caption-title \">Se puede utilizar tanto en seco como en mojado.<\/p>\n<p>                    Amazon<\/p>\n<p data-gtm-element-container=\"modulo-texto-link\" class=\"paragraph\">La Braun Silk-\u00e9pil 7 es una depiladora el\u00e9ctrica para mujer que ofrece hasta un mes de piel suave desde casa, con uso en seco o en mojado para mayor comodidad. Su cabezal ancho elimina m\u00e1s vello en una sola pasada y atrapa incluso el vello muy corto que la cera no consigue.<\/p>\n<p data-gtm-element-container=\"modulo-texto-link\" class=\"paragraph\">Incluye un capuch\u00f3n con rodillo de masaje que suaviza la depilaci\u00f3n y reduce la sensaci\u00f3n de dolor. Permite una eliminaci\u00f3n eficaz sin qu\u00edmicos y sin necesidad de esperar al crecimiento del vello. Adem\u00e1s, incluye un cabezal de rasuradora y un peine de recorte para cuidar zonas sensibles.<\/p>\n<p>K\u00e9rastase Nutritive &#8211; S\u00e9rum reparador de noche46% de descuento<\/p>\n<p>                <img loading=\"lazy\" decoding=\"async\" data-full-src=\"https:\/\/www.lavanguardia.com\/uploads\/2025\/11\/28\/6929761010d89.jpeg\" alt=\"K\u00e9rastase Nutritive, S\u00e9rum Reparador de Noche, Para Cabello seco, Revitaliza, nutre y repara, Con niacinamida anti-sequedad, 8H Magic Night Serum, 90 ml\" width=\"449\" height=\"337\" src=\"https:\/\/www.europesays.com\/es\/wp-content\/uploads\/2025\/11\/6929761010d89.jpeg\" class=\"lazy\"\/><\/p>\n<p class=\"caption-title \">Es de 90 ml.<\/p>\n<p>                    Amazon<\/p>\n<p data-gtm-element-container=\"modulo-texto-link\" class=\"paragraph\">K\u00e9rastase Nutritive 8H Magic Night Serum es un s\u00e9rum reparador nocturno dise\u00f1ado para revitalizar, nutrir y reparar el cabello seco mientras duermes. Su f\u00f3rmula ligera se absorbe r\u00e1pidamente sin dejar residuos.<\/p>\n<p data-gtm-element-container=\"modulo-texto-link\" class=\"paragraph\">Incorpora niacinamida para combatir la sequedad y fortalecer la fibra capilar. Act\u00faa durante ocho horas para dejar el pelo m\u00e1s suave, manejable y brillante. Presentado en un envase de 90 ml, ofrece un tratamiento intensivo y profundo.<\/p>\n<p>        Lee tambi\u00e9n<\/p>\n<p>    Andrea V\u00e1zquez<\/p>\n<p>             <img loading=\"lazy\" decoding=\"async\" data-full-src=\"https:\/\/www.lavanguardia.com\/uploads\/2025\/11\/28\/69296b1318d96.jpeg\" alt=\"El \u00e1rbol rascador para gatos que va perfecto para espacios peque\u00f1os\" width=\"334\" height=\"164\" src=\"https:\/\/www.europesays.com\/es\/wp-content\/uploads\/2025\/11\/69296b1318d96.r_d.405-193.jpeg\" class=\"lazy\"\/><\/p>\n<p>        Lee tambi\u00e9n<\/p>\n<p>    Pablo S\u00e1nchez-Monta\u00f1\u00e9s<\/p>\n<p>             <img loading=\"lazy\" decoding=\"async\" data-full-src=\"https:\/\/www.lavanguardia.com\/uploads\/2025\/11\/27\/69286b2d36860.jpeg\" alt=\"Productos para perros Black Friday 2025\" width=\"334\" height=\"164\" src=\"https:\/\/www.europesays.com\/es\/wp-content\/uploads\/2025\/11\/69286b2d36860.jpeg\" class=\"lazy\"\/><\/p>\n<p>        Lee tambi\u00e9n<\/p>\n<p>    Carlos Dom\u00ednguez<\/p>\n<p>             <img loading=\"lazy\" decoding=\"async\" data-full-src=\"https:\/\/www.lavanguardia.com\/uploads\/2025\/11\/27\/69289625b12fb.jpeg\" alt=\"Aprovecha los mejores descuentos de Nintendo por el Black Friday 2025\" width=\"334\" height=\"164\" src=\"https:\/\/www.europesays.com\/es\/wp-content\/uploads\/2025\/11\/1764431654_862_69289625b12fb.r_d.565-474.jpeg\" class=\"lazy\"\/><\/p>\n","protected":false},"excerpt":{"rendered":"Aunque el viernes oficial del Black Friday 2025 ya ha pasado, hay numerosas marcas que siguen con sus&hellip;\n","protected":false},"author":2,"featured_media":262278,"comment_status":"","ping_status":"","sticky":false,"template":"","format":"standard","meta":{"footnotes":""},"categories":[81],"tags":[119,123,124,25,24,117,121,122,23,118,120],"class_list":{"0":"post-262277","1":"post","2":"type-post","3":"status-publish","4":"format-standard","5":"has-post-thumbnail","7":"category-ciencia-y-tecnologia","8":"tag-ciencia","9":"tag-ciencia-y-tecnologia","10":"tag-cienciaytecnologia","11":"tag-es","12":"tag-espana","13":"tag-science","14":"tag-science-and-technology","15":"tag-scienceandtechnology","16":"tag-spain","17":"tag-technology","18":"tag-tecnologia"},"share_on_mastodon":{"url":"https:\/\/pubeurope.com\/@es\/115633800617993316","error":""},"_links":{"self":[{"href":"https:\/\/www.europesays.com\/es\/wp-json\/wp\/v2\/posts\/262277","targetHints":{"allow":["GET"]}}],"collection":[{"href":"https:\/\/www.europesays.com\/es\/wp-json\/wp\/v2\/posts"}],"about":[{"href":"https:\/\/www.europesays.com\/es\/wp-json\/wp\/v2\/types\/post"}],"author":[{"embeddable":true,"href":"https:\/\/www.europesays.com\/es\/wp-json\/wp\/v2\/users\/2"}],"replies":[{"embeddable":true,"href":"https:\/\/www.europesays.com\/es\/wp-json\/wp\/v2\/comments?post=262277"}],"version-history":[{"count":0,"href":"https:\/\/www.europesays.com\/es\/wp-json\/wp\/v2\/posts\/262277\/revisions"}],"wp:featuredmedia":[{"embeddable":true,"href":"https:\/\/www.europesays.com\/es\/wp-json\/wp\/v2\/media\/262278"}],"wp:attachment":[{"href":"https:\/\/www.europesays.com\/es\/wp-json\/wp\/v2\/media?parent=262277"}],"wp:term":[{"taxonomy":"category","embeddable":true,"href":"https:\/\/www.europesays.com\/es\/wp-json\/wp\/v2\/categories?post=262277"},{"taxonomy":"post_tag","embeddable":true,"href":"https:\/\/www.europesays.com\/es\/wp-json\/wp\/v2\/tags?post=262277"}],"curies":[{"name":"wp","href":"https:\/\/api.w.org\/{rel}","templated":true}]}}