{"id":262281,"date":"2025-11-29T15:56:10","date_gmt":"2025-11-29T15:56:10","guid":{"rendered":"https:\/\/www.europesays.com\/es\/262281\/"},"modified":"2025-11-29T15:56:10","modified_gmt":"2025-11-29T15:56:10","slug":"las-devastadoras-inundaciones-en-asia-dejan-mas-de-600-muertos","status":"publish","type":"post","link":"https:\/\/www.europesays.com\/es\/262281\/","title":{"rendered":"Las devastadoras inundaciones en Asia dejan m\u00e1s de 600 muertos"},"content":{"rendered":"<p>    <img src=\"https:\/\/www.europesays.com\/es\/wp-content\/uploads\/2025\/11\/1764431770_39_2025-11-29T073A003A23Z-90551941.jpg\" width=\"1024\" height=\"681\" alt=\"\" loading=\"eager\" decoding=\"sync\" fetchpriority=\"high\"\/><\/p>\n<p>            afp_tickers        <\/p>\n<p>        Este contenido fue publicado en    <\/p>\n<p>        29 noviembre 2025 &#8211; 16:03\n<\/p>\n<p>M\u00e1s de 600 personas murieron en las inundaciones provocadas por las lluvias torrenciales en Indonesia, Tailandia, Malasia y Sri Lanka, seg\u00fan los \u00faltimos datos oficiales publicados este s\u00e1bado.<\/p>\n<p>Las im\u00e1genes de poblaciones inundadas, residentes atrapados por las aguas y deslizamientos de tierra se repiten en los cuatro pa\u00edses, tras las precipitaciones que han azotado el sur y el sureste de Asia desde hace varios d\u00edas.<\/p>\n<p>La agencia indonesia de gesti\u00f3n de desastres inform\u00f3 de m\u00e1s de 300 muertos, las autoridades tailandesas de al menos 162 en el sur del pa\u00eds, el gobierno esrilanqu\u00e9s de 153 y las autoridades malasias de dos fallecidos.<\/p>\n<p>En Indonesia, la provincia de Sumatra Septentrional es la m\u00e1s afectada, con 166 muertos. En la vecina Sumatra Occidental, el balance subi\u00f3 a 90, y en la regi\u00f3n de Aceh otras 47 personas perdieron la vida.<\/p>\n<p>Este s\u00e1bado los equipos de rescate se esforzaban por llegar a las zonas m\u00e1s afectadas de la tur\u00edstica Sumatra.<\/p>\n<p>\u00abEl agua ha retrocedido en nuestra casa, pero todo est\u00e1 cubierto de barro\u00bb, lamenta Novia, residente de Pidie, en Aceh. \u00abAlgunas de las cosas de la casa est\u00e1n da\u00f1adas o se han ca\u00eddo, pero no hemos podido limpiarlas a\u00fan\u00bb.<\/p>\n<p>Firda Yusra cuenta que tuvo que huir de su casa con mujer e hijo, para guarecerse en una mezquita cercana con otras mil personas. \u00abAqu\u00ed comemos cualquier cosa que est\u00e9 al alcance\u00bb.<\/p>\n<p>\u2013 Camiones frigor\u00edficos como morgues \u2013<\/p>\n<p>En Tailandia, \u00abel n\u00famero total de muertos en las siete provincias (afectadas) asciende a 162\u00bb, inform\u00f3 el s\u00e1bado Siripong Angkasakulkiat, portavoz del gobierno.<\/p>\n<p>M\u00e1s de cien v\u00edctimas se registraron en la provincia de Songkhla, en el sur. Las aguas subieron hasta tres metros en esta regi\u00f3n, en una de las peores inundaciones de la d\u00e9cada.<\/p>\n<p>Para suplir las morgues desbordadas, se movilizaron camiones frigor\u00edficos para almacenar los cuerpos de las v\u00edctimas.<\/p>\n<p>El viernes, el primer ministro tailand\u00e9s, Anutin Charnvirakul, visit\u00f3 un refugio en el distrito de Hat Yai, uno de los m\u00e1s golpeados, y pidi\u00f3 disculpas por \u00abhaber permitido\u00bb que la tragedia sucediera durante su gobierno.<\/p>\n<p>\u00abEl siguiente paso es evitar que la situaci\u00f3n empeore\u00bb, a\u00f1adi\u00f3 el mandatario, al se\u00f1alar que la limpieza del distrito llevar\u00eda dos semanas.<\/p>\n<p>El gobierno puso en marcha ayudas para los afectados, incluida una indemnizaci\u00f3n de hasta 62.000 d\u00f3lares en algunos casos.<\/p>\n<p>El descontento p\u00fablico aumenta en Tailandia ante la gesti\u00f3n de la cat\u00e1strofe. Dos responsables locales han sido suspendidos por presuntas irregularidades.<\/p>\n<p>En la vecina Malasia, dos personas han muerto a causa de las inundaciones en el estado de Perlis, en el norte, fronterizo con la provincia tailandesa de Songkhla.<\/p>\n<p>\u2013 Estado de emergencia en Sri Lanka \u2013<\/p>\n<p>Y m\u00e1s al oeste, en Sri Lanka, las inundaciones y los aludes provocados por las lluvias torrenciales han causado al menos 153 muertos, entre ellos 11 residentes de un hogar de cuidado de ancianos, inform\u00f3 la polic\u00eda.<\/p>\n<p>Cerca de 80.000 personas han debido guarecerse en refugios temporales, y adem\u00e1s hay 191 desaparecidos, detallaron las autoridades.<\/p>\n<p>El gobierno de la isla declar\u00f3 el estado de emergencia este s\u00e1bado, y ha pedido asistencia internacional.<\/p>\n<p>La temporada anual del monz\u00f3n, entre junio y septiembre, suele causar fuertes lluvias que provocan tragedias, pero este a\u00f1o una tormenta tropical ha agravado las condiciones.<\/p>\n<p>En Indonesia y Tailandia, el n\u00famero de v\u00edctimas mortales es uno de los peores de los \u00faltimos a\u00f1os por inundaciones.<\/p>\n<p>Seg\u00fan los cient\u00edficos, el calentamiento global provocado por la actividad humana hace que los fen\u00f3menos meteorol\u00f3gicos extremos sean m\u00e1s frecuentes, mort\u00edferos y destructivos.<\/p>\n<p>Por cada grado adicional, la atm\u00f3sfera puede contener un 7% m\u00e1s de humedad, con precipitaciones m\u00e1s intensas, advierten expertos.<\/p>\n<p>dsa\/sjc\/lb\/tmt\/ms\/nr\/arm\/sag-avl\/mab\/dbh<\/p>\n","protected":false},"excerpt":{"rendered":"afp_tickers Este contenido fue publicado en 29 noviembre 2025 &#8211; 16:03 M\u00e1s de 600 personas murieron en las&hellip;\n","protected":false},"author":2,"featured_media":262282,"comment_status":"","ping_status":"","sticky":false,"template":"","format":"standard","meta":{"footnotes":""},"categories":[42],"tags":[17,18,637,638,13,14,42230,11,61,62,63,64,19,20,10124,9,10,15,16,90,12,21,22,65,66,67],"class_list":{"0":"post-262281","1":"post","2":"type-post","3":"status-publish","4":"format-standard","5":"has-post-thumbnail","7":"category-internacional","8":"tag-breaking-news","9":"tag-breakingnews","10":"tag-disaster","11":"tag-disaster-general","12":"tag-featured-news","13":"tag-featurednews","14":"tag-flood","15":"tag-headlines","16":"tag-internacional","17":"tag-international","18":"tag-international-news","19":"tag-internationalnews","20":"tag-latest-news","21":"tag-latestnews","22":"tag-natural-disasters","23":"tag-news","24":"tag-noticias","25":"tag-noticias-destacadas","26":"tag-noticiasdestacadas","27":"tag-ticker","28":"tag-titulares","29":"tag-ultimas-noticias","30":"tag-ultimasnoticias","31":"tag-world","32":"tag-world-news","33":"tag-worldnews"},"share_on_mastodon":{"url":"https:\/\/pubeurope.com\/@es\/115633808909011052","error":""},"_links":{"self":[{"href":"https:\/\/www.europesays.com\/es\/wp-json\/wp\/v2\/posts\/262281","targetHints":{"allow":["GET"]}}],"collection":[{"href":"https:\/\/www.europesays.com\/es\/wp-json\/wp\/v2\/posts"}],"about":[{"href":"https:\/\/www.europesays.com\/es\/wp-json\/wp\/v2\/types\/post"}],"author":[{"embeddable":true,"href":"https:\/\/www.europesays.com\/es\/wp-json\/wp\/v2\/users\/2"}],"replies":[{"embeddable":true,"href":"https:\/\/www.europesays.com\/es\/wp-json\/wp\/v2\/comments?post=262281"}],"version-history":[{"count":0,"href":"https:\/\/www.europesays.com\/es\/wp-json\/wp\/v2\/posts\/262281\/revisions"}],"wp:featuredmedia":[{"embeddable":true,"href":"https:\/\/www.europesays.com\/es\/wp-json\/wp\/v2\/media\/262282"}],"wp:attachment":[{"href":"https:\/\/www.europesays.com\/es\/wp-json\/wp\/v2\/media?parent=262281"}],"wp:term":[{"taxonomy":"category","embeddable":true,"href":"https:\/\/www.europesays.com\/es\/wp-json\/wp\/v2\/categories?post=262281"},{"taxonomy":"post_tag","embeddable":true,"href":"https:\/\/www.europesays.com\/es\/wp-json\/wp\/v2\/tags?post=262281"}],"curies":[{"name":"wp","href":"https:\/\/api.w.org\/{rel}","templated":true}]}}