{"id":262283,"date":"2025-11-29T15:57:11","date_gmt":"2025-11-29T15:57:11","guid":{"rendered":"https:\/\/www.europesays.com\/es\/262283\/"},"modified":"2025-11-29T15:57:11","modified_gmt":"2025-11-29T15:57:11","slug":"la-catedral-de-burgos-expone-las-polemicas-puertas-disenadas-por-antonio-lopez-antes-de-su-instalacion-cultura","status":"publish","type":"post","link":"https:\/\/www.europesays.com\/es\/262283\/","title":{"rendered":"La catedral de Burgos expone las pol\u00e9micas puertas dise\u00f1adas por Antonio L\u00f3pez antes de su instalaci\u00f3n | Cultura"},"content":{"rendered":"<p class=\"\"><a href=\"https:\/\/elpais.com\/especiales\/2021\/las-mil-vidas-de-la-catedral-de-burgos\/\" target=\"_blank\" rel=\"noreferrer nofollow noopener\" title=\"https:\/\/elpais.com\/especiales\/2021\/las-mil-vidas-de-la-catedral-de-burgos\/\">El 800 aniversario de la catedral de Burgos<\/a>, en 2021, acarre\u00f3 un debate que cumple casi un lustro y apunta a eternizarse. El Arzobispado burgal\u00e9s anunci\u00f3 entonces que le hab\u00eda encomendado al artista Antonio L\u00f3pez el dise\u00f1o de <a href=\"https:\/\/elpais.com\/cultura\/2021-03-19\/las-nuevas-puertas-de-la-catedral-de-burgos-no-estaran-listas-en-julio-cuando-se-cumple-el-800-aniversario-del-monumento.html\" target=\"_blank\" rel=\"noreferrer nofollow noopener\" title=\"https:\/\/elpais.com\/cultura\/2021-03-19\/las-nuevas-puertas-de-la-catedral-de-burgos-no-estaran-listas-en-julio-cuando-se-cumple-el-800-aniversario-del-monumento.html\">unas nuevas puertas para el templo<\/a>, con un coste de 1,2 millones. El contrato implica tres portones escult\u00f3ricos de bronce con los rostros de Dios, la Virgen Mar\u00eda y Jesucristo, en relevo de los actuales accesos, de sobria madera de olmo, operativos desde hace m\u00e1s de 200 a\u00f1os. La pol\u00e9mica, entre cr\u00edticas de colectivos patrimonialistas y entidades culturales, ha desembocado en una medida singular: la exposici\u00f3n desde este s\u00e1bado de las tres piezas dentro de la catedral antes de su instalaci\u00f3n para que sean evaluadas tanto por las autoridades civiles y eclesi\u00e1sticas como por los ciudadanos. <a href=\"https:\/\/elpais.com\/cultura\/2021-03-27\/el-siglo-xxi-llama-a-las-puertas-de-la-catedral.html\" target=\"_blank\" rel=\"noreferrer nofollow noopener\" title=\"https:\/\/elpais.com\/cultura\/2021-03-27\/el-siglo-xxi-llama-a-las-puertas-de-la-catedral.html\">El Cabildo elaborar\u00e1, adem\u00e1s, un estudio de impacto patrimonial para dictaminar c\u00f3mo proceder<\/a>.<\/p>\n<p>M\u00e1s informaci\u00f3n<\/p>\n<p class=\"\">Las autoridades eclesi\u00e1sticas argumentaron la decisi\u00f3n de instalar unas nuevas puertas con varios criterios: desde lo estrictamente patrimonial a lo econ\u00f3mico. El Arzobispado esgrimi\u00f3 el \u201cescaso valor art\u00edstico\u201d de las actuales puertas, que en 1790 sustituyeron a las originales, de estilo g\u00f3tico. Entonces costaron 3.918 reales y 25 maraved\u00edes, una inversi\u00f3n mucho menor, para la \u00e9poca, respecto a la del proyecto vigente, financiado en un 87% por el Cabildo y en un 13% gracias a la aportaci\u00f3n de unos 50 empresarios privados. Cuando se retiraran, afirmaron, se conservar\u00edan en otra parte de la amplia iglesia. La autoridad eclesi\u00e1stica aludi\u00f3 a un \u201cretorno econ\u00f3mico muy importante\u201d para la ciudad porque muchos visitantes podr\u00edan querer contemplar <a href=\"https:\/\/elpais.com\/noticias\/antonio-lopez\/\" target=\"_blank\" rel=\"noreferrer nofollow noopener\" title=\"https:\/\/elpais.com\/noticias\/antonio-lopez\/\">la obra del reconocido Antonio L\u00f3pez<\/a>, adem\u00e1s gratuitamente, desde la plaza de Santa Mar\u00eda, hom\u00f3nima de la catedral. <\/p>\n<p class=\"\">El Arzobispado aleg\u00f3, adem\u00e1s, que con las nuevas puertas el inmueble continuaba con la tradici\u00f3n de \u201cenriquecerse con aportaciones art\u00edsticas, como ha ocurrido en el transcurso de los siglos\u201d, y defendi\u00f3 \u201cla satisfacci\u00f3n de todas las entidades p\u00fablicas\u201d part\u00edcipes en el proceso. El Ayuntamiento concedi\u00f3 700.000 euros en 2021 para que la Fundaci\u00f3n VIII Centenario acometiera mejoras en esta joya del g\u00f3tico, declarada <a href=\"https:\/\/elpais.com\/diario\/1984\/11\/05\/cultura\/468457204_850215.html\" target=\"_blank\" rel=\"noreferrer nofollow noopener\" title=\"https:\/\/elpais.com\/diario\/1984\/11\/05\/cultura\/468457204_850215.html\">Patrimonio de la Humanidad desde 1984<\/a>.<\/p>\n<p><img decoding=\"auto\" class=\"_re lazyload a_m-h\" height=\"276\"  width=\"414\"  src=\"https:\/\/www.europesays.com\/es\/wp-content\/uploads\/2025\/11\/TJ7FF7F7FVKIXP4RZ3UYB2RC4E.jpg\" loading=\"lazy\"\/>Antonio L\u00f3pez toca una de las tres puertas que ha realizado para la catedral de Burgos y se exponen desde hoy en el museo del edificio.Santi Otero (EFE)<\/p>\n<p class=\"\">Estas consignas del Arzobispado no han convencido a quienes se han opuesto al proyecto desde el inicio. La plataforma cr\u00edtica Puertas No, contundente desde que comenz\u00f3 la controversia, ha emitido recientemente un comunicado donde recuerda que cosech\u00f3 m\u00e1s de 80.000 firmas contra las puertas y celebra que no vayan a ubicarse todav\u00eda. \u201cLa plataforma felicita y aplaude a Patrimonio de la Junta de Castilla y Le\u00f3n, a <a href=\"https:\/\/elpais.com\/noticias\/rabasf-real-academia-bellas-artes-san-fernando\/\" target=\"_blank\" rel=\"noreferrer nofollow noopener\" title=\"https:\/\/elpais.com\/noticias\/rabasf-real-academia-bellas-artes-san-fernando\/\">la Real Academia de Bellas Artes de San Fernando<\/a>, al Icomos [Consejo Internacional de Monumentos y Sitios, por sus siglas en ingl\u00e9s] y al Comit\u00e9 del Patrimonio Mundial de la Unesco, que no admitieron su colocaci\u00f3n por criterios l\u00f3gicos de cumplimiento de la ley y del sentido com\u00fan sobre respeto al patrimonio\u201d, agregan. <\/p>\n<p class=\"\">La asociaci\u00f3n reniega de que el Cabildo se haya escudado \u201cen el nombre de un artista afamado, como si solo por ello se borrara por ensalmo el car\u00e1cter patrimonial protegido de la catedral y su instalaci\u00f3n fuese el inicio de una nueva era de prosperidad tur\u00edstica\u201d. El colectivo reprueba que, seg\u00fan los bocetos, en los portones se plasmen las im\u00e1genes de Dios, Jesucristo y la Virgen, algo que ven improcedente y muy grande respecto a <a href=\"https:\/\/elpais.com\/noticias\/arte-gotico\/\" target=\"_blank\" rel=\"noreferrer nofollow noopener\" title=\"https:\/\/elpais.com\/noticias\/arte-gotico\/\">la pulcra imaginer\u00eda g\u00f3tica<\/a> de la fachada: \u201cTal propuesta es muy poco respetuosa con la delicada est\u00e9tica de la catedral, sin que el forzado proyecto est\u00e9 en sinton\u00eda con el car\u00e1cter esencial del templo ni con su dimensi\u00f3n espiritual. Todo es impostado\u201d. <\/p>\n<p class=\"\">Los cr\u00edticos han planteado que el dinero \u201cbien pudiera haberse aplicado en el mantenimiento y restauraci\u00f3n de las puertas de todo el templo y en las cubiertas y b\u00f3vedas de los templos que se hunden cada invierno en la provincia\u201d.<\/p>\n<p class=\"\">El arzobispo, <a href=\"https:\/\/elpais.com\/sociedad\/2024-06-24\/el-arzobispo-de-burgos-ordena-a-las-monjas-de-belorado-que-se-marchen-del-monasterio-al-estar-excomulgadas.html\" target=\"_blank\" rel=\"noreferrer nofollow noopener\" title=\"https:\/\/elpais.com\/sociedad\/2024-06-24\/el-arzobispo-de-burgos-ordena-a-las-monjas-de-belorado-que-se-marchen-del-monasterio-al-estar-excomulgadas.html\">Mario Iceta<\/a>, ha insistido al presentar el plan de exhibici\u00f3n en el objetivo de disponerlas seg\u00fan lo previsto: \u201cLos burgaleses y visitantes podr\u00e1n admirarlas ya no de o\u00eddas, qu\u00e9 temerario es juzgar sin conocer, ya no a partir de simulaciones muy poco afortunadas. Su vocaci\u00f3n es que terminen situ\u00e1ndose en el lugar para el que fueron creadas y para eso iremos dando los pasos, buscando leal adhesi\u00f3n a este proyecto, consenso y di\u00e1logo con quienes deben intervenir en este camino, realizando los pasos administrativos necesarios\u201d. <\/p>\n<p class=\"\">El vicario general, Carlos Izquierdo, ha detallado que ese estudio lo ejecutar\u00e1n expertos en arte, arquitectura, teolog\u00eda o historia, tras instar la Junta, competente en Patrimonio, a que de momento las puertas se expongan en el museo catedralicio. \u201cQueremos ver la reacci\u00f3n. Hay muchos artistas que quieren venir, recogeremos esa informaci\u00f3n y haremos un proyecto\u201d, ha sostenido Izquierdo: \u201cHasta ahora eran simulaciones, sobre todo la [puerta] central, porque las [dos puertas] laterales las tenemos desde hace tiempo. Hay que hacer un estudio con expertos y con ese informe de impacto iremos a la Unesco y a la Junta\u201d. <a href=\"https:\/\/elpais.com\/cultura\/2021-04-19\/el-embajador-espanol-ante-la-unesco-pedira-que-la-catedral-de-burgos-deje-de-ser-patrimonio-de-la-humanidad-si-cambia-sus-puertas-del-xviii.html\" target=\"_blank\" rel=\"noreferrer nofollow noopener\" title=\"https:\/\/elpais.com\/cultura\/2021-04-19\/el-embajador-espanol-ante-la-unesco-pedira-que-la-catedral-de-burgos-deje-de-ser-patrimonio-de-la-humanidad-si-cambia-sus-puertas-del-xviii.html\">El embajador de la Unesco en Espa\u00f1a, Juan Andr\u00e9s Perell\u00f3, avis\u00f3 en 2021 de que el cambio de portones podr\u00eda comprometer la condici\u00f3n de Patrimonio de la Humanidad.<\/a><\/p>\n<p class=\"\">Miguel \u00c1ngel Cajigal, miembro de Icomos e historiador del arte, conocido como El Barroquista, censura el empe\u00f1o del Cabildo en las puertas nuevas porque \u201cla catedral de Burgos es un patrimonio mundial de valor excepcional. Cuando la gente piensa en una catedral g\u00f3tica, piensa en Burgos o Le\u00f3n; esta tiene elementos de distintas \u00e9pocas, pero una unidad enorme que hace que deba ser protegida\u201d. Cajigal recuerda los riesgos de conservaci\u00f3n que atraves\u00f3 el templo en el pasado y que se solventaron gracias al \u201cesfuerzo gigantesco\u201d y el t\u00edtulo de Patrimonio Mundial. \u201cNo estoy en contra de intervenciones contempor\u00e1neas, pero las puertas no est\u00e1n bien, no tienen los elementos art\u00edsticos correspondientes a una puerta monumental de una iglesia: figuraci\u00f3n peque\u00f1a sin robar protagonismo a la fachada o al ornamento tradicional\u201d, expone, a\u00f1adiendo que \u201cdistorsionan la valoraci\u00f3n de la fachada, no dialogan\u201d. <\/p>\n<p class=\"\">La protecci\u00f3n global busca impedir \u201cideas felices\u201d, ejemplifica el experto, que \u201cadulteren gravemente\u201d. Cajigal se abre a debatir \u201csobre c\u00f3mo no fosilizar los monumentos, pero es que est\u00e1 protegida, la Junta ha dicho que las puertas deben estar en el museo porque no encajan\u201d. El integrante de Icomos acusa al Arzobispado de empecinamiento, arriesgando el estatus de Patrimonio: \u201cEs como si alguien dijera que en el <a href=\"https:\/\/elpais.com\/cultura\/2012\/07\/27\/actualidad\/1343386146_280426.html\" target=\"_blank\" rel=\"noreferrer nofollow noopener\" title=\"https:\/\/elpais.com\/cultura\/2012\/07\/27\/actualidad\/1343386146_280426.html\">Patio de los Leones de la Alhambra<\/a> hay que poner una obra contempor\u00e1nea. Me encanta Antonio L\u00f3pez como pintor, pero no como escultor, no creo que tenga necesidad de meterse en pol\u00e9micas est\u00e9riles\u201d.<\/p>\n<p><img decoding=\"auto\" class=\"_re lazyload a_m-h\" height=\"302\"  width=\"414\"  src=\"https:\/\/www.europesays.com\/es\/wp-content\/uploads\/2025\/11\/ICPSSY5S3BA5PJMLCEFTCOW4VE.jpg\" loading=\"lazy\"\/>El artista Antonio L\u00f3pez (en el centro), durante la presentaci\u00f3n de las nuevas puertas de la Catedral de Burgos.Tom\u00e1s Alonso  (Europa Press)<\/p>\n","protected":false},"excerpt":{"rendered":"El 800 aniversario de la catedral de Burgos, en 2021, acarre\u00f3 un debate que cumple casi un lustro&hellip;\n","protected":false},"author":2,"featured_media":262284,"comment_status":"","ping_status":"","sticky":false,"template":"","format":"standard","meta":{"footnotes":""},"categories":[8],"tags":[40876,801,17531,65392,17,18,623,5511,209,25,24,13,14,11,401,13957,19,20,9,10,15,16,6476,17849,65393,23,12,21,22,29804],"class_list":{"0":"post-262283","1":"post","2":"type-post","3":"status-publish","4":"format-standard","5":"has-post-thumbnail","7":"category-espana","8":"tag-antonio-lopez","9":"tag-arquitectura","10":"tag-arquitectura-religiosa","11":"tag-arte-gotico","12":"tag-breaking-news","13":"tag-breakingnews","14":"tag-burgos","15":"tag-catedral-burgos","16":"tag-cultura","17":"tag-es","18":"tag-espana","19":"tag-featured-news","20":"tag-featurednews","21":"tag-headlines","22":"tag-iglesia-catolica","23":"tag-iglesia-catolica-espanola","24":"tag-latest-news","25":"tag-latestnews","26":"tag-news","27":"tag-noticias","28":"tag-noticias-destacadas","29":"tag-noticiasdestacadas","30":"tag-patrimonio-cultural","31":"tag-patrimonio-de-la-humanidad","32":"tag-patrimonio-eclesiastico","33":"tag-spain","34":"tag-titulares","35":"tag-ultimas-noticias","36":"tag-ultimasnoticias","37":"tag-unesco"},"share_on_mastodon":{"url":"","error":"Validation failed: Text character limit of 500 exceeded"},"_links":{"self":[{"href":"https:\/\/www.europesays.com\/es\/wp-json\/wp\/v2\/posts\/262283","targetHints":{"allow":["GET"]}}],"collection":[{"href":"https:\/\/www.europesays.com\/es\/wp-json\/wp\/v2\/posts"}],"about":[{"href":"https:\/\/www.europesays.com\/es\/wp-json\/wp\/v2\/types\/post"}],"author":[{"embeddable":true,"href":"https:\/\/www.europesays.com\/es\/wp-json\/wp\/v2\/users\/2"}],"replies":[{"embeddable":true,"href":"https:\/\/www.europesays.com\/es\/wp-json\/wp\/v2\/comments?post=262283"}],"version-history":[{"count":0,"href":"https:\/\/www.europesays.com\/es\/wp-json\/wp\/v2\/posts\/262283\/revisions"}],"wp:featuredmedia":[{"embeddable":true,"href":"https:\/\/www.europesays.com\/es\/wp-json\/wp\/v2\/media\/262284"}],"wp:attachment":[{"href":"https:\/\/www.europesays.com\/es\/wp-json\/wp\/v2\/media?parent=262283"}],"wp:term":[{"taxonomy":"category","embeddable":true,"href":"https:\/\/www.europesays.com\/es\/wp-json\/wp\/v2\/categories?post=262283"},{"taxonomy":"post_tag","embeddable":true,"href":"https:\/\/www.europesays.com\/es\/wp-json\/wp\/v2\/tags?post=262283"}],"curies":[{"name":"wp","href":"https:\/\/api.w.org\/{rel}","templated":true}]}}