{"id":262287,"date":"2025-11-29T16:06:11","date_gmt":"2025-11-29T16:06:11","guid":{"rendered":"https:\/\/www.europesays.com\/es\/262287\/"},"modified":"2025-11-29T16:06:11","modified_gmt":"2025-11-29T16:06:11","slug":"audige-muy-serio-en-el-triunfo-de-jamaica-ante-puerto-rico","status":"publish","type":"post","link":"https:\/\/www.europesays.com\/es\/262287\/","title":{"rendered":"Audige, muy serio en el triunfo de Jamaica ante Puerto Rico"},"content":{"rendered":"<p>El que se perfila como recambio de Casta\u00f1eda en el Unicaja, el exterior estadounidense Chase Audige, cuaj\u00f3 un partido muy serio con su selecci\u00f3n, Jamaica,  &#8230; en el triunfo ante Puerto Rico. Anot\u00f3 11 puntos (4\/8 en tiros de dos, 0\/8 en triples y 3\/3 en tiros libres), cogi\u00f3 cuatro rebotes (dos en ataque y dos en defensa) y reparti\u00f3 seis asistencias, logrando un total de 11 cr\u00e9ditos de valoraci\u00f3n al final. Jamaica, aunque por la m\u00ednima, se llev\u00f3 el triunfo (92-90).<\/p>\n<p class=\"v-p\">Para Jamaica fue un partido especial, de los que m\u00e1s. Se trat\u00f3 de su debut en los clasificatorios para el Mundial, en el que se estrenaron de una manera muy seria. Jug\u00f3 31:52 minutos y fue el segundo jugador m\u00e1s utilizado por el seleccionador, Richard Turner. S\u00f3lo estuvo superado, en minutos, por Andrew Thelwell (36:08). El mejor de todos fue Kofi Cockburn, que anot\u00f3 26 puntos y cogi\u00f3 15 rebotes en media hora de partido. Un doble-doble bien nutrido.<\/p>\n<p class=\"v-p\">El jugador de 26 a\u00f1os y 1,93 metros de altura ser\u00e1 el pr\u00f3ximo fichaje del Unicaja. Juega de escolta y ser\u00e1 el recambio de Casta\u00f1eda, que no seguir\u00e1 en el equipo una vez que se reanude la competici\u00f3n el pr\u00f3ximo fin de semana. El jugador tiene contrato con el Bosna Sarajevo, que compite en la Liga de Bosnia y en la FIBA Europe Cup. Se incorporar\u00e1 al equipo que dirige Ibon Navarro en cuanto quede desvinculado del conjunto bosnio.<\/p>\n<p class=\"v-p\">Se trata de un jugador de buenas condiciones f\u00edsicas y t\u00e9cnicas, aunque con una corta experiencia profesional. Este curso afronta su segunda campa\u00f1a profesional (jug\u00f3 en el Oostende de la Liga de B\u00e9lgica el a\u00f1o pasado) y ahora tendr\u00e1 que demostrar en un equipo de primer nivel europeo.<\/p>\n<p class=\"v-p\">Por su lado, Duarte particip\u00f3 en la victoria de la Rep\u00fablica Dominicana ante M\u00e9xico (85-92) con 13 puntos (3\/6 en tiros de dos, 1\/3 en triples y 4\/5 en tiros libres). Adem\u00e1s, captur\u00f3 ocho rebotes (siete en defensa) y cuatro asistencias en 31:21 minutos, siendo el que m\u00e1s jug\u00f3. Consigui\u00f3, al final, 19 cr\u00e9ditos de valoraci\u00f3n.<\/p>\n","protected":false},"excerpt":{"rendered":"El que se perfila como recambio de Casta\u00f1eda en el Unicaja, el exterior estadounidense Chase Audige, cuaj\u00f3 un&hellip;\n","protected":false},"author":2,"featured_media":262288,"comment_status":"","ping_status":"","sticky":false,"template":"","format":"standard","meta":{"footnotes":""},"categories":[269],"tags":[1575,64983,299,298,168,25,24,29744,4032,13316,2910,23,167,2886],"class_list":{"0":"post-262287","1":"post","2":"type-post","3":"status-publish","4":"format-standard","5":"has-post-thumbnail","7":"category-baloncesto","8":"tag-ante","9":"tag-audige","10":"tag-baloncesto","11":"tag-basketball","12":"tag-deportes","13":"tag-es","14":"tag-espana","15":"tag-jamaica","16":"tag-puerto","17":"tag-rico","18":"tag-serio","19":"tag-spain","20":"tag-sports","21":"tag-triunfo"},"share_on_mastodon":{"url":"https:\/\/pubeurope.com\/@es\/115633847420125602","error":""},"_links":{"self":[{"href":"https:\/\/www.europesays.com\/es\/wp-json\/wp\/v2\/posts\/262287","targetHints":{"allow":["GET"]}}],"collection":[{"href":"https:\/\/www.europesays.com\/es\/wp-json\/wp\/v2\/posts"}],"about":[{"href":"https:\/\/www.europesays.com\/es\/wp-json\/wp\/v2\/types\/post"}],"author":[{"embeddable":true,"href":"https:\/\/www.europesays.com\/es\/wp-json\/wp\/v2\/users\/2"}],"replies":[{"embeddable":true,"href":"https:\/\/www.europesays.com\/es\/wp-json\/wp\/v2\/comments?post=262287"}],"version-history":[{"count":0,"href":"https:\/\/www.europesays.com\/es\/wp-json\/wp\/v2\/posts\/262287\/revisions"}],"wp:featuredmedia":[{"embeddable":true,"href":"https:\/\/www.europesays.com\/es\/wp-json\/wp\/v2\/media\/262288"}],"wp:attachment":[{"href":"https:\/\/www.europesays.com\/es\/wp-json\/wp\/v2\/media?parent=262287"}],"wp:term":[{"taxonomy":"category","embeddable":true,"href":"https:\/\/www.europesays.com\/es\/wp-json\/wp\/v2\/categories?post=262287"},{"taxonomy":"post_tag","embeddable":true,"href":"https:\/\/www.europesays.com\/es\/wp-json\/wp\/v2\/tags?post=262287"}],"curies":[{"name":"wp","href":"https:\/\/api.w.org\/{rel}","templated":true}]}}