{"id":262293,"date":"2025-11-29T16:09:16","date_gmt":"2025-11-29T16:09:16","guid":{"rendered":"https:\/\/www.europesays.com\/es\/262293\/"},"modified":"2025-11-29T16:09:16","modified_gmt":"2025-11-29T16:09:16","slug":"el-artista-se-nace-o-se-hace","status":"publish","type":"post","link":"https:\/\/www.europesays.com\/es\/262293\/","title":{"rendered":"El artista, \u00bfse nace o se hace?"},"content":{"rendered":"<p data-gtm-element-container=\"modulo-texto-link\" class=\"paragraph\"><a href=\"https:\/\/www.lavanguardia.com\/participacion\/20210124\/6185893\/guia-normas-participacion-comunidad-lectores-vanguardia.html\" target=\"_blank\" rel=\"nofollow noopener\">* La autora forma parte de la comunidad de lectores de La Vanguardia<\/a><\/p>\n<p data-gtm-element-container=\"modulo-texto-link\" class=\"paragraph\">Con esta fotograf\u00eda que comparto en<a href=\"https:\/\/www.lavanguardia.com\/participacion\/20210124\/6185893\/guia-normas-participacion-comunidad-lectores-vanguardia.html\" target=\"_blank\" rel=\"nofollow noopener\"> Las Fotos de los Lectores de La Vanguardia<\/a> quiere invitaros a reflexionar sobre el concepto (y figura) del artista, \u00bfse nace o se hace? Porque, \u00bfqu\u00e9 queremos decir cuando hablamos de\u00a0\u201dver como un artista\u201d? \u00bfTodos podemos tener esa mirada?<\/p>\n<p data-gtm-element-container=\"modulo-texto-link\" class=\"paragraph\">Esta instant\u00e1nea est\u00e1 captada a partir de los restos de desecho de pintura en una escalera, porque todo\u00a0 sirve para plasmar otras realidades. Con lo sencillo y cotidiano se pueden dar otras versiones diferentes de lo que contemplamos, Y, como mi entorno es rural, en Vilob\u00ed d&#8217;Onyar, tengo que agudizar mi creatividad.<\/p>\n<p data-gtm-element-container=\"modulo-texto-link\" class=\"paragraph\">Podemos estar de acuerdo en que un artista crea, desarrolla o produce obras de arte. Pero, \u00bfqui\u00e9n dice que alguien es un artista o que realmente ha producido una pieza art\u00edstica y no cualquier otra cosa?&#8230; Para intentar contestar a esta pregunta hay que tener en cuenta que el significado del \u201carte\u201d ha ido variando a lo largo de la historia. \u00bfLos pintores de la cueva de Altamira eran artistas como lo son los pintores del Renacimiento?<\/p>\n<p data-gtm-element-container=\"modulo-texto-link\" class=\"paragraph\">El artista puede identificarse con aquel que es capaz de inspirarse para \u201ccrear\u201d. Si el resultado de su creaci\u00f3n es o no una obra de arte, ah\u00ed ya entran en juego otras consideraciones, como las opiniones de la cr\u00edtica especializada. Pero, \u00bfy si un artista lo es y nadie ha sido capaz de reconocerlo?&#8230;<\/p>\n<p data-gtm-element-container=\"modulo-texto-link\" class=\"paragraph\">Ver es una cuesti\u00f3n objetiva y f\u00edsica, mientras que percibir es lo que el cerebro hace con lo que vemos. Un artista es aquel que es capaz de a\u00f1adir la creatividad a su mirada para crear una obra de arte. Ahora bien, si bien puede ser autodidacta, todo proceso art\u00edstico requiere de un conocimiento, de un aprendizaje y de una t\u00e9cnica, que se va perfeccionando y que puede ir variando. De ah\u00ed que haya artistas adscritos a diferentes movimientos art\u00edsticos a lo largo de su vida. Su mirada art\u00edstica va evolucionando, cambiando.<\/p>\n<p data-gtm-element-container=\"modulo-texto-link\" class=\"paragraph\">El artista combina la observaci\u00f3n, la percepci\u00f3n, la creatividad, la imaginaci\u00f3n y la habilidad t\u00e9cnica para concebir una idea para una obra de arte completa. En este sentido, unos restos de pintura y unos versos de Machado (\u201cEra un ni\u00f1o que so\u00f1aba \/ un caballo de cart\u00f3n&#8230;\u201d) me han inspirado para plasmar en otra fotograf\u00eda la representaci\u00f3n de un caballito de cart\u00f3n en abstracto.\u00a0<\/p>\n<p>                <img loading=\"lazy\" decoding=\"async\" data-full-src=\"https:\/\/www.lavanguardia.com\/uploads\/2025\/11\/28\/6929865cb2943.jpeg\" alt=\"Representaci\u00f3n fotogr\u00e1fica del caballito de cart\u00f3n a partir de unos restos de pintura.\" width=\"449\" height=\"299\" src=\"https:\/\/www.europesays.com\/es\/wp-content\/uploads\/2025\/11\/6929865cb2943.jpeg\" class=\"lazy\"\/><\/p>\n<p class=\"caption-title \">Representaci\u00f3n fotogr\u00e1fica del caballito de cart\u00f3n a partir de unos restos de pintura.<\/p>\n<p>                    Isaura Marcos<\/p>\n<p>                <img loading=\"lazy\" decoding=\"async\" data-full-src=\"https:\/\/www.lavanguardia.com\/uploads\/2025\/11\/28\/6929865d7d5ae.jpeg\" alt=\"Representaci\u00f3n fotogr\u00e1fica del caballito de cart\u00f3n a partir de unos restos de pintura.\" width=\"449\" height=\"299\" src=\"https:\/\/www.europesays.com\/es\/wp-content\/uploads\/2025\/11\/6929865d7d5ae.jpeg\" class=\"lazy\"\/><\/p>\n<p class=\"caption-title \">Detalle del caballito de cart\u00f3n retratado a partir de unos restos de pintura.<\/p>\n<p>                    Isaura Marcos<\/p>\n<p>    Lee tambi\u00e9n<\/p>\n<p><a href=\"https:\/\/www.lavanguardia.com\/participacion\/20210124\/6185893\/guia-normas-participacion-comunidad-lectores-vanguardia.html\" target=\"_blank\" rel=\"nofollow noopener\">\u25a0 \u00bfC\u00d3MO PUEDO PARTICIPAR EN LA COMUNIDAD DE LA VANGUARDIA?<\/a><\/p>\n<p>\u00a1Participa!<br \/>\n\u00bfQuieres mostrar tus fotograf\u00edas?<\/p>\n<p data-gtm-element-container=\"modulo-texto-link\" class=\"paragraph\">Los interesados en participar en Las Fotos de los Lectores tan solo deben escribir un email a la direcci\u00f3n de correo de nuestra secci\u00f3n de Participaci\u00f3n (participacion@lavanguardia.es) adjuntando la fotograf\u00eda, explicando detalles de c\u00f3mo y d\u00f3nde fue tomada y aportando los datos del autor para la firma de la imagen. Es importante indicar en el asunto del correo: \u00b4Fotos de los Lectores\u00b4.<\/p>\n","protected":false},"excerpt":{"rendered":"* La autora forma parte de la comunidad de lectores de La Vanguardia Con esta fotograf\u00eda que comparto&hellip;\n","protected":false},"author":2,"featured_media":262294,"comment_status":"","ping_status":"","sticky":false,"template":"","format":"standard","meta":{"footnotes":""},"categories":[173],"tags":[229,233,231,230,232,234,146,147,25,24,23],"class_list":{"0":"post-262293","1":"post","2":"type-post","3":"status-publish","4":"format-standard","5":"has-post-thumbnail","7":"category-arte-y-diseno","8":"tag-arte","9":"tag-arte-y-diseno","10":"tag-arts","11":"tag-arts-and-design","12":"tag-design","13":"tag-diseno","14":"tag-entertainment","15":"tag-entretenimiento","16":"tag-es","17":"tag-espana","18":"tag-spain"},"share_on_mastodon":{"url":"https:\/\/pubeurope.com\/@es\/115633859269350055","error":""},"_links":{"self":[{"href":"https:\/\/www.europesays.com\/es\/wp-json\/wp\/v2\/posts\/262293","targetHints":{"allow":["GET"]}}],"collection":[{"href":"https:\/\/www.europesays.com\/es\/wp-json\/wp\/v2\/posts"}],"about":[{"href":"https:\/\/www.europesays.com\/es\/wp-json\/wp\/v2\/types\/post"}],"author":[{"embeddable":true,"href":"https:\/\/www.europesays.com\/es\/wp-json\/wp\/v2\/users\/2"}],"replies":[{"embeddable":true,"href":"https:\/\/www.europesays.com\/es\/wp-json\/wp\/v2\/comments?post=262293"}],"version-history":[{"count":0,"href":"https:\/\/www.europesays.com\/es\/wp-json\/wp\/v2\/posts\/262293\/revisions"}],"wp:featuredmedia":[{"embeddable":true,"href":"https:\/\/www.europesays.com\/es\/wp-json\/wp\/v2\/media\/262294"}],"wp:attachment":[{"href":"https:\/\/www.europesays.com\/es\/wp-json\/wp\/v2\/media?parent=262293"}],"wp:term":[{"taxonomy":"category","embeddable":true,"href":"https:\/\/www.europesays.com\/es\/wp-json\/wp\/v2\/categories?post=262293"},{"taxonomy":"post_tag","embeddable":true,"href":"https:\/\/www.europesays.com\/es\/wp-json\/wp\/v2\/tags?post=262293"}],"curies":[{"name":"wp","href":"https:\/\/api.w.org\/{rel}","templated":true}]}}