{"id":262295,"date":"2025-11-29T16:11:12","date_gmt":"2025-11-29T16:11:12","guid":{"rendered":"https:\/\/www.europesays.com\/es\/262295\/"},"modified":"2025-11-29T16:11:12","modified_gmt":"2025-11-29T16:11:12","slug":"nuria-roca-revela-el-motivo-de-su-ausencia","status":"publish","type":"post","link":"https:\/\/www.europesays.com\/es\/262295\/","title":{"rendered":"Nuria Roca revela el motivo de su ausencia"},"content":{"rendered":"\n<p> Cuando <a href=\"https:\/\/www.elconfidencial.com\/tags\/personajes\/juan-del-val-12557\/\" target=\"_self\" rel=\"nofollow noopener\">Juan del Val<\/a> se alz\u00f3 con el Premio Planeta 2025, le asegur\u00f3 a Pablo Motos que seguir\u00eda acudiendo a su puesto de trabajo en El hormiguero y en La Roca. De hecho, Motos se neg\u00f3 a perder a su colaborador estrella por este importante galard\u00f3n literario. Sin embargo, esta misma tarde, <strong>el escritor se ha visto obligado a faltar a su promesa y no ha aparecido en La Roca.<\/strong> <\/p>\n<p> Del Val no ha sido el \u00fanico que no ha podido acudir a su puesto de trabajo, <strong>Nacho Garc\u00eda tambi\u00e9n ha marcado baja en el magac\u00edn de La Sexta<\/strong>, por lo que Nuria Roca ha explicado a la audiencia lo que estaba pasando: \u00abDesde casa os estar\u00e9is preguntado qu\u00e9 le ha pasado a esta mesa, que de repente hay tanto cambio\u00bb, ha reconocido la presentadora. <\/p>\n<p> En este sentido, <a href=\"https:\/\/www.elconfidencial.com\/tags\/personajes\/nuria-roca-8434\/\" target=\"_self\" rel=\"nofollow noopener\">Nuria Roca<\/a> ha revelado que <strong>Laura Rivas estaba sustituyendo a Nacho Garc\u00eda porque se encuentra enfermo de gripe<\/strong>. Ante esto, la presentadora ha animado que todo el mundo se vacune porque los casos de gripe se est\u00e1n multiplicando considerablemente en Madrid. <\/p>\n<p> Tras esto, Nuria Roca ha dado la bienvenida al periodista \u00c1lex Loya, que se ha estrenado en la mesa principal de La Roca <strong>ocupando la silla de Juan del Val<\/strong>. Ante esto, Berni Barrachina ha bromeado con el que escritor \u00abse ha ido de casa unos d\u00edas\u00bb. Sin embargo, ha sido su mujer quien ha revelado<strong> por qu\u00e9 su marido no ha acudido al formato de <a href=\"https:\/\/www.elconfidencial.com\/tags\/empresas\/lasexta-31\/\" target=\"_self\" rel=\"nofollow noopener\">La Sexta<\/a>.<\/strong> <\/p>\n<p>               La presentadora Nuria Roca. (Atresmedia)             <\/p>\n<p> <strong>\u00abJuan est\u00e1 volando a M\u00e9xico. Est\u00e1 de gira con el Premio Planeta y con su novela, Vera, una historia de amor\u00bb<\/strong>, ha informado Nuria Roca, a\u00f1adiendo que, ma\u00f1ana, La Roca intentar\u00e1 conectar con el escritor: \u00abA ver si tenemos suerte\u00bb, ha expresado la presentadora, a\u00f1adiendo que conf\u00eda en que su marido le traiga alg\u00fan regalo especial de este viaje. <\/p>\n<p> Cuando <a href=\"https:\/\/www.elconfidencial.com\/tags\/personajes\/juan-del-val-12557\/\" target=\"_self\" rel=\"nofollow noopener\">Juan del Val<\/a> se alz\u00f3 con el Premio Planeta 2025, le asegur\u00f3 a Pablo Motos que seguir\u00eda acudiendo a su puesto de trabajo en El hormiguero y en La Roca. De hecho, Motos se neg\u00f3 a perder a su colaborador estrella por este importante galard\u00f3n literario. Sin embargo, esta misma tarde, <strong>el escritor se ha visto obligado a faltar a su promesa y no ha aparecido en La Roca.<\/strong> <\/p>\n","protected":false},"excerpt":{"rendered":"Cuando Juan del Val se alz\u00f3 con el Premio Planeta 2025, le asegur\u00f3 a Pablo Motos que seguir\u00eda&hellip;\n","protected":false},"author":2,"featured_media":262296,"comment_status":"","ping_status":"","sticky":false,"template":"","format":"standard","meta":{"footnotes":""},"categories":[171],"tags":[146,147,25,24,23,214],"class_list":{"0":"post-262295","1":"post","2":"type-post","3":"status-publish","4":"format-standard","5":"has-post-thumbnail","7":"category-tv","8":"tag-entertainment","9":"tag-entretenimiento","10":"tag-es","11":"tag-espana","12":"tag-spain","13":"tag-tv"},"share_on_mastodon":{"url":"https:\/\/pubeurope.com\/@es\/115633866874453788","error":""},"_links":{"self":[{"href":"https:\/\/www.europesays.com\/es\/wp-json\/wp\/v2\/posts\/262295","targetHints":{"allow":["GET"]}}],"collection":[{"href":"https:\/\/www.europesays.com\/es\/wp-json\/wp\/v2\/posts"}],"about":[{"href":"https:\/\/www.europesays.com\/es\/wp-json\/wp\/v2\/types\/post"}],"author":[{"embeddable":true,"href":"https:\/\/www.europesays.com\/es\/wp-json\/wp\/v2\/users\/2"}],"replies":[{"embeddable":true,"href":"https:\/\/www.europesays.com\/es\/wp-json\/wp\/v2\/comments?post=262295"}],"version-history":[{"count":0,"href":"https:\/\/www.europesays.com\/es\/wp-json\/wp\/v2\/posts\/262295\/revisions"}],"wp:featuredmedia":[{"embeddable":true,"href":"https:\/\/www.europesays.com\/es\/wp-json\/wp\/v2\/media\/262296"}],"wp:attachment":[{"href":"https:\/\/www.europesays.com\/es\/wp-json\/wp\/v2\/media?parent=262295"}],"wp:term":[{"taxonomy":"category","embeddable":true,"href":"https:\/\/www.europesays.com\/es\/wp-json\/wp\/v2\/categories?post=262295"},{"taxonomy":"post_tag","embeddable":true,"href":"https:\/\/www.europesays.com\/es\/wp-json\/wp\/v2\/tags?post=262295"}],"curies":[{"name":"wp","href":"https:\/\/api.w.org\/{rel}","templated":true}]}}