{"id":262299,"date":"2025-11-29T16:14:15","date_gmt":"2025-11-29T16:14:15","guid":{"rendered":"https:\/\/www.europesays.com\/es\/262299\/"},"modified":"2025-11-29T16:14:15","modified_gmt":"2025-11-29T16:14:15","slug":"xabi-alonso-a-pesar-de-todo-lo-que-suene-somos-muy-solidos-desde-dentro-futbol-deportes","status":"publish","type":"post","link":"https:\/\/www.europesays.com\/es\/262299\/","title":{"rendered":"Xabi Alonso: \u201cA pesar de todo lo que suene, somos muy s\u00f3lidos desde dentro\u201d | F\u00fatbol | Deportes"},"content":{"rendered":"<p class=\"\">Xabi Alonso continu\u00f3 este s\u00e1bado con los mensajes de apuntalamiento del ecosistema del vestuario del <a href=\"https:\/\/elpais.com\/noticias\/real-madrid\/\" target=\"_self\" rel=\"nofollow noopener\" title=\"https:\/\/elpais.com\/noticias\/real-madrid\/\">Real Madrid<\/a> despu\u00e9s de semanas de turbulencias m\u00e1s o menos sordas: \u201cYo siempre he sentido que el equipo estaba muy unido, que todos ten\u00edamos claro cu\u00e1l es el objetivo de esta temporada. Si quer\u00edamos llegar a mayo, a abril, en los momentos importantes, con posibilidades para todo, tenemos que estar en el d\u00eda a d\u00eda muy conectados. La conexi\u00f3n es muy buena. En los momentos buenos estamos juntos. En los no tan buenos, tambi\u00e9n\u201d, dijo en su comparecencia previa a la visita de este domingo a Montilivi para enfrentarse al Girona (21.00, Movistar). \u201cA pesar de todo lo que lo que suene y lo que quieran, nosotros somos muy s\u00f3lidos desde dentro\u201d.<\/p>\n<p class=\"\">El entrenador del Madrid ha insistido en la senda por la que transitaron varios de sus futbolistas despu\u00e9s de la victoria del mi\u00e9rcoles contra Olympiacos en Atenas (3-4). Nada m\u00e1s terminar el partido, Camavinga traz\u00f3 la misma l\u00ednea que asegura que separa lo que sucede en la caseta de lo que trasciende: \u201cEs m\u00e1s la prensa que habla. Yo estoy dentro, veo todo, y veo un vestuario muy unido, m\u00e1s unido que nunca. Vamos a hacer todo como siempre para ganar y para ayudar al m\u00edster\u201d, dijo un breve intercambio con Movistar.<\/p>\n<p class=\"\">Horas despu\u00e9s, Federico Valverde, uno de los capitanes, public\u00f3 un mensaje en su cuenta de Instagram. En dos de sus tres p\u00e1rrafos repet\u00eda la idea: \u201cDespu\u00e9s de una semana en la que se dijeron muchas cosas, nosotros estamos m\u00e1s unidos que nunca\u201d, dec\u00eda al principio. Y cerraba: \u201cNo siempre es f\u00e1cil, pero el cuerpo t\u00e9cnico y los jugadores estamos m\u00e1s unidos que nunca\u201d.<\/p>\n<p class=\"\">Los mensajes en la misma direcci\u00f3n se han sucedido en las \u00faltimas horas despu\u00e9s de unas semanas en las que fueron trascendiendo desencuentros entre algunos futbolistas y el t\u00e9cnico sobre el estilo de gesti\u00f3n y algunos planteamientos futbol\u00edsticos. El principal episodio p\u00fablico de las tiranteces fue el desaire de Vinicius a su entrenador cuando le sustituy\u00f3 en el cl\u00e1sico en el Bernab\u00e9u. Tambi\u00e9n, el desenlace de la escena: el brasile\u00f1o se disculp\u00f3 d\u00edas m\u00e1s tarde p\u00fablicamente con un comunicado en el que evit\u00f3 mencionar a Xabi, como en cambio s\u00ed hizo con el presidente, los aficionados y sus compa\u00f1eros. Vinicius no era el \u00fanico jugador inc\u00f3modo con las novedades.<\/p>\n<p class=\"\">En ese ambiente, se acumularon tres resultados negativos seguidos. <a href=\"https:\/\/elpais.com\/deportes\/futbol\/2025-11-04\/solo-courtois-aguanta-en-el-derribo-del-real-madrid-en-liverpool.html\" target=\"_self\" rel=\"nofollow noopener\" title=\"https:\/\/elpais.com\/deportes\/futbol\/2025-11-04\/solo-courtois-aguanta-en-el-derribo-del-real-madrid-en-liverpool.html\">Perdieron en Liverpool<\/a> y empataron en Vallecas en Elche, un tipo de tendencia que siempre inflama cualquier situaci\u00f3n en el Madrid. La victoria en Grecia supuso un alivio. Y no solo en lo deportivo, como <a href=\"https:\/\/elpais.com\/deportes\/futbol\/2025-11-26\/xabi-alonso-no-soy-un-novato.html\" target=\"_self\" rel=\"nofollow noopener\" title=\"https:\/\/elpais.com\/deportes\/futbol\/2025-11-26\/xabi-alonso-no-soy-un-novato.html\">apunt\u00f3 Xabi despu\u00e9s del encuentro<\/a>: \u201cDesde que llegamos [a Atenas], han sido horas muy positivas y productivas. Nos han ayudado a seguir creciendo, a no romper la din\u00e1mica y saber convivir con momentos dif\u00edciles. Son muy positivas las cosas que hemos hablado, la uni\u00f3n e implicaci\u00f3n de los jugadores. Me quedo mucho con eso, aparte de los tres puntos. Son cosas que han pasado dentro muy positivas\u201d, dijo.<\/p>\n<p class=\"\">Con este panorama, los tres puntos contra Olympiacos sumaron en m\u00e1s \u00e1mbitos que el deportivo. Aunque a eso, claro, tambi\u00e9n le dio valor Xabi este s\u00e1bado, a recuperar \u201cesa sensaci\u00f3n de ganar fuera de casa\u201d, despu\u00e9s de los tres tropiezos seguidos. De ah\u00ed tambi\u00e9n que mire con inter\u00e9s el compromiso de este domingo contra el Girona: \u201cNecesitamos un gran partido, una buena victoria\u201d. Para el viaje recupera a R\u00fcdiger, Milit\u00e3o y Mastantuono, y aguantar\u00e1 hasta la ma\u00f1ana del partido para saber si podr\u00e1 contar con Asencio, que no pudo entrenar este s\u00e1bado por un proceso v\u00edrico.<\/p>\n","protected":false},"excerpt":{"rendered":"Xabi Alonso continu\u00f3 este s\u00e1bado con los mensajes de apuntalamiento del ecosistema del vestuario del Real Madrid despu\u00e9s&hellip;\n","protected":false},"author":2,"featured_media":262300,"comment_status":"","ping_status":"","sticky":false,"template":"","format":"standard","meta":{"footnotes":""},"categories":[93],"tags":[1540,168,1539,25,24,282,1538,18013,1210,41336,3048,23,167,10344],"class_list":{"0":"post-262299","1":"post","2":"type-post","3":"status-publish","4":"format-standard","5":"has-post-thumbnail","7":"category-deportes","8":"tag-competiciones","9":"tag-deportes","10":"tag-entrenadores","11":"tag-es","12":"tag-espana","13":"tag-futbol","14":"tag-futbolistas","15":"tag-girona-fc","16":"tag-laliga-ea-sports","17":"tag-miguel-angel-sanchez-michel","18":"tag-real-madrid","19":"tag-spain","20":"tag-sports","21":"tag-xabi-alonso"},"share_on_mastodon":{"url":"https:\/\/pubeurope.com\/@es\/115633878670283721","error":""},"_links":{"self":[{"href":"https:\/\/www.europesays.com\/es\/wp-json\/wp\/v2\/posts\/262299","targetHints":{"allow":["GET"]}}],"collection":[{"href":"https:\/\/www.europesays.com\/es\/wp-json\/wp\/v2\/posts"}],"about":[{"href":"https:\/\/www.europesays.com\/es\/wp-json\/wp\/v2\/types\/post"}],"author":[{"embeddable":true,"href":"https:\/\/www.europesays.com\/es\/wp-json\/wp\/v2\/users\/2"}],"replies":[{"embeddable":true,"href":"https:\/\/www.europesays.com\/es\/wp-json\/wp\/v2\/comments?post=262299"}],"version-history":[{"count":0,"href":"https:\/\/www.europesays.com\/es\/wp-json\/wp\/v2\/posts\/262299\/revisions"}],"wp:featuredmedia":[{"embeddable":true,"href":"https:\/\/www.europesays.com\/es\/wp-json\/wp\/v2\/media\/262300"}],"wp:attachment":[{"href":"https:\/\/www.europesays.com\/es\/wp-json\/wp\/v2\/media?parent=262299"}],"wp:term":[{"taxonomy":"category","embeddable":true,"href":"https:\/\/www.europesays.com\/es\/wp-json\/wp\/v2\/categories?post=262299"},{"taxonomy":"post_tag","embeddable":true,"href":"https:\/\/www.europesays.com\/es\/wp-json\/wp\/v2\/tags?post=262299"}],"curies":[{"name":"wp","href":"https:\/\/api.w.org\/{rel}","templated":true}]}}