{"id":262304,"date":"2025-11-29T16:19:09","date_gmt":"2025-11-29T16:19:09","guid":{"rendered":"https:\/\/www.europesays.com\/es\/262304\/"},"modified":"2025-11-29T16:19:09","modified_gmt":"2025-11-29T16:19:09","slug":"trump-anuncia-el-cierre-total-del-espacio-aereo-de-venezuela-internacional","status":"publish","type":"post","link":"https:\/\/www.europesays.com\/es\/262304\/","title":{"rendered":"Trump anuncia el cierre total del espacio a\u00e9reo de Venezuela | Internacional"},"content":{"rendered":"<p class=\"\">El presidente de Estados Unidos, Donald Trump, sigue apretando las tuercas a Venezuela en una escalada ret\u00f3rica y militar sin precedentes. Tras anunciar el jueves que empezar\u00e1 \u201cmuy pronto\u201d a <a href=\"https:\/\/elpais.com\/internacional\/2025-11-28\/trump-asegura-que-estados-unidos-empezara-a-detener-a-narcos-venezolanos-por-tierra-muy-pronto-es-mas-facil.html\" target=\"_self\" rel=\"nofollow noopener\" title=\"https:\/\/elpais.com\/internacional\/2025-11-28\/trump-asegura-que-estados-unidos-empezara-a-detener-a-narcos-venezolanos-por-tierra-muy-pronto-es-mas-facil.html\">detener el tr\u00e1fico de drogas desde Venezuela \u201ctambi\u00e9n por tierra\u201d<\/a>, este s\u00e1bado ha asegurado que el espacio a\u00e9reo del pa\u00eds caribe\u00f1o va a ser cerrado en su totalidad, una decisi\u00f3n que acerca la posibilidad de un ataque militar sobre Venezuela. <\/p>\n<p class=\"\">A trav\u00e9s de un mensaje en su red social Truth, el mandatario ha escrito: \u201cA todas las aerol\u00edneas, pilotos, narcotraficantes y traficantes de personas: les rogamos que consideren que el espacio a\u00e9reo sobre Venezuela y sus alrededores permanecer\u00e1 cerrado en su totalidad\u201d. Trump no ha ofrecido m\u00e1s detalles sobre el alcance de esa medida ni c\u00f3mo la va a ejecutar.<\/p>\n<p class=\"\">El tr\u00e1fico a\u00e9reo en Venezuela lleva una semana suspendido de facto, desde que la Fuerza A\u00e9rea de Estados Unidos emiti\u00f3 una alerta el lunes avisando del riesgo de volar sobre el pa\u00eds debido \u201cdebido al empeoramiento de la situaci\u00f3n de seguridad y la intensificaci\u00f3n de la actividad militar\u201d. <a href=\"https:\/\/elpais.com\/economia\/2025-11-24\/air-europa-y-plus-ultra-suspenden-los-vuelos-de-este-martes-entre-madrid-y-caracas.html\" rel=\"nofollow noopener\" title=\"https:\/\/elpais.com\/economia\/2025-11-24\/air-europa-y-plus-ultra-suspenden-los-vuelos-de-este-martes-entre-madrid-y-caracas.html\" target=\"_blank\">Compa\u00f1\u00edas como Iberia, Air Europa, Latam, Avianca, TAP, Plus Ultra o Turkish Airlines<\/a> decidieron suspender sus operaciones de inmediato.<\/p>\n<p class=\"\">El Instituto Nacional de Aeron\u00e1utica Civil venezolano dio un plazo de 48 horas a las aerol\u00edneas para que retomaran sus operaciones, bajo amenazada de revocarles las licencias. Como las compa\u00f1\u00edas no hicieron caso, el Gobierno de Nicol\u00e1s Maduro dej\u00f3 sin efecto los derechos de tr\u00e1fico a\u00e9reo de <a href=\"https:\/\/elpais.com\/economia\/2025-11-25\/venezuela-amenaza-a-iberia-air-europa-y-plus-ultra-con-perder-sus-derechos-de-trafico-si-no-retoman-los-vuelos-a-caracas.html\" rel=\"nofollow noopener\" title=\"https:\/\/elpais.com\/economia\/2025-11-25\/venezuela-amenaza-a-iberia-air-europa-y-plus-ultra-con-perder-sus-derechos-de-trafico-si-no-retoman-los-vuelos-a-caracas.html\" target=\"_blank\">Iberia, TAP, Avianca, Latam Colombia, Turkish Airlines y Gol<\/a>.<\/p>\n<p class=\"\">El Ministerio de Transporte y el Instituto Nacional de Aeron\u00e1utica Civil (INAC) de Venezuela acusan a las aerol\u00edneas de \u201csumarse a las acciones de terrorismo de Estado promovido por el Gobierno de Estados Unidos, suspendiendo unilateralmente las operaciones aerocomerciales hacia y desde la Rep\u00fablica Bolivariana de Venezuela\u201d.  <\/p>\n<p class=\"\">El cierre del espacio a\u00e9reo de un pa\u00eds suele ser el preludio de un ataque militar. Estados Unidos ha desplegado en la zona el mayor contingente militar en generaciones. Trump aprovech\u00f3 el jueves una audiencia virtual con miembros de las Fuerzas Armadas, con motivo de la celebraci\u00f3n del d\u00eda de Acci\u00f3n de Gracias, para elevar un poco m\u00e1s su tono. El estadounidense amenaz\u00f3 con empezar \u201cmuy pronto\u201d a detener a los \u201cnarcotraficantes\u201d de ese pa\u00eds por tierra. \u201cPor tierra es m\u00e1s f\u00e1cil\u201d, dijo el presidente estadounidense el jueves. \u201cLes hemos avisado: dejen de mandar veneno a nuestro pa\u00eds\u201d, a\u00f1adi\u00f3, en referencia al tr\u00e1fico de drogas del que responsabiliza <a href=\"https:\/\/elpais.com\/america\/2025-11-25\/el-chavismo-se-moviliza-para-reivindicarse-frente-a-las-amenazas-de-estados-unidos.html\" rel=\"nofollow noopener\" title=\"https:\/\/elpais.com\/america\/2025-11-25\/el-chavismo-se-moviliza-para-reivindicarse-frente-a-las-amenazas-de-estados-unidos.html\" target=\"_blank\">al r\u00e9gimen chavista<\/a>.<\/p>\n<p class=\"\">La Casa Blanca orden\u00f3 en agosto concentrar cerca de Venezuela el mayor despliegue militar en d\u00e9cadas. M\u00e1s de 15.000 efectivos est\u00e1n en la regi\u00f3n como medida de fuerza para forzar la destituci\u00f3n de Maduro, seg\u00fan los analistas. A principio de este mes se incorpor\u00f3 al dispositivo militar el mayor y m\u00e1s avanzado portaviones de la armada estadounidense, el USS Gerald Ford, con una elevada capacidad destructiva, lo que supuso un punto de inflexi\u00f3n definitivo para el conflicto que mantienen ambos pa\u00edses. <\/p>\n<p class=\"\">Trump tambi\u00e9n orden\u00f3 desde principios de septiembre una campa\u00f1a contra las supuestas narcolanchas que navegan junto a aguas de Venezuela acus\u00e1ndolas de trabajar para el c\u00e1rtel de los Soles y del tren de Aragua, dos bandas de narcotraficantes. Desde entonces, el ej\u00e9rcito ha bombardeado, sin contar con autorizaci\u00f3n del Congreso, ni aval judicial, una veintena de lanchas. En esas operaciones han sido asesinadas m\u00e1s de 80 personas.<\/p>\n<p class=\"\">Estados Unidos ha registrado oficialmente al presidente venezolano, Nicol\u00e1s Maduro, y varios altos cargos de su Gobierno quedan como terroristas por su supuesta participaci\u00f3n en el cartel de los Soles, una organizaci\u00f3n criminal que se dedica al narcotr\u00e1fico, seg\u00fan el Departamento de Estado. La decisi\u00f3n permite al Ejecutivo estadounidense armarse de argumentos para una pr\u00f3xima operaci\u00f3n militar en Venezuela.<\/p>\n","protected":false},"excerpt":{"rendered":"El presidente de Estados Unidos, Donald Trump, sigue apretando las tuercas a Venezuela en una escalada ret\u00f3rica y&hellip;\n","protected":false},"author":2,"featured_media":262305,"comment_status":"","ping_status":"","sticky":false,"template":"","format":"standard","meta":{"footnotes":""},"categories":[42],"tags":[7160,889,17,18,4329,352,629,13,14,11,61,62,63,64,19,20,9,1194,2556,10,15,16,17918,952,65394,12,21,22,1192,2558,65,66,67],"class_list":{"0":"post-262304","1":"post","2":"type-post","3":"status-publish","4":"format-standard","5":"has-post-thumbnail","7":"category-internacional","8":"tag-aerolineas","9":"tag-america","10":"tag-breaking-news","11":"tag-breakingnews","12":"tag-casa-blanca","13":"tag-donald-trump","14":"tag-estados-unidos","15":"tag-featured-news","16":"tag-featurednews","17":"tag-headlines","18":"tag-internacional","19":"tag-international","20":"tag-international-news","21":"tag-internationalnews","22":"tag-latest-news","23":"tag-latestnews","24":"tag-news","25":"tag-nicolas-maduro","26":"tag-norteamerica","27":"tag-noticias","28":"tag-noticias-destacadas","29":"tag-noticiasdestacadas","30":"tag-partido-republicano-ee-uu","31":"tag-politica","32":"tag-sector-aeronautico","33":"tag-titulares","34":"tag-ultimas-noticias","35":"tag-ultimasnoticias","36":"tag-venezuela","37":"tag-washington-d-c","38":"tag-world","39":"tag-world-news","40":"tag-worldnews"},"share_on_mastodon":{"url":"","error":"Validation failed: Text character limit of 500 exceeded"},"_links":{"self":[{"href":"https:\/\/www.europesays.com\/es\/wp-json\/wp\/v2\/posts\/262304","targetHints":{"allow":["GET"]}}],"collection":[{"href":"https:\/\/www.europesays.com\/es\/wp-json\/wp\/v2\/posts"}],"about":[{"href":"https:\/\/www.europesays.com\/es\/wp-json\/wp\/v2\/types\/post"}],"author":[{"embeddable":true,"href":"https:\/\/www.europesays.com\/es\/wp-json\/wp\/v2\/users\/2"}],"replies":[{"embeddable":true,"href":"https:\/\/www.europesays.com\/es\/wp-json\/wp\/v2\/comments?post=262304"}],"version-history":[{"count":0,"href":"https:\/\/www.europesays.com\/es\/wp-json\/wp\/v2\/posts\/262304\/revisions"}],"wp:featuredmedia":[{"embeddable":true,"href":"https:\/\/www.europesays.com\/es\/wp-json\/wp\/v2\/media\/262305"}],"wp:attachment":[{"href":"https:\/\/www.europesays.com\/es\/wp-json\/wp\/v2\/media?parent=262304"}],"wp:term":[{"taxonomy":"category","embeddable":true,"href":"https:\/\/www.europesays.com\/es\/wp-json\/wp\/v2\/categories?post=262304"},{"taxonomy":"post_tag","embeddable":true,"href":"https:\/\/www.europesays.com\/es\/wp-json\/wp\/v2\/tags?post=262304"}],"curies":[{"name":"wp","href":"https:\/\/api.w.org\/{rel}","templated":true}]}}