{"id":262306,"date":"2025-11-29T16:20:08","date_gmt":"2025-11-29T16:20:08","guid":{"rendered":"https:\/\/www.europesays.com\/es\/262306\/"},"modified":"2025-11-29T16:20:08","modified_gmt":"2025-11-29T16:20:08","slug":"muere-el-expresidente-de-la-generalitat-valenciana-jose-luis-olivas","status":"publish","type":"post","link":"https:\/\/www.europesays.com\/es\/262306\/","title":{"rendered":"Muere el expresidente de la Generalitat Valenciana Jos\u00e9 Luis Olivas"},"content":{"rendered":"<p style=\"\">El expresidente de la Generalitat Valenciana <strong>Jos\u00e9 Luis Olivas<\/strong> ha fallecido este s\u00e1bado a los 73 a\u00f1os de edad, seg\u00fan han confirmado a ABC fuentes del gobierno auton\u00f3mico y del Partido Popular. Ocup\u00f3 el m\u00e1ximo cargo del Consell entre julio de 2002 y mayo  &#8230; 2003 tras la salida de Eduardo Zaplana y despu\u00e9s fue presidente de Bancaja y del Banco de <a href=\"https:\/\/www.abc.es\/espana\/comunidad-valenciana\/\" target=\"_blank\" data-voc-vtm-id=\"in-text-traffic\" title=\"Valencia\" data-mrf-link=\"www.abc.es\" rel=\"nofollow noopener\">Valencia<\/a>. \u00abAcompa\u00f1amos en el dolor a su familia, amigos y allegados\u00bb, ha enfatizado la administraci\u00f3n en un mensaje a trav\u00e9s de su perfil en la red social X.<\/p>\n<p class=\"voc-p\" style=\"\">Olivas fue el<strong> tercer presidente de la Generalitat Valenciana<\/strong> tras Joan Lerma y Eduardo Zaplana, de cuyo gobierno form\u00f3 parte como vicepresidente y antes conseller de Econom\u00eda y Hacienda. Nacido en 1952 en Motilla del Palancar (Cuenca) y licenciado en Derecho, comenz\u00f3 su actividad pol\u00edtica llevando al municipalismo el auge de la extinta Uni\u00f3n de Centro Democr\u00e1tico (UCD), con la que accedi\u00f3 a concejal en el Ayuntamiento de Valencia.<\/p>\n<p class=\"voc-p\" style=\"\">A\u00f1os despu\u00e9s, a finales de los 80, se integr\u00f3 en el Partido Popular, donde continu\u00f3 como edil en el consistorio valenciano, adem\u00e1s de teniente de alcalde y portavoz del grupo municipal convirti\u00e9ndose en uno de los hombres fuertes de la alcaldesa Rita Barber\u00e1. En 1995 dio el salto auton\u00f3mico como diputado en las Cortes Valencianas y fue nombrado conseller de Hacienda. En 1999, ascendi\u00f3 a vicepresidente hasta que la marcha de Zaplana como ministro de Econom\u00eda al Gobierno de Aznar le llev\u00f3 a sucederlo hasta las elecciones auton\u00f3micas de 2003, que gan\u00f3 <strong>Francisco Camps<\/strong>.<\/p>\n<p class=\"voc-p\" style=\"\">Tras la victoria de Camps, dej\u00f3 la pol\u00edtica en activo y fue nombrado presidente de Bancaja, as\u00ed como del <strong>Banco de Valencia<\/strong> y de las Cajas de Ahorro de las tres provincias valencianas hasta que dimiti\u00f3 en 2011. El Banco de Valencia, bajo su mandato, se convirti\u00f3 en la primera entidad bancaria intervenida por el Banco de Espa\u00f1a desde el inicio de la crisis del 2007 tras detectarse un \u00abagujero\u00bb de unos mil millones de euros, que fueron aportados por el Fondo de Reestructuraci\u00f3n Ordenada Bancaria (FROB). <\/p>\n<p class=\"voc-p\" style=\"\">Adem\u00e1s el banquero conquense, cuyo fallecimiento ha adelantado el diario &#8216;Las Provincias&#8217;, represent\u00f3 a Bancaja en el proceso de fusi\u00f3n que dio lugar a Bankia bajo la presidencia de Rodrigo Rato y se convirti\u00f3 en su vicepresidente hasta que la intervenci\u00f3n estatal del Banco de Valencia, los procesos judiciales y un deterioro progresivo de su reputaci\u00f3n p\u00fablica le llev\u00f3 a retirarse de la actividad empresarial y del foco medi\u00e1tico.<\/p>\n<p>\nCondenado por facturas falsas\n<\/p>\n<p class=\"voc-p\" style=\"\">En 2017, se convirti\u00f3 en el primer presidente de la Generalitat Valenciana <strong>condenado por un tribunal<\/strong>. El Juzgado de lo Penal n\u00famero 6 de Valencia le impuso una pena de un a\u00f1o y medio de prisi\u00f3n y a una multa de de 151.800 euros por emitir a trav\u00e9s de una de sus empresas una factura falsa para justificar un ingreso de 500.000 euros por unos servicios de asesoramiento que nunca lleg\u00f3 a prestar a la empresa Sedesa Inversiones.<\/p>\n<p class=\"voc-p\" style=\"\">La entrega del dinero la efectu\u00f3 el empresario Vicente Cotino, sobrino del expresidente de las Cortes Valencianas<strong> Juan Cotino<\/strong>, a trav\u00e9s de su empresa Sedesa Inversiones, que tambi\u00e9n fue condenado a la misma pena por computar ese pago como gasto deducible en su liquidaci\u00f3n del Impuesto de Sociedades y \u00abreducir de forma fraudulenta la base imponible del Impuesto de Sociedades del ejercicio fiscal 2008\u00bb dejando as\u00ed de ingresar a la Hacienda P\u00fablica 150.000 euros.<\/p>\n<p class=\"voc-p\" style=\"\">La Sala les consider\u00f3 autores de los delitos de falsedad en documento mercantil y contra la Hacienda P\u00fablica tras ponerse de acuerdo para crear un documento que \u00abaparentaba ser una factura\u00bb por unos supuestos servicios de asesoramiento prestados por la empresa de Olivas a la de Cotino, interesado en vender sus acciones en Proyectos E\u00f3licos Valencianos.<\/p>\n","protected":false},"excerpt":{"rendered":"El expresidente de la Generalitat Valenciana Jos\u00e9 Luis Olivas ha fallecido este s\u00e1bado a los 73 a\u00f1os de&hellip;\n","protected":false},"author":2,"featured_media":262307,"comment_status":"","ping_status":"","sticky":false,"template":"","format":"standard","meta":{"footnotes":""},"categories":[8],"tags":[17,18,25,24,22155,13,14,2010,11,2467,19,20,7820,8938,9,10,15,16,65395,23,12,21,22,11004],"class_list":{"0":"post-262306","1":"post","2":"type-post","3":"status-publish","4":"format-standard","5":"has-post-thumbnail","7":"category-espana","8":"tag-breaking-news","9":"tag-breakingnews","10":"tag-es","11":"tag-espana","12":"tag-expresidente","13":"tag-featured-news","14":"tag-featurednews","15":"tag-generalitat","16":"tag-headlines","17":"tag-jose","18":"tag-latest-news","19":"tag-latestnews","20":"tag-luis","21":"tag-muere","22":"tag-news","23":"tag-noticias","24":"tag-noticias-destacadas","25":"tag-noticiasdestacadas","26":"tag-olivas","27":"tag-spain","28":"tag-titulares","29":"tag-ultimas-noticias","30":"tag-ultimasnoticias","31":"tag-valenciana"},"share_on_mastodon":{"url":"https:\/\/pubeurope.com\/@es\/115633902420963797","error":""},"_links":{"self":[{"href":"https:\/\/www.europesays.com\/es\/wp-json\/wp\/v2\/posts\/262306","targetHints":{"allow":["GET"]}}],"collection":[{"href":"https:\/\/www.europesays.com\/es\/wp-json\/wp\/v2\/posts"}],"about":[{"href":"https:\/\/www.europesays.com\/es\/wp-json\/wp\/v2\/types\/post"}],"author":[{"embeddable":true,"href":"https:\/\/www.europesays.com\/es\/wp-json\/wp\/v2\/users\/2"}],"replies":[{"embeddable":true,"href":"https:\/\/www.europesays.com\/es\/wp-json\/wp\/v2\/comments?post=262306"}],"version-history":[{"count":0,"href":"https:\/\/www.europesays.com\/es\/wp-json\/wp\/v2\/posts\/262306\/revisions"}],"wp:featuredmedia":[{"embeddable":true,"href":"https:\/\/www.europesays.com\/es\/wp-json\/wp\/v2\/media\/262307"}],"wp:attachment":[{"href":"https:\/\/www.europesays.com\/es\/wp-json\/wp\/v2\/media?parent=262306"}],"wp:term":[{"taxonomy":"category","embeddable":true,"href":"https:\/\/www.europesays.com\/es\/wp-json\/wp\/v2\/categories?post=262306"},{"taxonomy":"post_tag","embeddable":true,"href":"https:\/\/www.europesays.com\/es\/wp-json\/wp\/v2\/tags?post=262306"}],"curies":[{"name":"wp","href":"https:\/\/api.w.org\/{rel}","templated":true}]}}