{"id":262308,"date":"2025-11-29T16:21:13","date_gmt":"2025-11-29T16:21:13","guid":{"rendered":"https:\/\/www.europesays.com\/es\/262308\/"},"modified":"2025-11-29T16:21:13","modified_gmt":"2025-11-29T16:21:13","slug":"talleres-de-juventud-en-hoyo-de-manzanares-curso-2025-2026","status":"publish","type":"post","link":"https:\/\/www.europesays.com\/es\/262308\/","title":{"rendered":"Talleres de Juventud en Hoyo de Manzanares curso 2025\/2026"},"content":{"rendered":"<p>\t\t\t\t\t\ud83d\udd0a Escuchar la entrada<\/p>\n<p><strong>\u00a1Inscr\u00edbete en los Talleres de Juventud 2025-2026!<\/strong><\/p>\n<p>Ya est\u00e1n aqu\u00ed los\u00a0<strong>talleres de juventud<\/strong>\u00a0de Hoyo de Manzanares para el<strong> curso 2025\/26. <\/strong>Un a\u00f1o m\u00e1s los hoyenses podr\u00e1n disfrutar y aprender con los talleres gratuitos ofrecidos desde la concejal\u00eda de Infancia, Juventud y Universidades en la Casa de Juventud. Si tienes <strong>entre 7 y 30 a\u00f1os y ganas de aprender, moverte o crear, \u00a1INCR\u00cdBETE YA! <\/strong>Las clases se prolongar\u00e1n <strong>desde diciembre hasta junio de 2026.<\/strong><\/p>\n<p>\u00a0<\/p>\n<p><strong>Talleres de juventud<\/strong><\/p>\n<p>\u00a0<\/p>\n<p><strong>Talleres de Parkour<\/strong><\/p>\n<ul>\n<li>En el Parkour Park.<\/li>\n<li><strong>Para j\u00f3venes de 8 a 30 a\u00f1os.<\/strong><\/li>\n<\/ul>\n<p><strong>Grupos:<\/strong><\/p>\n<ul>\n<li>Nivel Iniciaci\u00f3n: mi\u00e9rcoles de 17:30 a 19:00 h.<\/li>\n<li>Nivel Avanzado I (8 a 10 a\u00f1os): viernes de 16:30 a 18:00.<\/li>\n<li>Nivel Avanzado II (11 a\u00f1os en adelante): viernes de 18:00 a 19:30.<\/li>\n<li><strong>Inicio: mes de diciembre (fecha por confirmar).<\/strong><\/li>\n<\/ul>\n<p><strong>Talleres de Scooter<\/strong><\/p>\n<ul>\n<li>En el Skate Park.<\/li>\n<li><strong>Para j\u00f3venes de 7 a 14 a\u00f1os.<\/strong><\/li>\n<\/ul>\n<p>Grupos:<\/p>\n<ul>\n<li>Nivel I: viernes de 17:00 a 18:00.<\/li>\n<li>Nivel II: viernes de 18:00 a 19:00.<\/li>\n<li><strong>Inicio: 5 de diciembre.<\/strong><\/li>\n<\/ul>\n<p><strong>Talleres T\u00e9cnicas Gr\u00e1ficas Mixtas (Dise\u00f1o, estampaci\u00f3n, grabado, impresi\u00f3n solar\u2026)<\/strong><\/p>\n<ul>\n<li>En la Casa de Juventud.<\/li>\n<li><strong>Para j\u00f3venes de 12 a 30 a\u00f1os.<\/strong><\/li>\n<li>Horarios: Jueves de 17:00 a 20:00.<\/li>\n<li><strong>Inicio: mes de diciembre (fecha por confirmar).<\/strong><\/li>\n<\/ul>\n<p><strong>Talleres de Rob\u00f3tica<\/strong><\/p>\n<ul>\n<li>En el Centro de Cultura.<\/li>\n<li><strong>Para j\u00f3venes de 9 a 17 a\u00f1os.<\/strong><\/li>\n<\/ul>\n<p>Grupos:<\/p>\n<ul>\n<li><strong>Iniciaci\u00f3n <\/strong>(alumnos de 4\u00ba a 6\u00ba primaria): martes de 18:00 a 20:00.<\/li>\n<li><strong>Avanzado <\/strong>(alumnos de secundaria y bachillerato): jueves de 18:00 a 20:00.<\/li>\n<li><strong>Inicio: mes de diciembre (fecha por confirmar).<\/strong><\/li>\n<\/ul>\n<p>\u00a0<\/p>\n<p><strong>C\u00f3mo inscribirte en los talleres de juventud<\/strong><\/p>\n<p><strong>Inscripciones ABIERTAS<\/strong>: desde el 28 de noviembre de 2025<\/p>\n<p>\ud83d\udccd <strong>D\u00f3nde inscribirse<\/strong>:<\/p>\n<ul>\n<li>Presencialmente, en el N.\u00ba 13 de la Plaza Mayor de lunes a viernes de 9:00 a 11:00 o en la Casa de Juventud (mi\u00e9rcoles y jueves de 16:30 a 20:00; viernes de 12:00 a 15:00 y de 16:15 a 20:45).<\/li>\n<li>Online enviando la ficha de inscripci\u00f3n a <a href=\"mailto:juventud@hoyodemanzanares.es\" target=\"_blank\" rel=\"noopener\">juventud@hoyodemanzanares.es<\/a>. \ud83d\udccc<\/li>\n<\/ul>\n<p><strong>Importante<\/strong>: Las plazas se asignan por orden de entrada, con prioridad para personas empadronadas en Hoyo. No se admitir\u00e1n inscripciones antes de la fecha y hora indicadas.<\/p>\n<p><a href=\"https:\/\/www.hoyodemanzanares.es\/wp-content\/uploads\/2025\/11\/FICHA-DE-INSCRIPCION-ACTIVIDADES-JUVENTUD-CURSO-25-26.pdf\" target=\"_blank\" rel=\"noopener nofollow\"><strong>Descargar ficha de inscripci\u00f3n <\/strong> <\/a><\/p>\n<p>\u00a0<\/p>\n","protected":false},"excerpt":{"rendered":"\ud83d\udd0a Escuchar la entrada \u00a1Inscr\u00edbete en los Talleres de Juventud 2025-2026! Ya est\u00e1n aqu\u00ed los\u00a0talleres de juventud\u00a0de Hoyo&hellip;\n","protected":false},"author":2,"featured_media":262309,"comment_status":"","ping_status":"","sticky":false,"template":"","format":"standard","meta":{"footnotes":""},"categories":[5],"tags":[17,18,25,24,13,14,11,19,20,9,10,15,16,23,12,21,22],"class_list":{"0":"post-262308","1":"post","2":"type-post","3":"status-publish","4":"format-standard","5":"has-post-thumbnail","7":"category-titulares","8":"tag-breaking-news","9":"tag-breakingnews","10":"tag-es","11":"tag-espana","12":"tag-featured-news","13":"tag-featurednews","14":"tag-headlines","15":"tag-latest-news","16":"tag-latestnews","17":"tag-news","18":"tag-noticias","19":"tag-noticias-destacadas","20":"tag-noticiasdestacadas","21":"tag-spain","22":"tag-titulares","23":"tag-ultimas-noticias","24":"tag-ultimasnoticias"},"share_on_mastodon":{"url":"https:\/\/pubeurope.com\/@es\/115633906204341915","error":""},"_links":{"self":[{"href":"https:\/\/www.europesays.com\/es\/wp-json\/wp\/v2\/posts\/262308","targetHints":{"allow":["GET"]}}],"collection":[{"href":"https:\/\/www.europesays.com\/es\/wp-json\/wp\/v2\/posts"}],"about":[{"href":"https:\/\/www.europesays.com\/es\/wp-json\/wp\/v2\/types\/post"}],"author":[{"embeddable":true,"href":"https:\/\/www.europesays.com\/es\/wp-json\/wp\/v2\/users\/2"}],"replies":[{"embeddable":true,"href":"https:\/\/www.europesays.com\/es\/wp-json\/wp\/v2\/comments?post=262308"}],"version-history":[{"count":0,"href":"https:\/\/www.europesays.com\/es\/wp-json\/wp\/v2\/posts\/262308\/revisions"}],"wp:featuredmedia":[{"embeddable":true,"href":"https:\/\/www.europesays.com\/es\/wp-json\/wp\/v2\/media\/262309"}],"wp:attachment":[{"href":"https:\/\/www.europesays.com\/es\/wp-json\/wp\/v2\/media?parent=262308"}],"wp:term":[{"taxonomy":"category","embeddable":true,"href":"https:\/\/www.europesays.com\/es\/wp-json\/wp\/v2\/categories?post=262308"},{"taxonomy":"post_tag","embeddable":true,"href":"https:\/\/www.europesays.com\/es\/wp-json\/wp\/v2\/tags?post=262308"}],"curies":[{"name":"wp","href":"https:\/\/api.w.org\/{rel}","templated":true}]}}