{"id":262312,"date":"2025-11-29T16:30:11","date_gmt":"2025-11-29T16:30:11","guid":{"rendered":"https:\/\/www.europesays.com\/es\/262312\/"},"modified":"2025-11-29T16:30:11","modified_gmt":"2025-11-29T16:30:11","slug":"tres-meses-sin-oskarsson-y-casi-sin-yangel","status":"publish","type":"post","link":"https:\/\/www.europesays.com\/es\/262312\/","title":{"rendered":"Tres meses sin \u00d3skarsson y casi sin Yangel"},"content":{"rendered":"<p data-mrf-recirculation=\"Links P\u00e1rrafos\" class=\"ue-c-article__paragraph paragraph ue-c-article--first-letter-highlighted\">Orri <strong>\u00d3skarsson alcanzar\u00e1 este domingo los tres meses seguidos y enteros sin disputar un partido<\/strong> con la Real Sociedad, con la que ya se perdi\u00f3 los cinco \u00faltimos del curso pasado por otra lesi\u00f3n muscular, <strong>y Yangel Herrera cumplir\u00e1 ese tiempo de estancia en San Sebasti\u00e1n con s\u00f3lo 90 minutos de juego<\/strong> entre dos encuentros, dos datos negativos que est\u00e1 teniendo que superar Sergio Francisco. Adem\u00e1s, I\u00f1aki <strong>Rup\u00e9rez a\u00fan no ha podido debutar en Primera<\/strong>, al estar de baja desde el verano.<\/p>\n<p data-mrf-recirculation=\"Links P\u00e1rrafos\" class=\"ue-c-article__paragraph paragraph\"><strong>\u00d3skarsson se despidi\u00f3 de la pasada campa\u00f1a el 23 de abril<\/strong>, a cinco jornadas del final, por sufrir una lesi\u00f3n muscular que llev\u00f3 a que, tras las vacaciones, <strong>no realizase la pretemporada con normalidad<\/strong>, sino que tuviera gesti\u00f3n de cargas con el objetivo de que llegase bien a esta 2025-26.<\/p>\n<p data-mrf-recirculation=\"Links P\u00e1rrafos\" class=\"ue-c-article__paragraph paragraph\">El 9 de la plantilla txuriurdin sali\u00f3 desde el banquillo en las primeras dos jornadas, llegando su <strong>estreno como titular en Oviedo<\/strong>, en la tercera y \u00faltima que ha disputado en esta LaLiga, ya que <strong>se rompi\u00f3 y, tras estar seis semanas de baja, tuvo una reca\u00edda<\/strong> que le tiene ya cerca de tres meses sin estar a las \u00f3rdenes de Sergio.<\/p>\n<p data-mrf-recirculation=\"Links P\u00e1rrafos\" class=\"ue-c-article__paragraph paragraph\"><strong>\u00d3skarsson era una de las grandes esperanzas del nuevo t\u00e9cnico<\/strong> para tener un buen estreno con la Real,<strong> siendo otra de ellas Yangel Herrera<\/strong>, <strong>al que la Real fich\u00f3 lesionado<\/strong> a finales de agosto, con lo que va a hacer tres meses ya de su llegada a San Sebasti\u00e1n, un tiempo en el que <strong>s\u00f3lo ha participado en dos partidos, 90 minutos<\/strong> en total, al volver a lesionarse cuando hab\u00eda dejado atr\u00e1s el problema con el que vino del Girona.<\/p>\n<p>Rup\u00e9rez, \u00bfal quir\u00f3fano?<\/p>\n<p data-mrf-recirculation=\"Links P\u00e1rrafos\" class=\"ue-c-article__paragraph paragraph\">El venezolano y el island\u00e9s estar\u00e1n coincidiendo en la enfermer\u00eda de Zubieta con I\u00f1aki <strong>Rup\u00e9rez<\/strong>, el lateral derecho del filial llamado a competir por el puesto con Jon Mikel Aramburu, pero una <strong>lesi\u00f3n de rodilla<\/strong> justo al final de la preparaci\u00f3n del verano<strong> le tiene de baja<\/strong> desde entonces. Seg\u00fan ha podido saber MARCA, despu\u00e9s de m\u00e1s de tres meses de tratamiento conservador, el navarro <strong>podr\u00eda pasar dentro de poco por el quir\u00f3fano<\/strong>.<\/p>\n","protected":false},"excerpt":{"rendered":"Orri \u00d3skarsson alcanzar\u00e1 este domingo los tres meses seguidos y enteros sin disputar un partido con la Real&hellip;\n","protected":false},"author":2,"featured_media":262313,"comment_status":"","ping_status":"","sticky":false,"template":"","format":"standard","meta":{"footnotes":""},"categories":[268],"tags":[168,25,24,280,282,281,23,167],"class_list":{"0":"post-262312","1":"post","2":"type-post","3":"status-publish","4":"format-standard","5":"has-post-thumbnail","7":"category-futbol","8":"tag-deportes","9":"tag-es","10":"tag-espana","11":"tag-football","12":"tag-futbol","13":"tag-soccer","14":"tag-spain","15":"tag-sports"},"share_on_mastodon":{"url":"https:\/\/pubeurope.com\/@es\/115633941730339240","error":""},"_links":{"self":[{"href":"https:\/\/www.europesays.com\/es\/wp-json\/wp\/v2\/posts\/262312","targetHints":{"allow":["GET"]}}],"collection":[{"href":"https:\/\/www.europesays.com\/es\/wp-json\/wp\/v2\/posts"}],"about":[{"href":"https:\/\/www.europesays.com\/es\/wp-json\/wp\/v2\/types\/post"}],"author":[{"embeddable":true,"href":"https:\/\/www.europesays.com\/es\/wp-json\/wp\/v2\/users\/2"}],"replies":[{"embeddable":true,"href":"https:\/\/www.europesays.com\/es\/wp-json\/wp\/v2\/comments?post=262312"}],"version-history":[{"count":0,"href":"https:\/\/www.europesays.com\/es\/wp-json\/wp\/v2\/posts\/262312\/revisions"}],"wp:featuredmedia":[{"embeddable":true,"href":"https:\/\/www.europesays.com\/es\/wp-json\/wp\/v2\/media\/262313"}],"wp:attachment":[{"href":"https:\/\/www.europesays.com\/es\/wp-json\/wp\/v2\/media?parent=262312"}],"wp:term":[{"taxonomy":"category","embeddable":true,"href":"https:\/\/www.europesays.com\/es\/wp-json\/wp\/v2\/categories?post=262312"},{"taxonomy":"post_tag","embeddable":true,"href":"https:\/\/www.europesays.com\/es\/wp-json\/wp\/v2\/tags?post=262312"}],"curies":[{"name":"wp","href":"https:\/\/api.w.org\/{rel}","templated":true}]}}